{"id":6368,"date":"2023-03-29T22:51:19","date_gmt":"2023-03-29T20:51:19","guid":{"rendered":"https:\/\/normandielovers.fr\/bezoek-museum-baron-gerard-mahb-bayeux\/"},"modified":"2024-04-17T09:25:01","modified_gmt":"2024-04-17T07:25:01","slug":"bezoek-museum-baron-gerard-mahb-bayeux","status":"publish","type":"post","link":"https:\/\/normandielovers.fr\/nl\/bezoek-museum-baron-gerard-mahb-bayeux\/","title":{"rendered":"Bezoek het Baron G\u00e9rard Museum in Bayeux (MAHB): tips + foto&#8217;s"},"content":{"rendered":"\n<p class=\"wp-block-paragraph\">Plant u een reis naar Bayeux of omgeving? Ontdek het <strong>Baron G\u00e9rard Museum (MAHB<\/strong>), een referentie in Normandi\u00eb <strong>voor kunst en geschiedenis<\/strong>. Dit museum, gevestigd in een voormalig bisschoppelijk paleis, is een must als u door deze beroemde middeleeuwse stad aan de poort van de D-Day stranden rijdt.<br\/>Het herbergt verschillende <strong>collecties van de prehistorie tot de 20e<\/strong> eeuw met een chronologisch parcours in 14 etappes.<\/p>\n\n<p class=\"wp-block-paragraph\">In dit artikel geven wij u al <strong>onze praktische tips<\/strong> voor de organisatie van uw bezoek aan dit fascinerende en leerrijke museum, en vooral hoe u uw tijd daar <strong>optimaal <\/strong>kunt benutten!<\/p>\n\n<figure class=\"wp-block-image size-large\"><img decoding=\"async\" src=\"https:\/\/normandielovers.fr\/wp-content\/uploads\/2023\/03\/visit-museum-baron-gerard-mahb-bayeux.jpeg\" alt=\"Ontdek het Baron G&#xE9;rard Museum (MAHB), een referentie in Normandi&#xEB; voor kunst en geschiedenis. Dit museum, gevestigd in een bisschoppelijk paleis, is een must als u Bayeux bezoekt. Het herbergt verschillende collecties van de prehistorie tot de 20e eeuw met een chronologisch parcours in 14 etappes.\" class=\"wp-image-6220\"\/><\/figure>\n\n<p class=\"wp-block-paragraph\">Deze beoordeling is volledig <strong>onafhankelijk<\/strong>, wij bezochten het museum anoniem en betaalden onze toegangsprijs volledig.<\/p>\n\n<h2 class=\"wp-block-heading\">Waarom het Baron G\u00e9rard Museum in Bayeux bezoeken?<\/h2>\n\n<h3 class=\"wp-block-heading\">Is MAHB een bezoek waard?<\/h3>\n\n<p class=\"wp-block-paragraph\">Zonder twijfel was dit een van onze favoriete plekken in Bayeux! Het Baron G\u00e9rard Museum voor Kunst en Geschiedenis is gevestigd in het voormalige bisschoppelijk paleis van de stad. Dit museum, gelegen in het hart van de oude stad Bayeux, biedt een zeer hoogwaardige scenografie.<\/p>\n\n<ul class=\"wp-block-list\">\n<li>De chronologische rondgang combineert kunst en geschiedenis, van de prehistorie met het verschijnen van de eerste mensen tot de hedendaagse periode.<\/li>\n\n\n\n<li>De architectuur van het bisschoppelijk paleis waarin het museum is gevestigd, is een bezoek waard.<\/li>\n\n\n\n<li>Voor kunstliefhebbers worden in dit museum verschillende soorten antieke werken en voorwerpen tentoongesteld: schilderijen, keramiek, relikwie\u00ebn, stoffen&#8230;<\/li>\n<\/ul>\n\n<figure class=\"wp-block-image size-large\"><img decoding=\"async\" src=\"https:\/\/photos.smugmug.com\/photos\/i-9567wpr\/1\/062be449\/L\/i-9567wpr-L.jpg\" alt=\"Elementen van een monumentale poort uit de 3e eeuw, ontdekt tijdens archeologische opgravingen in de eerste helft van de 19e eeuw, tentoongesteld in het MAHB in Bayeux.\"\/><figcaption class=\"wp-element-caption\">Elementen van een monumentale poort uit de 3e eeuw, ontdekt tijdens archeologische opgravingen in de regio Bayeux in de eerste helft van de 19e eeuw.<\/figcaption><\/figure>\n\n<h3 class=\"wp-block-heading\">Waarom is het Baron G\u00e9rard Museum beroemd?<\/h3>\n\n<p class=\"wp-block-paragraph\">In het Baron G\u00e9rard Museum voor Kunst en Geschiedenis (MAHB) in Bayeux, dat wordt beschouwd als een referentiepunt voor kunst in de regio, zult u versteld staan van:<\/p>\n\n<ul class=\"wp-block-list\">\n<li>bijna 600 kunstwerken,<\/li>\n\n\n\n<li>duizend stuks porselein en kant ontworpen in Bayeux,<\/li>\n\n\n\n<li>honderden archeologische en etnologische overblijfselen.<\/li>\n<\/ul>\n\n<p class=\"wp-block-paragraph\">De rondleiding is georganiseerd rond 14 etappes om in dit weelderige bisschoppelijke paleis de verschillende tijdperken van de prehistorie tot de 20e eeuw te doorlopen.<\/p>\n\n<figure class=\"wp-block-image size-large\"><img decoding=\"async\" src=\"https:\/\/photos.smugmug.com\/photos\/i-P4rVmND\/1\/4975dc7a\/L\/i-P4rVmND-L.jpg\" alt=\"19e eeuwse tentoonstellingsruimte in het MAHB in Bayeux\"\/><\/figure>\n\n<h3 class=\"wp-block-heading\">Onze favoriete momenten in het museum<\/h3>\n\n<p class=\"wp-block-paragraph\">Later in het artikel zullen wij u meer vertellen. Maar omdat we echt van dit museum hielden, konden we het niet laten om u er nu een voorproefje van te geven. Wat we het leukst vonden aan het bezoek:<\/p>\n\n<ul class=\"wp-block-list\">\n<li>de vertrekken van het voormalige bisschoppelijk paleis met kapel en binnenplaats, waarvan de architectonische details zeer goed bewaard zijn gebleven,<\/li>\n\n\n\n<li>de zalen gewijd aan de geschiedenis van het kantwerk, een traditionele vaardigheid in Bayeux, met al zijn educatieve en interactieve dimensie,<\/li>\n\n\n\n<li>het gedeelte van de rondleiding gewijd aan het porselein van Bayeux met verschillende stijlen uit het begin van de 19e eeuw.<\/li>\n<\/ul>\n\n<figure class=\"wp-block-image size-large\"><img decoding=\"async\" src=\"https:\/\/photos.smugmug.com\/photos\/i-wfcrpnx\/1\/39fb7f5d\/L\/i-wfcrpnx-L.jpg\" alt=\"17e-eeuwse audi&#xEB;ntiezaal van de bisschop in het bisschoppelijk paleis van Bayeux in het MAHB.\"\/><figcaption class=\"wp-element-caption\">17e-eeuwse audi\u00ebntiezaal van de bisschop in het bisschoppelijk paleis van Bayeux in het MAHB.<\/figcaption><\/figure>\n\n<h3 class=\"wp-block-heading\">Een beetje geschiedenis<\/h3>\n\n<p class=\"wp-block-paragraph\">Bayeux is een stad met een zeer rijk historisch en artistiek erfgoed, dat teruggaat tot de Romeinse tijd, tot onze grote vreugde! Pas tijdens de Franse Revolutie van 1789 legde de gemeente een collectie voorwerpen en kunstwerken aan als behoudsmaatregel. Het doel? Onthulling aan het publiek van stukken religieus en adellijk erfgoed om de toegang tot geschiedenis en cultuur te bevorderen.  <\/p>\n\n<figure class=\"wp-block-image size-large\"><img decoding=\"async\" src=\"https:\/\/photos.smugmug.com\/photos\/i-kXkqX5S\/1\/cf95fac6\/L\/i-kXkqX5S-L.jpg\" alt=\"Buste van Marianne in het hof van het voormalige bisschoppelijk paleis van Bayeux (MAHB)\"\/><figcaption class=\"wp-element-caption\">Buste van Marianne in het hof van het voormalige bisschoppelijk paleis van Bayeux<\/figcaption><\/figure>\n\n<p class=\"wp-block-paragraph\">Aan het einde van de eerste helft van de 19e eeuw werd in het midden van de stad een eerste museum gebouwd met het beroemde Tapijt van Bayeux. In de loop van deze eeuw heeft de gemeente deze collecties aangevuld met schenkingen en legaten, en met de aankoop van kunstwerken. Helemaal aan het einde van deze eeuw van ingrijpende veranderingen en politieke instabiliteit in Frankrijk, was het baron Henri-Alexandre G\u00e9rard die het voortouw nam. Met een financi\u00eble en materi\u00eble schenking van 37 schilderijen uit zijn persoonlijke collectie werd een eerste tentoonstellingsruimte voor kunstobjecten gecre\u00eberd.<\/p>\n\n<figure class=\"wp-block-image size-large\"><img decoding=\"async\" src=\"https:\/\/photos.smugmug.com\/photos\/i-ZcgchpF\/1\/2a88f5ea\/L\/i-ZcgchpF-L.jpg\" alt=\"Olieverf op doek van de kathedraal Notre-Dame rond 1845 door Alexandre Le Couteulx, tentoongesteld in het MAHB in Bayeux.\"\/><figcaption class=\"wp-element-caption\">Olieverf op doek van de kathedraal Notre-Dame circa 1845 door Alexandre Le Couteulx  <\/figcaption><\/figure>\n\n<p class=\"wp-block-paragraph\">In 1901 opende het &#8220;Mus\u00e9e de l&#8217;H\u00f4tel de Ville&#8221; zijn deuren in het voormalige bisschoppelijk paleis van Bayeux. Het breidt geleidelijk uit naarmate de collecties groeien. Een eeuw later sloot dit museum helaas zijn deuren. Pas 12 jaar later, in 2013, werd de route van de tour volledig opnieuw ontworpen. Met gereorganiseerde chronologische etappes benadrukt de scenografie de weelde van het gebouw en de rijkdom van de kunstcollecties.<\/p>\n\n<figure class=\"wp-block-image size-large\"><img decoding=\"async\" src=\"https:\/\/photos.smugmug.com\/photos\/i-HVkvx4V\/1\/e8a8aea4\/L\/i-HVkvx4V-L.jpg\" alt=\"Fragmenten van een vaas met reli&#xEB;fversiering uit de oudheid, tentoongesteld in het MAHB in Bayeux.\"\/><figcaption class=\"wp-element-caption\">Fragmenten van een vaas met reli\u00ebfversiering uit de oudheid<\/figcaption><\/figure>\n\n<h2 class=\"wp-block-heading\">Praktische tips: Baron G\u00e9rard Museum voor Kunst en Geschiedenis (MAHB), Bayeux, Frankrijk<\/h2>\n\n<h3 class=\"wp-block-heading\">Waar is het MAHB gevestigd?<\/h3>\n\n<p class=\"wp-block-paragraph\">Het Baron G\u00e9rard Museum voor Kunst en Geschiedenis (MAHB) is gevestigd in 37 rue du Bienvenu in Bayeux (14400) in Normandi\u00eb.<\/p>\n\n<figure class=\"wp-block-image size-large\"><img decoding=\"async\" src=\"https:\/\/normandielovers.fr\/wp-content\/uploads\/2023\/02\/kaart-Bayeux-Normandie-1024x683.png\" alt=\"Kaart van Bayeux in Normandi&#xEB;\" class=\"wp-image-4289\"\/><\/figure>\n\n<ul class=\"wp-block-list\">\n<li>Rijtijd vanaf Le Havre: 1u45min.<\/li>\n\n\n\n<li>Rijtijd vanaf Deauville: 1u15min.<\/li>\n\n\n\n<li>Rijtijd vanaf Caen: 35min.<\/li>\n\n\n\n<li>Tijd vanaf Cabourg: 1u05min.<\/li>\n\n\n\n<li>Rijtijd vanaf Mont-Saint-Michel: 1u35min.<\/li>\n\n\n\n<li>Rijtijd vanaf Ouistreham: 50min.<\/li>\n<\/ul>\n\n<h3 class=\"wp-block-heading\">Hoe komt u daar?<\/h3>\n\n<p class=\"wp-block-paragraph\">De beste manier om Bayeux te bereiken is met de auto, maar de stad heeft een treinstation met regelmatige dagelijkse diensten.<\/p>\n\n<p class=\"wp-block-paragraph\"><a href=\"https:\/\/track.effiliation.com\/servlet\/effi.redir?id_compteur=22819431&amp;url=https%3A%2F%2Fwww.sncf-connect.com%2Fnl-nl%2F&amp;effi_id=NL\" target=\"_blank\" rel=\"noreferrer noopener sponsored nofollow\">Bekijk de beschikbare dienstregelingen en boek nu uw trein- en bustickets<\/a>.<\/p>\n\n<p class=\"wp-block-paragraph\">Het MAHB ligt in het hart van het oude Bayeux, op slechts 1 minuut lopen van de kathedraal Notre-Dame de Bayeux en op 5 minuten lopen van het Tapijtmuseum van Bayeux.  <\/p>\n\n<figure class=\"wp-block-image size-large\"><img decoding=\"async\" src=\"https:\/\/photos.smugmug.com\/photos\/i-wmJdps5\/1\/d0003b14\/L\/i-wmJdps5-L.jpg\" alt=\"Ingang van het MAHB in Bayeux\"\/><\/figure>\n\n<p class=\"wp-block-paragraph\">Eenmaal in de stad raden wij u aan te voet of met het toeristentreintje te gaan, want het museum ligt in enigszins smalle straatjes. Het kan moeilijk zijn om in dit gebied te parkeren.<\/p>\n\n<p class=\"wp-block-paragraph\">U zult ook veel plezier beleven aan het te voet ontdekken van dit gebied met zijn vakwerkhuizen en kleine geplaveide straatjes!<\/p>\n\n<div style=\"background-color:#d9e3de;margin-top:8%;margin-bottom:8%\" class=\"wp-block-genesis-blocks-gb-container box gb-block-container\"><div class=\"gb-container-inside\"><div class=\"gb-container-content\">\n<div class=\"wp-block-columns inverse box_planif has-background is-layout-flex wp-container-core-columns-is-layout-8f761849 wp-block-columns-is-layout-flex\" style=\"background-color:#d9e3de\">\n<div class=\"wp-block-column texte_planif is-layout-flow wp-block-column-is-layout-flow\" style=\"flex-basis:58%\">\n<h5 class=\"titre_box\" style=\"padding-top:10px\">ONS ADVIES VOOR HET <span>HUREN VAN EEN AUTO<\/span> IN<span class=\"titre_box_manuscrit\"> Normandi\u00eb<\/span><\/h5>\n\n\n\n<ul style=\"font-size:14px\" class=\"wp-block-list\">\n<li>Vergelijk prijzen op ons favoriete platform: <a href=\"https:\/\/www.discovercars.com\/nl\/france?a_aid=zigzag&amp;chan=NL\" target=\"_blank\" rel=\"noreferrer noopener\">DiscoverCars<\/a> &#8211; een van de best beoordeelde sites.<\/li>\n\n\n\n<li>Kies een <strong>auto die comfortabel genoeg is <\/strong>(de afstanden kunnen lang zijn) maar <strong>compact<\/strong> (sommige parkeerplaatsen en dorpen zijn smal).<\/li>\n\n\n\n<li>Vergeet niet om<strong>een uitgebreide verzekering<\/strong> af te sluiten (sommige wegen zijn bochtig en smal).<\/li>\n\n\n\n<li>Er is veel vraag naar, dus <strong>boek vroeg<\/strong>.<\/li>\n<\/ul>\n<\/div>\n\n\n\n<div class=\"wp-block-column planif-radius-2 is-layout-flow wp-block-column-is-layout-flow\" style=\"flex-basis:42%\">\n<figure class=\"wp-block-image size-full voiture_image\"><img loading=\"lazy\" decoding=\"async\" width=\"421\" height=\"533\" src=\"https:\/\/normandielovers.fr\/wp-content\/uploads\/2023\/05\/Yport_Normandie-3328.png\" alt=\"\" class=\"wp-image-7241\" title=\"\" srcset=\"https:\/\/normandielovers.fr\/wp-content\/uploads\/2023\/05\/Yport_Normandie-3328.png 421w, https:\/\/normandielovers.fr\/wp-content\/uploads\/2023\/05\/Yport_Normandie-3328-237x300.png 237w\" sizes=\"auto, (max-width: 421px) 100vw, 421px\" \/><\/figure>\n<\/div>\n<\/div>\n\n\n\n<div class=\"wp-block-genesis-blocks-gb-container gb-block-container\"><div class=\"gb-container-inside\"><div class=\"gb-container-content\">\n<div class=\"wp-block-columns planif_bouton is-layout-flex wp-container-core-columns-is-layout-8f761849 wp-block-columns-is-layout-flex\">\n<div class=\"wp-block-column is-layout-flow wp-block-column-is-layout-flow\">\n<div class=\"wp-block-buttons is-content-justification-center is-layout-flex wp-container-core-buttons-is-layout-fe48e5de wp-block-buttons-is-layout-flex\">\n<div class=\"wp-block-button\"><a class=\"wp-block-button__link has-white-color has-text-color has-custom-font-size wp-element-button\" href=\"https:\/\/www.discovercars.com\/nl\/france?a_aid=zigzag&amp;amp;chan=NL\" style=\"border-radius:4px;font-size:14px\" target=\"_blank\" rel=\"noreferrer noopener\">Beschikbare auto&#8217;s bekijken  <strong>   <\/strong><img decoding=\"async\" class=\"wp-image-3266 img_fleche\" style=\"width: 16px;  \" src=\"https:\/\/corsicalovers.fr\/wp-content\/uploads\/2023\/03\/ArrowRight.png\" alt=\"pijl\"\/><\/a><\/div>\n<\/div>\n<\/div>\n\n\n\n<div class=\"wp-block-column is-vertically-aligned-center is-layout-flow wp-block-column-is-layout-flow\">\n<p class=\"has-text-align-center wp-block-paragraph\" style=\"font-size:14px\"><strong><a href=\"https:\/\/normandielovers.fr\/nl\/hoe-auto-huren-frankrijk\/\" target=\"_blank\" rel=\"noreferrer noopener\">Bekijk al onze tips<\/a><\/strong><\/p>\n<\/div>\n<\/div>\n<\/div><\/div><\/div>\n<\/div><\/div><\/div>\n\n<h3 class=\"wp-block-heading\">Dienstregeling en prijzen<\/h3>\n\n<p class=\"wp-block-paragraph\">Tijdschema:<\/p>\n\n<ul class=\"wp-block-list\">\n<li>Februari tot april: van 10.00 tot 12.30 uur en van 14.00 tot 18.00 uur.<\/li>\n\n\n\n<li>Mei t\/m september: 9.30 tot 18.30 uur.<\/li>\n\n\n\n<li>Van oktober tot december: van 10 tot 12.30 uur en van 14 tot 18 uur.<\/li>\n<\/ul>\n\n<p class=\"wp-block-paragraph\">Het museum is gesloten op de middagen van 24 en 31 december, op 25 december en van 1 tot en met 31 januari.\nGeopend van 1 februari tot en met 31 december. <\/p>\n\n<p class=\"wp-block-paragraph\">De laatste toegang tot het museum is 45 minuten voor sluitingstijd. En tickets zijn alleen ter plaatse verkrijgbaar.  <\/p>\n\n<p class=\"wp-block-paragraph\">Tarieven:<\/p>\n\n<ul class=\"wp-block-list\">\n<li>Volle prijs: \u20ac 7,50<\/li>\n\n\n\n<li>Gereduceerd tarief: \u20ac5,50<\/li>\n\n\n\n<li>School-\/studententarief: \u20ac5<\/li>\n\n\n\n<li>Gratis voor kinderen jonger dan 10 jaar.<\/li>\n<\/ul>\n\n<p class=\"wp-block-paragraph\">Details over openingstijden en prijzen (vooral voor groepen) vindt u op de <a href=\"https:\/\/www.bayeuxmuseum.com\/musee-dart-et-dhistoire-baron-gerard\/infos-pratiques-mahb\/#horaires\" target=\"_blank\" rel=\"noreferrer noopener nofollow\">offici\u00eble website<\/a> van het museum.<\/p>\n\n<figure class=\"wp-block-image size-large\"><img decoding=\"async\" src=\"https:\/\/photos.smugmug.com\/photos\/i-gpbrMD8\/1\/acb454c7\/L\/i-gpbrMD8-L.jpg\" alt=\"Portret van de trag&#xE9;dienne Marguerite Weimer tentoongesteld in de Salle G&#xE9;rard van het MAHB in Bayeux.\"\/><figcaption class=\"wp-element-caption\">Portret van de trag\u00e9dienne Marguerite Weimer tentoongesteld in de Salle G\u00e9rard van het MAHB in Bayeux.<\/figcaption><\/figure>\n\n<h3 class=\"wp-block-heading\">Beste tijd om te bezoeken<\/h3>\n\n<p class=\"wp-block-paragraph\">In de ochtend of vroege middag is het iets minder druk in het museum. U krijgt ook meer tijd om te genieten van de 14 etappes van de chronologische route zonder u te haasten. Of wandel gewoon door de zalen volgens het thema van de rondleiding die u kiest!<\/p>\n\n<p class=\"wp-block-paragraph\">Zoals veel plaatsen in Normandi\u00eb zijn juli en augustus het hoogseizoen in Bayeux. Met meer dan 500.000 toeristen per jaar is het echter vermeldenswaard dat u ongeacht de periode altijd veel bezoekers tegenkomt, zelfs in het &#8220;laagseizoen&#8221;. Anderzijds moet worden opgemerkt dat van april tot juni en van september tot oktober de toeristische attracties iets minder vol zijn.<\/p>\n\n<figure class=\"wp-block-image size-large\"><img decoding=\"async\" src=\"https:\/\/photos.smugmug.com\/photos\/i-T3Hw9fb\/1\/2112abc5\/L\/i-T3Hw9fb-L.jpg\" alt=\"Trappen naar de tentoonstellingszalen vanaf de 17e eeuw op de MAHB-route in Bayeux\"\/><\/figure>\n\n<h3 class=\"wp-block-heading\">Duur van het bezoek en praktische informatie<\/h3>\n\n<p class=\"wp-block-paragraph\">Wij raden u aan 1u30 tot 2u uit te trekken, afhankelijk van uw passie voor kunst en geschiedenis. Elke etappe gewijd aan een bepaalde periode kan bestaan uit verschillende zalen met talrijke stukken en kunstvoorwerpen om te ontdekken.<\/p>\n\n<p class=\"wp-block-paragraph\">Hoewel er enkele trappen zijn, is het museum toegankelijk voor mensen met beperkte mobiliteit met hellingen en liften.  <\/p>\n\n<p class=\"wp-block-paragraph\">De toiletten bevinden zich langs de hele route. U vindt ze bijvoorbeeld zodra u het museum binnenkomt, net voor de eerste prehistorische zaal.<\/p>\n\n<p class=\"wp-block-paragraph\">Dit museum is opgenomen in de rondleidingen door Old Bayeux en het toeristisch treintje.<\/p>\n\n<figure class=\"wp-block-image size-large\"><img decoding=\"async\" src=\"https:\/\/photos.smugmug.com\/photos\/i-QFL3Mxn\/1\/499ecb10\/L\/i-QFL3Mxn-L.jpg\" alt=\"Trappen aan het begin van de chronologische rondgang van het MAHB in Bayeux\"\/><\/figure>\n\n<h3 class=\"wp-block-heading\">Tips voor een bezoek<\/h3>\n\n<p class=\"wp-block-paragraph\">Wij hebben ervoor gekozen de 14 etappes chronologisch te volgen vanaf de oorsprong tot de 20e eeuw, maar de richting van het bezoek is niet opgelegd. U kunt van de ene zaal naar de andere gaan zonder de rondleiding te volgen, en er is een gids beschikbaar als u het museum op eigen houtje wilt bezoeken.<\/p>\n\n<p class=\"wp-block-paragraph\">Het MAHB nodigt u ook uit om zijn thematische rondleidingen te volgen, twee in het bijzonder rond:<\/p>\n\n<ul class=\"wp-block-list\">\n<li>vrouwelijke kunstenaars in de collecties van het museum,<\/li>\n\n\n\n<li>genderstereotypen in de collecties van het museum.<\/li>\n<\/ul>\n\n<figure class=\"wp-block-image size-large\"><img decoding=\"async\" src=\"https:\/\/photos.smugmug.com\/photos\/i-fVHtWsr\/1\/7921c1b5\/L\/i-fVHtWsr-L.jpg\" alt=\"Werken uit de 17e eeuw tentoongesteld in het Baron G&#xE9;rard Museum (MAHB) in Bayeux.\"\/><\/figure>\n\n<p class=\"wp-block-paragraph\">Onderweg zijn ook educatieve boekjes beschikbaar. Zij zullen u in staat stellen bepaalde werken of kunstvoorwerpen beter te begrijpen.  <\/p>\n\n<figure class=\"wp-block-image size-large\"><img decoding=\"async\" src=\"https:\/\/photos.smugmug.com\/photos\/i-4n6ht8X\/1\/c292eb91\/L\/i-4n6ht8X-L.jpg\" alt=\"Educatieve boekjes verkrijgbaar bij het MAHB in Bayeux\"\/><\/figure>\n\n<h3 class=\"wp-block-heading\">MAHB met kinderen<\/h3>\n\n<p class=\"wp-block-paragraph\">Met kinderen: in een kinderwagen, draagzak of te voet, het bezoek zal gemakkelijk zijn met uw kleintjes.<\/p>\n\n<p class=\"wp-block-paragraph\">Het is ook een &#8220;gezinsvriendelijke&#8221; plaats wat betreft de scenografie en de aangeboden inhoud, met touch-screen tablets die in alle tentoonstellingszalen zijn ge\u00efnstalleerd. Er is een quiz voor de junioren. Het Baron G\u00e9rard Museum biedt ook een spelletjesboekje aan voor kinderen vanaf 7 jaar. Het doel? Stimuleer de ontdekking van haar collecties door alle doelgroepen!<\/p>\n\n<div style=\"background-color:#d9e3de;margin-top:8%;margin-bottom:8%\" class=\"wp-block-genesis-blocks-gb-container box gb-block-container\"><div class=\"gb-container-inside\"><div class=\"gb-container-content\" style=\"max-width:700px\">\n<div class=\"wp-block-genesis-blocks-gb-container box_titre gb-block-container\"><div class=\"gb-container-inside\"><div class=\"gb-container-content\">\n<h5 class=\"titre_box\" style=\"padding-top:10px;\"><span>WAAR TE OVERNACHTEN<\/span> IN <span class=\"titre_box_manuscrit\">Bayeux<\/span><\/h5>\n<\/div><\/div><\/div>\n\n\n\n<hr class=\"wp-block-separator has-text-color has-alpha-channel-opacity has-background is-style-wide hr-box-planif\" style=\"background-color:#ccd3dd;color:#ccd3dd\"\/>\n\n\n\n<div class=\"wp-block-columns box_sans_border is-layout-flex wp-container-core-columns-is-layout-8f761849 wp-block-columns-is-layout-flex\">\n<div class=\"wp-block-column texte_planif is-layout-flow wp-block-column-is-layout-flow\" style=\"font-size:14px;flex-basis:60%\">\n<p style=\"font-size:16px;\" class=\"option_titre2\"><strong><span>Optie 1:<\/span> Centraal en dicht bij het stadscentrum<\/strong><\/p>\n\n\n\n<p class=\"wp-block-paragraph\" style=\"font-size:14px\">Binnen 5 tot 10 minuten lopen van het historische centrum vindt u prachtige herenhuizen die zijn omgebouwd tot gezellige hotels en B&amp;B&#8217;s. Wij raden aan..:<\/p>\n\n\n\n<ul class=\"wp-block-list\">\n<li style=\"font-size:14px\"><strong>Hotel Domaine de Bayeux<\/strong> in een huis <sup>uit de 18e<\/sup> eeuw &#8211; <a href=\"https:\/\/www.booking.com\/hotel\/fr\/domaine-de-bayeux.html?aid=2281719\" target=\"_blank\" rel=\"noreferrer noopener sponsored nofollow\">zie prijzen, foto&#8217;s en beschikbaarheid<\/a>.<\/li>\n\n\n\n<li style=\"font-size:14px\"><strong>H\u00f4tel le Lion d&#8217;Or <\/strong>in een voormalig 18e eeuws postkantoor &#8211; <a href=\"https:\/\/www.booking.com\/hotel\/fr\/le-lion-d-or-bayeux.html?aid=2281719\" target=\"_blank\" rel=\"noreferrer noopener\">bekijk prijzen, foto&#8217;s, beschikbaarheid<\/a>.<\/li>\n<\/ul>\n<\/div>\n\n\n\n<div class=\"wp-block-column is-vertically-aligned-top planif-radius is-layout-flow wp-block-column-is-layout-flow\" style=\"flex-basis:40%\">\n<figure class=\"wp-block-image size-large img-portrait\"><img decoding=\"async\" src=\"https:\/\/photos.smugmug.com\/Normandie-Lovers\/Bayeux\/Hotels\/i-CxqSKxd\/1\/aae537a7\/L\/Domaine_Bayeux_hotel-08-L.jpg\" alt=\"Hotel Portinari\" title=\"\"\/><\/figure>\n<\/div>\n<\/div>\n\n\n\n<hr class=\"wp-block-separator has-text-color has-alpha-channel-opacity has-background is-style-wide hr-box-planif\" style=\"background-color:#ccd3dd;color:#ccd3dd\"\/>\n\n\n\n<div class=\"wp-block-columns box_sans_border is-layout-flex wp-container-core-columns-is-layout-8f761849 wp-block-columns-is-layout-flex\">\n<div class=\"wp-block-column texte_planif is-layout-flow wp-block-column-is-layout-flow\" style=\"flex-basis:60%\">\n<p style=\"font-size:16px\" class=\"option_titre\"><strong><span>Optie 2:<\/span> op het platteland<\/strong><\/p>\n\n\n\n<p class=\"wp-block-paragraph\" style=\"font-size:14px\">Het Normandische platteland is zeer groen en inspirerend. Bij de bocht in het bos of in de velden brengen mooie dorpjes met prachtige gebouwen u naar een andere wereld, of zelfs een ander tijdperk.<\/p>\n\n\n\n<ul class=\"wp-block-list\">\n<li class=\"ul_box\" style=\"font-size:14px\"><strong>H\u00f4tel <strong>Domaine de la Ran\u00e7onni\u00e8re<\/strong><\/strong>, op slechts 20 minuten van Bayeux &#8211;<strong> <a href=\"https:\/\/www.booking.com\/hotel\/fr\/ferme-de-la-ranconniere.html?aid=2281719\" target=\"_blank\" rel=\"noreferrer noopener sponsored nofollow\">bekijk prijzen, foto&#8217;s en beschikbaarheid<\/a><\/strong>.<\/li>\n<\/ul>\n<\/div>\n\n\n\n<div class=\"wp-block-column is-vertically-aligned-top planif-radius is-layout-flow wp-block-column-is-layout-flow\" style=\"flex-basis:40%\">\n<figure class=\"wp-block-image size-large img-portrait\"><img decoding=\"async\" src=\"https:\/\/photos.smugmug.com\/Normandie-Lovers\/Deauville\/Hotels\/i-pLTZ5RC\/0\/1ab44beb\/L\/Deauville%20Hotel%20Luxe%20Barriere%20Normandie-L.jpghttps:\/\/photos.smugmug.com\/Normandie-Lovers\/Debarquement\/Hotel-Ranconniere\/i-cLWdf4M\/1\/fd901000\/L\/ferme_ranconniere-05-2-L.jpg\" alt=\"Hotel Domaine de la Ran&#xE7;onniere\" title=\"\"\/><\/figure>\n<\/div>\n<\/div>\n\n\n\n<hr class=\"wp-block-separator has-text-color has-alpha-channel-opacity has-background is-style-wide hr-box-planif\" style=\"background-color:#ccd3dd;color:#ccd3dd\"\/>\n\n\n\n<div class=\"wp-block-columns box_sans_border is-layout-flex wp-container-core-columns-is-layout-8f761849 wp-block-columns-is-layout-flex\">\n<div class=\"wp-block-column texte_planif is-layout-flow wp-block-column-is-layout-flow\" style=\"flex-basis:60%\">\n<p style=\"font-size:16px\" class=\"option_titre\"><strong><span>Optie 3:<\/span> Aan zee<\/strong><\/p>\n\n\n\n<p class=\"wp-block-paragraph\" style=\"font-size:14px\">De kust ligt op slechts 15 minuten rijden van Bayeux. Adem de zeelucht in en geniet van de gemakkelijke toegang tot Bayeux en de D-Day stranden.<\/p>\n\n\n\n<ul class=\"wp-block-list\">\n<li class=\"ul_box\" style=\"font-size:14px\"><strong>H\u00f4tel Villas d&#8217;Arromanches<\/strong> &#8211; <a href=\"https:\/\/www.booking.com\/hotel\/fr\/le-chanteclair.fr.html?aid=2281719\" target=\"_blank\" rel=\"noreferrer noopener\">zie prijzen, foto&#8217;s en beschikbaarheid.<\/a><\/li>\n<\/ul>\n<\/div>\n\n\n\n<div class=\"wp-block-column is-vertically-aligned-top planif-radius is-layout-flow wp-block-column-is-layout-flow\" style=\"flex-basis:40%\">\n<figure class=\"wp-block-image size-large img-portrait\"><img decoding=\"async\" src=\"https:\/\/photos.smugmug.com\/Normandie-Lovers\/Arromanches-Gold-beach\/Villas-Arromanches\/i-73MvRzs\/1\/c0b55641\/L\/villas_Arromanches_hotel_bar-2-L.jpg\" alt=\"Villa d'Arromanches\" title=\"\"\/><\/figure>\n<\/div>\n<\/div>\n\n\n\n<p class=\"has-text-align-center liste_hotel wp-block-paragraph\" style=\"font-size:14px\"><a href=\"https:\/\/normandielovers.fr\/nl\/beste-hotel-bayeux-overnachten-beoordeling\/\" target=\"_blank\" rel=\"noreferrer noopener\">Bekijk al onze beoordelingen van de beste hotels in Bayeux<\/a><\/p>\n\n\n\n<div class=\"wp-block-buttons planif_bouton is-content-justification-center is-layout-flex wp-container-core-buttons-is-layout-fe48e5de wp-block-buttons-is-layout-flex\">\n<div class=\"wp-block-button\"><a class=\"wp-block-button__link has-white-color has-text-color has-custom-font-size wp-element-button\" href=\"https:\/\/www.booking.com\/searchresults.html?city=-1410836&amp;nflt=review_score%253D90%253Breview_score%253D80&amp;aid=2281719&amp;no_rooms=1&amp;group_adults=2\" style=\"border-radius:4px;font-size:14px\" target=\"_blank\" rel=\"noreferrer noopener\">Bekijk alle beschikbare hotels  <strong><img decoding=\"async\" class=\"wp-image-3266 img_fleche\" style=\"width: 16px;  \" src=\"https:\/\/corsicalovers.fr\/wp-content\/uploads\/2023\/03\/ArrowRight.png\" alt=\"pijl\"\/><\/strong><\/a><\/div>\n<\/div>\n<\/div><\/div><\/div>\n\n<h3 class=\"wp-block-heading\">Restaurants in de buurt<\/h3>\n\n<p class=\"wp-block-paragraph\">Bayeux is een stad waar u een goed aanbod aan restaurants vindt, voor alle smaken en stijlen! Hier is onze kleine selectie:<\/p>\n\n<ul class=\"wp-block-list\">\n<li><strong>Restaurant l&#8217;Acte 2<\/strong> &#8211; traditionele en authentieke Normandische keuken.<\/li>\n\n\n\n<li><strong>Restaurant L&#8217;Alchimie<\/strong> &#8211; een fusie van lokale en buitenlandse smaken.<\/li>\n\n\n\n<li><strong>Restaurant L&#8217;Alc\u00f4ve<\/strong> &#8211; gastronomische maaltijden in een gezellige sfeer.<\/li>\n\n\n\n<li><strong>Restaurant Le Moulin de la Galette<\/strong> &#8211; verse en lokale producten in een etablissement in het hart van het historische Bayeux.<\/li>\n\n\n\n<li><strong>Restaurant La Rapi\u00e8re <\/strong>&#8211; verfijnde seizoensgebonden keuken in een 16e eeuws decor.<\/li>\n\n\n\n<li><strong>Theesalon Les volets roses<\/strong> &#8211; voor een royale en gastronomische snack.<\/li>\n<\/ul>\n\n<div style=\"margin-top:8%;margin-bottom:8%\" class=\"wp-block-genesis-blocks-gb-container box gb-block-container\"><div class=\"gb-container-inside\"><div class=\"gb-container-content\">\n<div style=\"background-color:#fefefe;margin-top:6%;margin-bottom:6%\" class=\"wp-block-genesis-blocks-gb-container box gb-block-container\"><div class=\"gb-container-inside\"><div class=\"gb-container-content\" style=\"max-width:700px\">\n<div class=\"wp-block-columns inverse is-layout-flex wp-container-core-columns-is-layout-8f761849 wp-block-columns-is-layout-flex\">\n<div class=\"wp-block-column texte_planif is-layout-flow wp-block-column-is-layout-flow\" style=\"flex-basis:58%\">\n<h5 class=\"titre_box\">Ontvang onze <span class=\"titre_box_manuscrit\">nieuwsbrief<\/span><\/h5>\n\n\n\n<ul class=\"wp-block-list\">\n<li>Een frisse wind in uw dagelijkse leven op de prachtige bestemmingen van Region Lovers!<\/li>\n\n\n\n<li>Eenmaal per maand<\/li>\n\n\n\n<li>Reclamevrij<\/li>\n<\/ul>\n\n\n<script>\nvar gform;gform||(document.addEventListener(\"gform_main_scripts_loaded\",function(){gform.scriptsLoaded=!0}),document.addEventListener(\"gform\/theme\/scripts_loaded\",function(){gform.themeScriptsLoaded=!0}),window.addEventListener(\"DOMContentLoaded\",function(){gform.domLoaded=!0}),gform={domLoaded:!1,scriptsLoaded:!1,themeScriptsLoaded:!1,isFormEditor:()=>\"function\"==typeof InitializeEditor,callIfLoaded:function(o){return!(!gform.domLoaded||!gform.scriptsLoaded||!gform.themeScriptsLoaded&&!gform.isFormEditor()||(gform.isFormEditor()&&console.warn(\"The use of gform.initializeOnLoaded() is deprecated in the form editor context and will be removed in Gravity Forms 3.1.\"),o(),0))},initializeOnLoaded:function(o){gform.callIfLoaded(o)||(document.addEventListener(\"gform_main_scripts_loaded\",()=>{gform.scriptsLoaded=!0,gform.callIfLoaded(o)}),document.addEventListener(\"gform\/theme\/scripts_loaded\",()=>{gform.themeScriptsLoaded=!0,gform.callIfLoaded(o)}),window.addEventListener(\"DOMContentLoaded\",()=>{gform.domLoaded=!0,gform.callIfLoaded(o)}))},hooks:{action:{},filter:{}},addAction:function(o,r,e,t){gform.addHook(\"action\",o,r,e,t)},addFilter:function(o,r,e,t){gform.addHook(\"filter\",o,r,e,t)},doAction:function(o){gform.doHook(\"action\",o,arguments)},applyFilters:function(o){return gform.doHook(\"filter\",o,arguments)},removeAction:function(o,r){gform.removeHook(\"action\",o,r)},removeFilter:function(o,r,e){gform.removeHook(\"filter\",o,r,e)},addHook:function(o,r,e,t,n){null==gform.hooks[o][r]&&(gform.hooks[o][r]=[]);var d=gform.hooks[o][r];null==n&&(n=r+\"_\"+d.length),gform.hooks[o][r].push({tag:n,callable:e,priority:t=null==t?10:t})},doHook:function(r,o,e){var t;if(e=Array.prototype.slice.call(e,1),null!=gform.hooks[r][o]&&((o=gform.hooks[r][o]).sort(function(o,r){return o.priority-r.priority}),o.forEach(function(o){\"function\"!=typeof(t=o.callable)&&(t=window[t]),\"action\"==r?t.apply(null,e):e[0]=t.apply(null,e)})),\"filter\"==r)return e[0]},removeHook:function(o,r,t,n){var e;null!=gform.hooks[o][r]&&(e=(e=gform.hooks[o][r]).filter(function(o,r,e){return!!(null!=n&&n!=o.tag||null!=t&&t!=o.priority)}),gform.hooks[o][r]=e)}});\n<\/script>\n\n                <div class='gf_browser_gecko gform_wrapper gravity-theme gform-theme--no-framework waitlist_wrapper' data-form-theme='gravity-theme' data-form-index='0' id='gform_wrapper_3' >\n                        <div class='gform_heading'>\n                            <p class='gform_description'><\/p>\n                        <\/div><form method='post' enctype='multipart\/form-data'  id='gform_3' class='waitlist' action='\/nl\/wp-json\/wp\/v2\/posts\/6368' data-formid='3' novalidate>\n                        <div class='gform-body gform_body'><div id='gform_fields_3' class='gform_fields top_label form_sublabel_below description_below validation_below'><div id=\"field_3_5\" class=\"gfield gfield--type-honeypot gform_validation_container field_sublabel_below gfield--has-description field_description_below field_validation_below gfield_visibility_visible\"  ><label class='gfield_label gform-field-label' for='input_3_5'><span class='gform-field-label__text'>Name<\/span><\/label><div class='ginput_container'><input name='input_5' id='input_3_5' type='text' value='' autocomplete='new-password'\/><\/div><div class='gfield_description' id='gfield_description_3_5'>Dit veld is bedoeld voor validatiedoeleinden en moet niet worden gewijzigd.<\/div><\/div><div id=\"field_3_1\" class=\"gfield gfield--type-email gfield--input-type-email gfield_contains_required field_sublabel_below gfield--no-description field_description_below hidden_label field_validation_below gfield_visibility_visible\"  ><label class='gfield_label gform-field-label' for='input_3_1'><span class='gform-field-label__text'>E-mail<\/span><span class=\"gfield_required\"><span class=\"gfield_required gfield_required_text\">(Vereist)<\/span><\/span><\/label><div class='ginput_container ginput_container_email'>\n                            <input name='input_1' id='input_3_1' type='email' value='' class='large'    aria-required=\"true\" aria-invalid=\"false\"  \/>\n                        <\/div><\/div><fieldset id=\"field_3_3\" class=\"gfield gfield--type-consent gfield--type-choice gfield--input-type-consent gfield_contains_required field_sublabel_below gfield--no-description field_description_below hidden_label field_validation_below gfield_visibility_visible gfield--choice-align-vertical\"  ><legend class='gfield_label gform-field-label gfield_label_before_complex' ><span class='gform-field-label__text'>RGPD<\/span><span class=\"gfield_required\"><span class=\"gfield_required gfield_required_text\">(Vereist)<\/span><\/span><\/legend><div class='ginput_container ginput_container_consent'><input name='input_3.1' id='input_3_3_1' type='checkbox' value='1'   aria-required=\"true\" aria-invalid=\"false\"   \/> <label class=\"gform-field-label gform-field-label--type-inline gfield_consent_label\" for='input_3_3_1' ><span class='gform-field-label__text'>Ja, ik wil me abonneren op de maandelijkse nieuwsbrief<\/span><span class=\"gfield_required gfield_required_text\">(Vereist)<\/span><\/label><input type='hidden' name='input_3.2' value='Ja, ik wil me abonneren op de maandelijkse nieuwsbrief' class='gform_hidden' \/><input type='hidden' name='input_3.3' value='1' class='gform_hidden' \/><\/div><\/fieldset><div id=\"field_3_4\" class=\"gfield gfield--type-website gfield--input-type-website gfield--width-full field_sublabel_below gfield--no-description field_description_below field_validation_below gfield_visibility_hidden\"  ><div class=\"admin-hidden-markup\"><i class=\"gform-icon gform-icon--hidden\" aria-hidden=\"true\" title=\"Dit veld is verborgen bij het bekijken van het formulier\"><\/i><span>Dit veld is verborgen bij het bekijken van het formulier<\/span><\/div><label class='gfield_label gform-field-label' for='input_3_4'><span class='gform-field-label__text'>Site Web<\/span><\/label><div class='ginput_container ginput_container_website'>\n                    <input name='input_4' id='input_3_4' type='url' value='https:\/\/normandielovers.fr\/nl\/wp-json\/wp\/v2\/posts\/6368' class='large'    placeholder='https:\/\/'  aria-invalid=\"false\" \/>\n                <\/div><\/div><\/div><\/div>\n        <div class='gform-footer gform_footer top_label'> <button type='submit' id='gform_submit_button_3' class='gform_button button' onclick='gform.submission.handleButtonClick(this);' data-submission-type='submit' >Abonneer<\/button> \n            <input type='hidden' class='gform_hidden' name='gform_submission_method' data-js='gform_submission_method_3' value='postback' \/>\n            <input type='hidden' class='gform_hidden' name='gform_theme' data-js='gform_theme_3' id='gform_theme_3' value='gravity-theme' \/>\n            <input type='hidden' class='gform_hidden' name='gform_style_settings' data-js='gform_style_settings_3' id='gform_style_settings_3' value='{&quot;inputPrimaryColor&quot;:&quot;#204ce5&quot;}' \/>\n            <input type='hidden' class='gform_hidden' name='is_submit_3' value='1' \/>\n            <input type='hidden' class='gform_hidden' name='gform_submit' value='3' \/>\n            \n            <input type='hidden' class='gform_hidden' name='gform_currency' data-currency='EUR' value='YQnizyzFQ+kYVMimy+kVQ9hV9by\/WcCim1OCRuLcWfTcCgYb8A4A1tyMPSnszRHErG7sin1+xzyo27\/ko6fZ0d\/IPk78dPWcfEJ8F47bmEuJQ4k=' \/>\n            <input type='hidden' class='gform_hidden' name='gform_unique_id' value='' \/>\n            <input type='hidden' class='gform_hidden' name='state_3' value='WyJ7XCIzLjFcIjpcIjMxNjA2NDljOTQ4ZTZmNmVjNWZiNTY0Nzg5MTJjNGRkXCIsXCIzLjJcIjpcImFhMTkxYjlmNzIzMWQ0N2U3ODNhYTkzZjMyN2Y0ZWFjXCIsXCIzLjNcIjpcIjMxNjA2NDljOTQ4ZTZmNmVjNWZiNTY0Nzg5MTJjNGRkXCIsXCJnZm9ybV9zdWJtaXNzaW9uX21ldGhvZFwiOltcIjUwZWU1YzMzMjkwZjUzODljMjhjNDQyMTRhZDk1NThlXCIsXCJmZDY1ZjQxZGY4ZDk1OTM4OTExNzQ5NmIxYWRjZmZlZlwiXSxcImdmb3JtX3RoZW1lXCI6XCI0YTIzNjE1ZWRiMzZlNjI3OGVhZWQwMmM3M2NlYzEyYVwiLFwiZ2Zvcm1fc3R5bGVfc2V0dGluZ3NcIjpcIjE3M2I2M2M2YThjYzQ2NmMxMTM0Y2IwZDdiNzdmZjQ1XCIsXCJmb3JtX2lkXCI6XCIzZmNmMWEyOGMyOWY5ZTBhZjRjOWNjOTNjY2JmNmI1NVwiLFwidXJsXCI6XCI4Y2M4ZTc0NzM5OGQwZGY0NDlmYWFiNWJmNjUzOTA2ZlwiLFwic3RhdGVfdGltZXN0YW1wXCI6XCI5ZDA3YTdmNjZlNzQ2NTFhMmE0OGY5MWM2ZjNjMzIwNlwifSIsIjc0MWUzNWJkNzQ3ZWY3OTE5NTYzNDExNjljOTlmYTdjIiwxNzg4MTQ3ODc2XQ==' \/>\n            <input type='hidden' autocomplete='off' class='gform_hidden' name='gform_target_page_number_3' id='gform_target_page_number_3' value='0' \/>\n            <input type='hidden' autocomplete='off' class='gform_hidden' name='gform_source_page_number_3' id='gform_source_page_number_3' value='1' \/>\n            <input type='hidden' name='gform_field_values' value='' \/>\n            \n        <\/div>\n                        <\/form>\n                        <\/div><\/div>\n\n\n\n<div class=\"wp-block-column is-layout-flow wp-block-column-is-layout-flow\" style=\"flex-basis:42%\">\n<div class=\"wp-block-genesis-blocks-gb-container aligncenter newsletter-radius gb-block-container\"><div class=\"gb-container-inside\"><div class=\"gb-container-content\"><div class=\"wp-block-image newsletter-image\">\n<figure class=\"aligncenter size-full\"><img loading=\"lazy\" decoding=\"async\" width=\"729\" height=\"792\" src=\"https:\/\/normandielovers.fr\/wp-content\/uploads\/2024\/01\/newsletter_FR_2.png\" alt=\"\" class=\"wp-image-12777\" srcset=\"https:\/\/normandielovers.fr\/wp-content\/uploads\/2024\/01\/newsletter_FR_2.png 729w, https:\/\/normandielovers.fr\/wp-content\/uploads\/2024\/01\/newsletter_FR_2-276x300.png 276w\" sizes=\"auto, (max-width: 729px) 100vw, 729px\" \/><\/figure>\n<\/div><\/div><\/div><\/div>\n<\/div>\n<\/div>\n<\/div><\/div><\/div>\n<\/div><\/div><\/div>\n\n<h2 class=\"wp-block-heading\">Gevestigd in een bisschoppelijk paleis uit de 11e eeuw<\/h2>\n\n<p class=\"wp-block-paragraph\">De bijzonderheid van het Baron G\u00e9rard Museum voor Kunst en Geschiedenis (MAHB) is in de eerste plaats zijn locatie in het voormalige bisschoppelijk paleis van Bayeux. De bewaarde ruimtes van dit oude paleisgebouw dateren uit verschillende periodes. Als u de door het museum aangeboden chronologische route volgt, komt u eerst bij de oude middeleeuwse kapel.  <\/p>\n\n<h3 class=\"wp-block-heading\">De oude middeleeuwse kapel<\/h3>\n\n<p class=\"wp-block-paragraph\">Dit religieuze gebouw in gotische stijl werd opgericht in de 13e eeuw. Zodra u naar beneden gaat om de rondleiding te beginnen, net voor de prehistorische zalen, vergeet dan niet naar rechts te kijken. De muren van de kapel zijn zeer goed bewaard gebleven, met goten en hoge ramen. Oorspronkelijk herbergden zij een schip van meer dan 100 m2 dat versierd was met een binnenbekleding die lambrisering werd genoemd. Aan het begin van de Renaissance werd een nieuwe paleiskapel gebouwd, en twee eeuwen later werd deze religieuze ruimte een klokkengieterij.<\/p>\n\n<figure class=\"wp-block-image size-large\"><img decoding=\"async\" src=\"https:\/\/photos.smugmug.com\/photos\/i-kDrwDHF\/1\/eeb1fdab\/L\/i-kDrwDHF-L.jpg\" alt=\"Overblijfselen van de middeleeuwse kapel uit de 13e eeuw in het MAHB (Bayeux)\"\/><figcaption class=\"wp-element-caption\">Overblijfselen van de middeleeuwse kapel uit de 13e eeuw<\/figcaption><\/figure>\n\n<h3 class=\"wp-block-heading\">De rechtszaal veranderde in een tribunaal<\/h3>\n\n<p class=\"wp-block-paragraph\">Portretten van bisschoppen als wandversiering, deze zaal werd gebouwd in de 17e eeuw. Na de Franse Revolutie nam de gemeente Bayeux het paleis in beslag als nationaal bezit. De rechtszaal, die u op de eerste verdieping betreedt, werd vervolgens de rechtbank van eerste aanleg en van koophandel van Bayeux tot 1987.<\/p>\n\n<figure class=\"wp-block-image size-large\"><img decoding=\"async\" src=\"https:\/\/photos.smugmug.com\/photos\/i-JR4WzHb\/1\/01ac8b40\/L\/i-JR4WzHb-L.jpg\" alt=\"Voormalige bisschoppelijke rechtbank die tot 1987 de rechtbank van eerste aanleg en van koophandel van Bayeux werd.\"\/><\/figure>\n\n<p class=\"wp-block-paragraph\">Neem de tijd in deze kamer waar elk detail zijn belang en betekenis heeft. Het meubilair, de weegschaal, de buste van Marianne, het glas-in-loodraam dat het Burgerlijk Wetboek oproept&#8230; Al deze ornamenten dateren uit de 19e eeuw. We waren erg ge\u00efntimideerd door het idee om deze historische vloer te betreden. Als u omhoog kijkt, ziet u het indrukwekkende eikenhouten cassetteplafond, dat in de 17e eeuw werd gebouwd.<\/p>\n\n<figure class=\"wp-block-image size-large\"><img decoding=\"async\" src=\"https:\/\/photos.smugmug.com\/photos\/i-QZ7HX54\/1\/93fa4f47\/L\/i-QZ7HX54-L.jpg\" alt=\"Eikenhouten cassetteplafond uit de 17e eeuw in het voormalige bisschoppelijk paleis van Bayeux (MAHB)\"\/><\/figure>\n\n<h3 class=\"wp-block-heading\">De renaissancekapel<\/h3>\n\n<p class=\"wp-block-paragraph\">Als u uw bezoek voortzet, stuit u op de renaissancekapel die in de 16e eeuw door bisschop Louis de Canossa werd gebouwd. Deze kamer werd vanaf de 19e eeuw een beraadslagingsruimte voor de rechters die in de rechtbank zetelden.  <\/p>\n\n<p class=\"wp-block-paragraph\">De glas-in-loodramen hebben een band met een cyclus van motieven die rond de randen van elk bovenraam is weergegeven. Deze ramen brengen licht in de kapel en contrasteren met de donkere arcades.<\/p>\n\n<figure class=\"wp-block-image size-large\"><img decoding=\"async\" src=\"https:\/\/photos.smugmug.com\/photos\/i-4Mnfq6s\/1\/00ec66f7\/L\/i-4Mnfq6s-L.jpg\" alt=\"\"\/><figcaption class=\"wp-element-caption\">Gebrandschilderde ramen<\/figcaption><\/figure>\n\n<p class=\"wp-block-paragraph\">Als u naar het plafond kijkt, ziet u dat de achthoekige structuur van de kapel gewelven heeft die lijken op de kruisende ogieven uit de gotische periode. Maar in het midden, was het een ballet gedanst door een wolk van engeltjes? Bij nadere beschouwing van de schilderijen en de bewegingen van de figuren waren we in feite getuige van een concert van muzikale engelen. Ze tonen hun instrumenten en staan rond de armen van de opdrachtgever van dit fresco, Jacques d&#8217;Angennes, bisschop van Bayeux in de 17e eeuw.<\/p>\n\n<figure class=\"wp-block-image size-large\"><img decoding=\"async\" src=\"https:\/\/photos.smugmug.com\/photos\/i-x7VPh97\/1\/ca54c5e3\/L\/i-x7VPh97-L.jpg\" alt=\"De plafonddecoratie van de kapel bestaat uit 52 schilderijen uit de 17e eeuw, of Grand si&#xE8;cle, in het MAHB (Bayeux).\"\/><figcaption class=\"wp-element-caption\">Het plafond van de kapel is versierd met 52 schilderijen uit de Grote Eeuw.<\/figcaption><\/figure>\n\n<p class=\"wp-block-paragraph\">Als u de kapel verder bezoekt, ziet u twee zijdeuren die later in de 19e eeuw zijn aangebracht. Dit zijn kopie\u00ebn van de deuren van het herenhuis d&#8217;Escoville aan de Place Saint-Pierre in Caen uit de 16e eeuw. Wij waren gefascineerd door deze nauwgezette houtbewerking. Vermeldenswaard is dat de timmerlieden een fronton hebben gemaakt dat gewijd is aan het Laatste Oordeel en als u goed kijkt, ziet u op het tweede fronton de Apocalyps.  <\/p>\n\n<figure class=\"wp-block-image size-large\"><img decoding=\"async\" src=\"https:\/\/photos.smugmug.com\/photos\/i-fTnMvsx\/1\/12c33a8c\/L\/i-fTnMvsx-L.jpg\" alt=\"19e eeuwse zijdeur in de kapel van het bisschoppelijk paleis in Bayeux\"\/><figcaption class=\"wp-element-caption\">19e eeuwse zijdeur in de kapel van het bisschoppelijk paleis in Bayeux<\/figcaption><\/figure>\n\n<div style=\"background-color:#fefefe;margin-top:8%;margin-bottom:8%\" class=\"wp-block-genesis-blocks-gb-container box gb-block-container\"><div class=\"gb-container-inside\"><div class=\"gb-container-content\" style=\"max-width:700px\">\n<div class=\"wp-block-columns inverse is-layout-flex wp-container-core-columns-is-layout-8f761849 wp-block-columns-is-layout-flex\">\n<div class=\"wp-block-column texte_planif is-layout-flow wp-block-column-is-layout-flow\" style=\"flex-basis:58%\">\n<h5 class=\"titre_box\" style=\"padding-top:10px\">GEBRUIK ONZE GIDS OM EEN  <br\/><span>DROOMREIS<\/span> NAAR <span class=\"titre_box_manuscrit\">Normandi\u00eb<\/span><\/h5>\n\n\n\n<div class=\"wp-block-genesis-blocks-gb-container gb-block-container\"><div class=\"gb-container-inside\"><div class=\"gb-container-content\">\n<p class=\"wp-block-paragraph\" style=\"font-size:14px\">Alle informatie die u nodig hebt voor uw reis:<\/p>\n<\/div><\/div><\/div>\n\n\n\n<div class=\"wp-block-genesis-blocks-gb-container gb-block-container\"><div class=\"gb-container-inside\"><div class=\"gb-container-content\"><\/div><\/div><\/div>\n\n\n\n<ul style=\"font-size:14px\" id=\"liste_discover\" class=\"wp-block-list\">\n<li>8 kaarten die de planning vergemakkelijken<\/li>\n\n\n\n<li>160+ vooraf geselecteerde locaties<\/li>\n\n\n\n<li>Praktisch advies<\/li>\n\n\n\n<li>300+ foto&#8217;s om u te helpen kiezen<\/li>\n<\/ul>\n\n\n\n<div class=\"wp-block-buttons has-custom-font-size bouton_10 is-content-justification-center is-layout-flex wp-container-core-buttons-is-layout-f5f78b3b wp-block-buttons-is-layout-flex\" style=\"font-size:13px\">\n<div class=\"wp-block-button has-custom-font-size\" style=\"font-size:14px\"><a class=\"wp-block-button__link has-white-color has-text-color wp-element-button\" href=\"https:\/\/normandielovers.fr\/nl\/ebook-gids-roadtrip-normandie\/\" style=\"border-radius:4px\" target=\"_blank\" rel=\"noreferrer noopener\">Ontdek >><\/a><\/div>\n<\/div>\n<\/div>\n\n\n\n<div class=\"wp-block-column is-layout-flow wp-block-column-is-layout-flow\" style=\"flex-basis:42%\">\n<div class=\"wp-block-genesis-blocks-gb-container ebook-radius gb-block-container\"><div class=\"gb-container-inside\"><div class=\"gb-container-content\"><div class=\"wp-block-image ebook-image\">\n<figure class=\"aligncenter size-large is-resized\"><img decoding=\"async\" src=\"https:\/\/normandielovers.fr\/wp-content\/uploads\/2023\/03\/Box-Ebook-Normandie-NL.png\" alt=\"Box Ebook Corsica FR\" style=\"width:203px;height:157px\"\/><\/figure>\n<\/div><\/div><\/div><\/div>\n<\/div>\n<\/div>\n<\/div><\/div><\/div>\n\n<h2 class=\"wp-block-heading\">De kamers van de prehistorie tot de middeleeuwen<\/h2>\n\n<h3 class=\"wp-block-heading\">Tijdreizen: de prehistorische sectie van het MAHB<\/h3>\n\n<p class=\"wp-block-paragraph\">Laten we even terugspoelen, als u het niet erg vindt! U heeft besloten de route te volgen door de chronologie van de tijdperken te volgen? U begint met de prehistorische collecties. Van muurfresco&#8217;s tot archeologische overblijfselen die bij Bayeux zijn ontdekt, deze collecties bestrijken bijna 4000 jaar! Een kaart van de regio geeft informatie om u te helpen de openbaringen van de geologische exploratie te begrijpen.<\/p>\n\n<figure class=\"wp-block-image size-large\"><img decoding=\"async\" src=\"https:\/\/photos.smugmug.com\/photos\/i-xGGvr3D\/1\/7f0c7e2a\/L\/i-xGGvr3D-L.jpg\" alt=\"Verklarende panelen bij het MAHB in Bayeux\"\/><figcaption class=\"wp-element-caption\">Via talrijke verklarende panelen kunt u de ontdekkingen situeren in het ruimte-tijd universum, zoals hier te zien is voordat u de eerste prehistorische zaal binnengaat<\/figcaption><\/figure>\n\n<p class=\"wp-block-paragraph\">Meer dan 250.000 jaar geleden verzamelden Paleolithische jager-verzamelaars zich met tussenpozen in de buurt van Bayeux. Pas 8 millennia voor Christus werd de bewoning van de regio constanter en merkbaarder. De sedentarisatie van de mensen leidde tot de ontwikkeling van de landbouw. Verschillende overblijfselen getuigen van de toe-eigening van het grondgebied door deze volkeren als gemeenschap. Overblijfselen van neolithische grafmonumenten, fragmenten van bijlen of armbanden, vuurstenen, haken, keramiek van landbouwbedrijven&#8230; Zoveel prehistorische voorwerpen die u onderdompelen in deze door archeologen breed bestudeerde periode.<\/p>\n\n<figure class=\"wp-block-image size-large\"><img decoding=\"async\" src=\"https:\/\/photos.smugmug.com\/photos\/i-nC52gvH\/1\/4d2cbd44\/L\/i-nC52gvH-L.jpg\" alt=\"Prehistorische zaal in het Baron G&#xE9;rard Museum in Bayeux (MAHB)\"\/><\/figure>\n\n<h3 class=\"wp-block-heading\">De Gallo-Romeinse periode<\/h3>\n\n<p class=\"wp-block-paragraph\">Kent u <em>Augustodurum<\/em>? Nee, het is niet de naam van een personage uit het beroemde stripverhaal <em>Asterix en Obelix<\/em>, maar de naam van de oude stad Bayeux!  <\/p>\n\n<p class=\"wp-block-paragraph\">De Romeinen stichtten deze stad aan het begin van de 1e eeuw en noemden haar naar de Romeinse keizer Augustus. De ligging was strategisch voor de Romeinse garnizoenen, op het kruispunt van het Kanaal en de Cotentin-kusten, nabij de steden <em>Rotomagus<\/em> (Rouen) en <em>Vindunum<\/em> (Le Mans).<\/p>\n\n<figure class=\"wp-block-image size-large is-resized\"><img loading=\"lazy\" decoding=\"async\" src=\"https:\/\/photos.smugmug.com\/photos\/i-Q4m5sgF\/1\/25ce32df\/L\/i-Q4m5sgF-L.jpg\" alt=\"Interieurdecoratie van een domus uit het einde van de 1e eeuw, tentoongesteld in het MAHB in Bayeux.\" width=\"702\" height=\"526\"\/><figcaption class=\"wp-element-caption\">Interieurdecoratie van een <em>domus<\/em> uit het einde van de 1e eeuw<\/figcaption><\/figure>\n\n<p class=\"wp-block-paragraph\">In de regio zijn verschillende archeologische wonderen opgegraven, waarvan de meeste te zien zijn in het MAHB in Bayeux. Tot groot genoegen van onze ogen konden we deze duizend jaar oude overblijfselen bewonderen!  <\/p>\n\n<p class=\"wp-block-paragraph\">Zo dateert deze interieurdecoratie van een <em>domus<\/em> op de foto hierboven uit de late 1e eeuw. Deze fragmenten, die vanaf 1999 gedurende 11 jaar zijn gerestaureerd en bestudeerd, hebben het mogelijk gemaakt deze decoratie te reconstrueren met de bijna intacte oker- en aardkleuren die minstens drie kamers vormen. Het is een aanpassing van de stijl van de grote Italiaanse huizen uit die tijd.<\/p>\n\n<figure class=\"wp-block-image size-large\"><img decoding=\"async\" src=\"https:\/\/photos.smugmug.com\/photos\/i-rKJ5LtQ\/1\/276e607a\/L\/i-rKJ5LtQ-L.jpg\" alt=\"\"\/><\/figure>\n\n<p class=\"wp-block-paragraph\">Het Baron G\u00e9rard Museum (MAHB) is echt educatief, voor jong en oud, en wij vonden dit erg leuk! Ook zijn er langs de route touchscreens beschikbaar. U vindt meer details over bepaalde perioden of tentoonstellingen, zoals hierboven in de rubriek Gallo-Romeins.<\/p>\n\n<h3 class=\"wp-block-heading\">Middeleeuwen: van het verval van het Romeinse Rijk tot de Renaissance<\/h3>\n\n<p class=\"wp-block-paragraph\">Toen wij deze aan de Middeleeuwen gewijde zaal betraden, waren wij aangenaam verrast door de harmonie tussen het verleden en het heden in deze zaal. De gewelfde decoratie uit de 11e en 12e eeuw is namelijk bewaard gebleven, naast de tentoongestelde kunstvoorwerpen en archeologische overblijfselen. De bogen van de gewelven zijn gerestaureerd en voorzien van een recente coating, maar de stenen zuilen die de zaal ondersteunen zijn authentiek.  <\/p>\n\n<figure class=\"wp-block-image size-large\"><img decoding=\"async\" src=\"https:\/\/photos.smugmug.com\/photos\/i-GVZ6Tq4\/1\/3bbf9718\/L\/i-GVZ6Tq4-L.jpg\" alt=\"Middeleeuwse zaal in het MAHB in Bayeux\"\/><\/figure>\n\n<p class=\"wp-block-paragraph\">In deze zaal van het voormalige bisschoppelijk paleis worden de middeleeuwse, archeologische en religieuze collecties vergezeld van schilderijen uit de 19e eeuw. Waarom? Deze schilderijen, die samenvallen met de in deze afdeling tentoongestelde stukken en kunstvoorwerpen, illustreren historische gebeurtenissen uit de middeleeuwen. Een zeer originele scenografie waarbij kunstwerken een deel van het historische verhaal op een andere manier belichten.<\/p>\n\n<figure class=\"wp-block-image size-large\"><img decoding=\"async\" src=\"https:\/\/photos.smugmug.com\/photos\/i-MHKFGfv\/1\/e15d5c3e\/L\/i-MHKFGfv-L.jpg\" alt=\"Ooit in de oude baden van Bayeux, het hoofd van de godin Minerva tentoongesteld in het MAHB.\"\/><figcaption class=\"wp-element-caption\">Ooit in de oude baden van Bayeux, het hoofd van de godin Minerva tentoongesteld in het MAHB.<\/figcaption><\/figure>\n\n<p class=\"wp-block-paragraph\">Een ander imposant middelpunt op deze middeleeuwse route is de emblematische klok van Fontenailles. Wist u dat dit de oudste bel met inscripties in Frankrijk is? De klok is volledig in brons gegoten, en wij hebben ons geconcentreerd op de inscriptie. De tekst heeft een religieuze betekenis en bestaat uit lofprijzingen, gevolgd door de datum waarop de klok in 1202 werd gegoten.  <\/p>\n\n<figure class=\"wp-block-image size-large\"><img decoding=\"async\" src=\"https:\/\/photos.smugmug.com\/photos\/i-BHRWjdP\/1\/b1d6d043\/L\/i-BHRWjdP-L.jpg\" alt=\"De klok van Fontenailles in de middeleeuwse zaal van het MAHB in Bayeux.\"\/><figcaption class=\"wp-element-caption\">Tentoonstelling van de klok van Fontenailles, gegoten in 1202<\/figcaption><\/figure>\n\n<p class=\"wp-block-paragraph\">Sluit uw ogen. Waan u in de abdij van Longues-sur-Mer of in de kerk van Fontenailles, waar dit (grote) juweel zich bevond. In deze bucolische omgeving voert het geluid van rinkelende bronzen belletjes en meeuwen u mee. Bent u daar?<\/p>\n\n<figure class=\"wp-block-image size-large\"><img decoding=\"async\" src=\"https:\/\/photos.smugmug.com\/photos\/i-V86C3gj\/1\/e9ce114d\/L\/i-V86C3gj-L.jpg\" alt=\"13e eeuwse Fontenailles klok te zien in het MAHB in Bayeux\"\/><\/figure>\n\n<p class=\"wp-block-paragraph\">De Middeleeuwen waren ook het tijdperk van de kerstening, zoals blijkt uit de kunstvoorwerpen die we verderop op onze rondreis ontdekken! Het christendom raakte geleidelijk gevestigd onder de inwoners van Bayeux. Bovendien is de erfenis van het Romeinse Rijk in de liturgische en funeraire praktijken voelbaar in sommige van de tentoongestelde stukken, zoals de graven en sarcofagen. Daarentegen ontwikkelden de religieuze gebouwen zich vanaf de 8e eeuw.  <\/p>\n\n<figure class=\"wp-block-image size-large\"><img decoding=\"async\" src=\"https:\/\/photos.smugmug.com\/photos\/i-KxzCK39\/1\/9fc47f83\/L\/i-KxzCK39-L.jpg\" alt=\"Schaalmodellen van parochiekerken in de regio Bayeux in de Middeleeuwen, gemaakt van kalksteen in de 19e eeuw, tentoongesteld in het MAHB in Bayeux.\"\/><figcaption class=\"wp-element-caption\">Modellen van middeleeuwse parochiekerken in de regio van Bayeux, ontworpen in kalksteen in de 19e eeuw<\/figcaption><\/figure>\n\n<p class=\"wp-block-paragraph\">Met deze modellen van parochiekerken kunt u bijvoorbeeld de architectuur van die tijd visualiseren. Stelt u zich het belang voor van deze plek in het hart van het stadsleven, een dagelijks ritme van religieuze ceremonies en andere gebeurtenissen die in de kerk worden gevierd.  <\/p>\n\n<div style=\"background-color:#d9e3de;margin-top:8%;margin-bottom:8%\" class=\"wp-block-genesis-blocks-gb-container box texte_planif gb-block-container\"><div class=\"gb-container-inside\"><div class=\"gb-container-content\" style=\"max-width:700px\">\n<div class=\"wp-block-genesis-blocks-gb-container gb-block-container\"><div class=\"gb-container-inside\"><div class=\"gb-container-content\">\n<h5 class=\"titre_box\" style=\"padding-top:10px;\"><span>ONTDEK <\/span> <span class=\"titre_box_manuscrit\">Bayeux<\/span><\/h5>\n<\/div><\/div><\/div>\n\n\n\n<ul class=\"wp-block-list ul_box\">\n<li style=\"font-size:14px\"><a href=\"https:\/\/normandielovers.fr\/nl\/bayeux-bezienswaardigheden\/\" target=\"_blank\" rel=\"noreferrer noopener\">Bayeux bezienswaardigheden<\/a><\/li>\n\n\n\n<li style=\"font-size:14px\">Waar overnachten in Bayeux: <a href=\"https:\/\/normandielovers.fr\/nl\/beste-hotel-bayeux-overnachten-beoordeling\/\" target=\"_blank\" rel=\"noreferrer noopener\">onze beste hotels<\/a><\/li>\n\n\n\n<li style=\"font-size:14px\"><a href=\"https:\/\/normandielovers.fr\/nl\/auto-huren-bayeux\/\" target=\"_blank\" rel=\"noreferrer noopener\">Huur een auto in Bayeux<\/a><\/li>\n\n\n\n<li style=\"font-size:14px\">Waar te eten in Bayeux: <a href=\"https:\/\/normandielovers.fr\/nl\/beste-restaurants-bayeux-waar-eten-beordeling\/\" target=\"_blank\" rel=\"noreferrer noopener\">onze beste restaurants<\/a><\/li>\n\n\n\n<li style=\"font-size:14px\">Bezoek het <a href=\"https:\/\/normandielovers.fr\/nl\/bezoek-museum-tapijt-bayeux\/\" target=\"_blank\" rel=\"noreferrer noopener\">Tapijtmuseum van Bayeux<\/a><\/li>\n\n\n\n<li style=\"font-size:14px\">Bezoek het <a href=\"https:\/\/normandielovers.fr\/nl\/bezoek-museum-baron-gerard-mahb-bayeux\/\" target=\"_blank\" rel=\"noreferrer noopener\">Baron G\u00e9rard Museum voor Kunst en Geschiedenis<\/a><\/li>\n\n\n\n<li style=\"font-size:14px\">Bezoek het <a href=\"https:\/\/normandielovers.fr\/nl\/museum-memorial-slag-normandie-bayeux\/\" target=\"_blank\" rel=\"noreferrer noopener\">museum van de Slag om Normandi\u00eb<\/a><\/li>\n\n\n\n<li style=\"font-size:14px\">Ontdek de <a href=\"https:\/\/normandielovers.fr\/nl\/bayeux-kathedraal-notre-dame\/\" target=\"_blank\" rel=\"noreferrer noopener\">kathedraal Notre-Dame en Bayeux<\/a><\/li>\n\n\n\n<li style=\"font-size:14px\">Ontdek de <a href=\"https:\/\/normandielovers.fr\/nl\/britse-militaire-begraafplaats-bayeux\/\" target=\"_blank\" rel=\"noreferrer noopener\">Britse militaire begraafplaats<\/a> <\/li>\n<\/ul>\n<\/div><\/div><\/div>\n\n<h2 class=\"wp-block-heading\">Boven, van de Renaissance tot de Verlichting<\/h2>\n\n<h3 class=\"wp-block-heading\">De Renaissance, of de artistieke explosie<\/h3>\n\n<p class=\"wp-block-paragraph\">Vervolgens gaat u naar de periode van artistieke invloed, de Renaissance, die in de 14e eeuw in Itali\u00eb begon en in Europa eindigde tegen het einde van de 16e eeuw. U zult merken dat deze stroming in de Europese geschiedenis zeer sterk tot uiting komt in de schilderijen, in feite zijn verschillende schilderijen in dit deel van het museum tentoongesteld. Bovendien toont de opkomst van de portretkunst het belang dat nu aan het individu wordt gehecht.<\/p>\n\n<figure class=\"wp-block-image size-large\"><img decoding=\"async\" src=\"https:\/\/photos.smugmug.com\/photos\/i-ZZvrhnb\/1\/b04ba91d\/L\/i-ZZvrhnb-L.jpg\" alt=\"\"\/><figcaption class=\"wp-element-caption\">Werken uit de Hollandse school van een van de belangrijkste en meest vernieuwende Vlaamse schilders van de Renaissance Hugo Van Der Goes<\/figcaption><\/figure>\n\n<p class=\"wp-block-paragraph\">In deze zaal konden we door de opstelling van de verschillende werken, die door de verklarende panelen van het museum werden belicht, deze humanistische culturele stempel op het bisschoppelijk hof van Bayeux voelen. Een demonstratie van deze intellectuele opleving! De Renaissance was ook synoniem met de verspreiding van kennis dankzij de ontwikkeling van de drukpers.<\/p>\n\n<figure class=\"wp-block-image size-large\"><img decoding=\"async\" src=\"https:\/\/photos.smugmug.com\/photos\/i-qZ43N3C\/1\/ff8b70a7\/L\/i-qZ43N3C-L.jpg\" alt=\"Graven van de heer van Ryes Jacques Andr&#xE9; de Sainte-Croix en zijn vrouw Marie Davoust tentoongesteld in het MAHB in Bayeux.\"\/><figcaption class=\"wp-element-caption\">Ligfietsen van de heer van Ryes Jacques Andr\u00e9 de Sainte-Croix en zijn vrouw Marie Davoust<\/figcaption><\/figure>\n\n<p class=\"wp-block-paragraph\">De scenografie van dit deel van de tentoonstelling is een duidelijke indicatie van de hernieuwde aandacht voor de literatuur, filosofie en kunst van de Grieks-Romeinse oudheid. Net als hier, dankzij de beeldhouwkunst, werden we overweldigd door de finesse van deze kalkstenen grafbeelden uit het begin van de 16e eeuw. De nauwgezette beeldhouwkunst en de in gebed verbonden handen van de overledene verraden een vorm van sereniteit die uitgaat van deze echtgenoten uit de adelstand van Calvados. Ware meesterwerken van schoonheid voor het plezier van het oog!  <\/p>\n\n<figure class=\"wp-block-image size-large\"><img decoding=\"async\" src=\"https:\/\/photos.smugmug.com\/photos\/i-wCvXvCh\/1\/6330e89d\/L\/i-wCvXvCh-L.jpg\" alt=\"Voortzetting van de cursus in het MAHB in Bayeux\"\/><\/figure>\n\n<h3 class=\"wp-block-heading\">De klassieke revival van de 17e eeuw<\/h3>\n\n<p class=\"wp-block-paragraph\">In de 17e eeuw, die door de intellectuele en artistieke beweging ook wel de Grote Eeuw wordt genoemd, wordt de stad Bayeux overgenomen door de bisschoppelijke autoriteiten en vindt er een grootschalig urbanisatieplan plaats. U zult zien dat het fascinerende van deze verschillende zalen, naast het artistieke wonder, is dat de kunstwerken en voorwerpen echt een verhaal vertellen. In het bijzonder de gevolgen voor de stad Bayeux. Op deze verdieping vindt u een reconstructie van het stadsplan van deze Normandische stad in de 17e eeuw.<\/p>\n\n<figure class=\"wp-block-image size-large\"><img decoding=\"async\" src=\"https:\/\/photos.smugmug.com\/photos\/i-8MxWgbW\/1\/ef405565\/L\/i-8MxWgbW-L.jpg\" alt=\"Kaart van Bayeux in de 17e eeuw, tentoongesteld in het MAHB in Bayeux.\"\/><\/figure>\n\n<p class=\"wp-block-paragraph\">In de schilderscholen van de 17e eeuw ontstond een nieuwe stijl, aangevoerd door de kunstenaars Caravaggio in Itali\u00eb en Rembrandt in de Nederlanden: het clair-obscur. Achter de lens van onze camera probeerden wij de contrasten tussen de meer of minder belichte delen van bepaalde werken op te sporen om zo alle inhoud vast te leggen. Chiaroscuro is in feite een erfenis van het oude Griekenland die in de Middeleeuwen werd verlaten om vervolgens, zoals u in deze afdeling van het museum zult zien, tijdens de Renaissance opnieuw te worden verkend.  <\/p>\n\n<figure class=\"wp-block-image size-large\"><img decoding=\"async\" src=\"https:\/\/photos.smugmug.com\/photos\/i-fVHtWsr\/1\/7921c1b5\/L\/i-fVHtWsr-L.jpg\" alt=\"Schilderijen tentoongesteld in het MAHB in Bayeux\"\/><\/figure>\n\n<p class=\"wp-block-paragraph\">Op deze verdieping kunt u ook de vertrekken van het voormalige bisschoppelijk paleis bezoeken, zoals de rechtbank en de kapel, als u door de verschillende kamers op de verdieping loopt. Dankzij een aanraakscherm en een gedetailleerd boekje ontdekt u de geheimen van deze zalen waar hooggeplaatste personen hebben gecirculeerd en beraadslaagd om de geschiedenis van Bayeux te markeren.  <\/p>\n\n<figure class=\"wp-block-image size-large\"><img decoding=\"async\" src=\"https:\/\/photos.smugmug.com\/photos\/i-M9Q8bDT\/1\/86541b60\/L\/i-M9Q8bDT-L.jpg\" alt=\"Rechtszaal van het voormalige bisschoppelijk paleis van Bayeux (MAHB)\"\/><\/figure>\n\n<h3 class=\"wp-block-heading\">Tolerantie, vrijheid, gelijkheid: de sleutelwoorden van de Verlichting<\/h3>\n\n<p class=\"wp-block-paragraph\">We zijn nu in de 9e kamer van de rondleiding. Bent u nog steeds hier? De 18e eeuw in Bayeux is synoniem met een zeer actief economisch en artistiek leven. De burgerlijke klasse van Bayeux wordt geleidelijk aan betrokken bij de centrale beslissingen die de stad en haar bevolking dagelijks treffen. De adel van Bayeux daarentegen was meer gericht op het militaire vlak. Meer bepaald namen sommige officieren deel aan manoeuvres in het kamp van Vaussieux in Laag-Normandi\u00eb om het verloop van de Amerikaanse Onafhankelijkheidsoorlog in 1778 te be\u00efnvloeden ten gunste van Washington en de opstandelingen.  <\/p>\n\n<figure class=\"wp-block-image size-large\"><img decoding=\"async\" src=\"https:\/\/photos.smugmug.com\/photos\/i-hxr8L5X\/1\/0d5d352f\/L\/i-hxr8L5X-L.jpg\" alt=\"\"\/><\/figure>\n\n<p class=\"wp-block-paragraph\">Het tijdperk van de Verlichting was ook een tijd van artistieke vernieuwing op het gebied van versiering en decoratie. In deze sectie zult u merken dat veel antieke meubels, tekenen van rijkdom in huis, perfect bewaard zijn gebleven en de mode van de woonkamers benadrukken. Zoals deze prachtige ladekast uit de Lodewijk XVI-periode die hout, laag koper metaal en marmer combineert om zijn verfijning te laten schitteren.<\/p>\n\n<figure class=\"wp-block-image size-large\"><img decoding=\"async\" src=\"https:\/\/photos.smugmug.com\/photos\/i-8nVLSFL\/1\/91a2a704\/L\/i-8nVLSFL-L.jpg\" alt=\"Ladekast uit de Lodewijk XVI-periode, een combinatie van hout, laag kopermetaal en marmer, tentoongesteld in het MAHB in Bayeux.\"\/><\/figure>\n\n<p class=\"wp-block-paragraph\">Een andere Bayeuxse traditie is de keramiekkunst, die zowel om haar esthetiek als om haar praktische functie wordt gewaardeerd. Neem deze aardewerken potten die u in de etalage ziet staan. Zij vormen de farmacopee van de apotheker van het voormalige ziekenhuis van Bayeux. Waarom verschillen deze vormen van container tot container, zult u zich afvragen? Naast de artistieke wil die de ambachtsman drijft, wordt de vorm van de pot bepaald door het materiaal dat hij zal bevatten. De artistieke vindingrijkheid van die tijd is heel boeiend om waar te nemen in deze collectie aardewerk. En ja, kunst is niet alleen een object van beschouwing!<\/p>\n\n<figure class=\"wp-block-image size-large\"><img decoding=\"async\" src=\"https:\/\/photos.smugmug.com\/photos\/i-2Vd4K33\/1\/a82c22dc\/L\/i-2Vd4K33-L.jpg\" alt=\"Potten van aardewerk uit de 18e eeuw te zien in het MAHB in Bayeux\"\/><\/figure>\n\n<h2 class=\"wp-block-heading\">Een wandeling door de G\u00e9rardzaal in de 19e eeuw<\/h2>\n\n<p class=\"wp-block-paragraph\">U komt nu in het deel van het museum dat gewijd is aan de 19e eeuw, die synoniem is met politieke instabiliteit, revolutie, maar ook modernisering en de ontwikkeling van de industrie. De artistieke stroming van die tijd voelde de behoefte om de mysteries van de ziel en de menselijke gevoeligheid te onderzoeken, waaruit de romantiek ontstond. Een gevoel dat we ervoeren toen we de Gerard Room ontdekten.<\/p>\n\n<figure class=\"wp-block-image size-large\"><img decoding=\"async\" src=\"https:\/\/photos.smugmug.com\/photos\/i-gQF4MXG\/1\/5314bf17\/L\/i-gQF4MXG-L.jpg\" alt=\"Schilderij &quot;Hylas en de nimf&quot;, olieverf op doek van Fran&#xE7;ois G&#xE9;rard uit 1826, tentoongesteld in het MAHB in Bayeux.\"\/><figcaption class=\"wp-element-caption\"><em>Hylas en de nimf<\/em>, olieverf op doek door Fran\u00e7ois G\u00e9rard, 1826<\/figcaption><\/figure>\n\n<p class=\"wp-block-paragraph\">In de G\u00e9rardzaal zijn verschillende schilders te zien, maar het werk van Fran\u00e7ois G\u00e9rard, oom van de gulle gever van het museum en officieel schilder van Napoleon, trok onze aandacht. Deze portrettist van de keizerlijke familie liet zich inspireren door de Griekse mythologie door een van de nimfen af te beelden die verliefd wordt op Hylas, een van Jasons metgezellen bij zijn zoektocht naar het Gulden Vlies. De zoetheid van dit werk verblindde ons. Merk op hoe de kunstenaar op briljante wijze de romantiek van het tafereel onderstreept. Hij slaagt erin de tijd stil te zetten om deze twee wezens aan de rand van de waterval zichtbaar te maken. Een passie die nu in de schijnwerpers staat.  <\/p>\n\n<figure class=\"wp-block-image size-large\"><img decoding=\"async\" src=\"https:\/\/photos.smugmug.com\/photos\/i-VrdhLcp\/1\/9d3e8ce7\/L\/i-VrdhLcp-L.jpg\" alt=\"Portretten en antieke meubels in de Salle G&#xE9;rard uit de 19e eeuw, tentoongesteld in het MAHB in Bayeux.\"\/><figcaption class=\"wp-element-caption\">Portretten en antieke meubels in de G\u00e9rardzaal uit de 19e eeuw<\/figcaption><\/figure>\n\n<h2 class=\"wp-block-heading\">Normandi\u00eb in de 19e eeuw tussen kant en porselein<\/h2>\n\n<p class=\"wp-block-paragraph\">Als u de Salle G\u00e9rard verlaat, komt u eerst in de voormalige salon van Paul Albert de Luynes, bisschop van Bayeux op 26-jarige leeftijd. Neem de tijd om rond te kijken voordat u naar de etalages gaat. Achttiende-eeuws houtwerk siert alle muren van de kamer.<\/p>\n\n<figure class=\"wp-block-image size-large\"><img decoding=\"async\" src=\"https:\/\/photos.smugmug.com\/photos\/i-mvWK3gF\/1\/8fd2729f\/L\/i-mvWK3gF-L.jpg\" alt=\"Voormalige woonkamer van Paul Albert de Luynes, bisschop van Bayeux, in het MAHB in Bayeux\"\/><\/figure>\n\n<p class=\"wp-block-paragraph\">Hoe kunt u door Bayeux komen zonder de traditionele vaardigheden te ervaren: kant en keramiek! Productieprocessen, de geschiedenis van deze economische activiteiten, het mechanisme van de productie, al deze oude voorwerpen vertellen u de geheimen van deze prestigieuze en internationaal erkende vaardigheden.<\/p>\n\n<h3 class=\"wp-block-heading\">Kant van Bayeux<\/h3>\n\n<p class=\"wp-block-paragraph\">Dit is een van de onderdelen van de tour waar we bijzonder van genoten hebben! De scenografie is zeer esthetisch en echt leerzaam. U zult begrijpen hoe de kantactiviteit in Bayeux vanaf de 17e eeuw tot stand kwam op initiatief van de bisschoppelijke autoriteiten. U leert ook meer over het productieproces van uitzonderlijke stukken zoals deze rok die in 1870 werd ontworpen voor de bourgeoisie van die tijd. De zogenaamde ombr\u00e9kant geeft een vorm van reli\u00ebf aan pioenrozen, madeliefjes en andere planten die in zwarte zijde zijn geborduurd. Een indrukwekkend precisiewerk!<\/p>\n\n<figure class=\"wp-block-image size-large\"><img decoding=\"async\" src=\"https:\/\/photos.smugmug.com\/photos\/i-BpbB2dN\/1\/c38a8094\/L\/i-BpbB2dN-L.jpg\" alt=\"\"\/><figcaption class=\"wp-element-caption\">Bewonder de finesse van de rozen, margrieten en pioenen op dit unieke stuk van zijde en kant, gemaakt door Maison Lef\u00e9bure.<\/figcaption><\/figure>\n\n<p class=\"wp-block-paragraph\">De volgende kamer, even spectaculair in de uitgestalde stukken kant en borduurwerk, is zeer speels. Voor u, als u de kamer binnenkomt, leggen panelen de 5 fasen van het kantproces uit, van ontwerp tot montage.  <\/p>\n\n<figure class=\"wp-block-image size-large\"><img decoding=\"async\" src=\"https:\/\/photos.smugmug.com\/photos\/i-SsKRKLm\/1\/ec4f8f8c\/L\/i-SsKRKLm-L.jpg\" alt=\"Panelen met uitleg over het kantproces in het MAHB in Bayeux\"\/><\/figure>\n\n<p class=\"wp-block-paragraph\">Als u achter u kijkt, onthult een boekenkast met laden fragmenten van het decoratieve kantrepertoire uit die tijd, maar ook de belangrijkste families van kant die bestaan. Chantilly van zwarte zijde, Bayeux van linnen of wit katoen, of Blonde van ongebleekte zijde&#8230; Heel leerzaam, vindt u niet?<\/p>\n\n<figure class=\"wp-block-image size-large\"><img decoding=\"async\" src=\"https:\/\/photos.smugmug.com\/photos\/i-RS5wnqD\/1\/75ff6a63\/L\/i-RS5wnqD-L.jpg\" alt=\"19e eeuws kantfragment tentoongesteld in het MAHB in Bayeux\"\/><figcaption class=\"wp-element-caption\">Fragment van Chantilly-kant in zwarte zijde uit de 19e eeuw, tentoongesteld in het MAHB in Bayeux.<\/figcaption><\/figure>\n\n<h3 class=\"wp-block-heading\">Een bezoek aan de Salle Caillebotte<\/h3>\n\n<p class=\"wp-block-paragraph\">Aansluitend op deze zalen komt u nu in een zaal met 19e-eeuwse voorwerpen, de Caillebottezaal. Deze decoratieve en alledaagse voorwerpen, talrijke schilderijen van de kunstenaar Gustave Caillebotte en antieke meubels geven een meer traditioneel beeld van Normandi\u00eb in die tijd.<\/p>\n\n<figure class=\"wp-block-image size-large\"><img decoding=\"async\" src=\"https:\/\/photos.smugmug.com\/photos\/i-RFb3stW\/1\/4961fdd7\/L\/i-RFb3stW-L.jpg\" alt=\"Salle Caillebotte in het MAHB in Bayeux\"\/><\/figure>\n\n<h3 class=\"wp-block-heading\">Bayeux porselein, een essenti\u00eble vaardigheid<\/h3>\n\n<p class=\"wp-block-paragraph\">Een andere traditie van de stad Bayeux is porselein. In 1812 verhuisde de porseleinfabriek naar de stad, waar de productie zich tot 1951 sterk ontwikkelde, terwijl de verkoop van porseleinen stukken in Parijs plaatsvond. De streek van Bayeux is inderdaad een bron van grondstoffen die essentieel zijn voor de productie van porselein.<\/p>\n\n<figure class=\"wp-block-image size-large\"><img decoding=\"async\" src=\"https:\/\/photos.smugmug.com\/photos\/i-fXdwqWq\/1\/4f6416f5\/L\/i-fXdwqWq-L.jpg\" alt=\"Theekopjes, schoteltjes, potten, koffiepotten, slakkenborden en zelfs porseleinen inktpotten in het MAHB in Bayeux.\"\/><figcaption class=\"wp-element-caption\">Theekopjes, schoteltjes, potten, koffiepotten, slakkenborden en zelfs porseleinen inktpotten zijn te zien in deze zaal van het MAHB.<\/figcaption><\/figure>\n\n<p class=\"wp-block-paragraph\">Dompel u plotseling onder in het midden van de glazen ramen die deze kostbare porseleinen sets tentoonstellen en vergelijk de verschillende stijlen, kleuren, gravures en versieringen. Deze voorwerpen zijn echt een toonbeeld van de unieke knowhow van Bayeux.  <\/p>\n\n<figure class=\"wp-block-image size-large\"><img decoding=\"async\" src=\"https:\/\/photos.smugmug.com\/photos\/i-KPv9mSR\/1\/a371270a\/L\/i-KPv9mSR-L.jpg\" alt=\"Theeservies van porselein, tentoongesteld in het MAHB in Bayeux\"\/><figcaption class=\"wp-element-caption\">De eerste producties van Fran\u00e7ois Gosse in het midden van de 19e eeuw, aan het hoofd van een van de belangrijkste porseleinzaken in Parijs, &#8220;la Maison Deroche&#8221;, die hij later verliet om zich in Bayeux te vestigen.<\/figcaption><\/figure>\n\n<p class=\"wp-block-paragraph\">Een reeks panelen onthult de geschiedenis van deze unieke stukken en de inspiratiebronnen van hun ambachtslieden.  <\/p>\n\n<figure class=\"wp-block-image size-large\"><img decoding=\"async\" src=\"https:\/\/photos.smugmug.com\/photos\/i-NMb5HrJ\/1\/a0a0b8e2\/L\/i-NMb5HrJ-L.jpg\" alt=\"Zaal gewijd aan porselein in het MAHB in Bayeux\"\/><\/figure>\n\n<div style=\"margin-top:8%;margin-bottom:8%\" class=\"wp-block-genesis-blocks-gb-container box gb-block-container\"><div class=\"gb-container-inside\"><div class=\"gb-container-content\" style=\"max-width:700px\">\n<div class=\"wp-block-genesis-blocks-gb-container box_titre gb-block-container\"><div class=\"gb-container-inside\"><div class=\"gb-container-content\">\n<h5 class=\"titre_box\"><span>PLAN UW REIS<\/span> NAAR <span class=\"titre_box_manuscrit\">Normandi\u00eb<\/span><\/h5>\n<\/div><\/div><\/div>\n\n\n\n<hr class=\"wp-block-separator has-text-color has-alpha-channel-opacity has-background is-style-wide hr-box-planif\" style=\"background-color:#ccd3dd;color:#ccd3dd\"\/>\n\n\n\n<div class=\"wp-block-columns box_sans_border is-layout-flex wp-container-core-columns-is-layout-8f761849 wp-block-columns-is-layout-flex\">\n<div class=\"wp-block-column texte_planif is-layout-flow wp-block-column-is-layout-flow\" style=\"flex-basis:60%\">\n<p style=\"font-size:16px;margin-top:10px;\" class=\"option_titre2\"><strong><span><\/span>Inspiratie bestemmingen<\/strong><\/p>\n\n\n\n<ul class=\"wp-block-list\">\n<li style=\"font-size:14px\">Beslissen <a href=\"https:\/\/normandielovers.fr\/nl\/normandie-bestemmingen\/\" target=\"_blank\" rel=\"noreferrer noopener\">waarheen in Normandi\u00eb<\/a> &#8211; topbestemmingen<\/li>\n\n\n\n<li style=\"font-size:14px\">Onze weekendidee\u00ebn: <a href=\"https:\/\/normandielovers.fr\/nl\/idees-week-end-normandie\/\" target=\"_blank\" rel=\"noreferrer noopener\">best-of<\/a>, <a href=\"https:\/\/normandielovers.fr\/nl\/ideeen-romantisch-weekend-normandie\/\" target=\"_blank\" rel=\"noreferrer noopener\">romantisch<\/a>, <a href=\"https:\/\/normandielovers.fr\/nl\/weekend-ongewoon-normandie\/\" target=\"_blank\" rel=\"noreferrer noopener\">ongewoon<\/a>, <a href=\"https:\/\/normandielovers.fr\/nl\/weekend-aan-zee-normandie\/\" target=\"_blank\" rel=\"noreferrer noopener\">zee<\/a>, <a href=\"https:\/\/normandielovers.fr\/nl\/weekend-luxe-normandie\/\" target=\"_blank\" rel=\"noreferrer noopener\">luxe<\/a>, <a href=\"https:\/\/normandielovers.fr\/nl\/ideeen-weekend-familie-normandie\/\" target=\"_blank\" rel=\"noreferrer noopener\">familie<\/a><\/li>\n\n\n\n<li style=\"font-size:14px\"><a href=\"https:\/\/normandielovers.fr\/nl\/hotel-aan-zee-normandie-strand\/\" target=\"_blank\" rel=\"noreferrer noopener\">16 hotels aan zee in Normandi\u00eb<\/a><\/li>\n\n\n\n<li style=\"font-size:14px\"><a href=\"https:\/\/normandielovers.fr\/plus-beaux-hotels-charme-normandie-avis\/\" target=\"_blank\" rel=\"noreferrer noopener\">De mooiste charmehotels in Normandi\u00eb<\/a><\/li>\n<\/ul>\n<\/div>\n\n\n\n<div class=\"wp-block-column is-vertically-aligned-top planif-radius is-layout-flow wp-block-column-is-layout-flow\" style=\"flex-basis:40%\">\n<figure class=\"wp-block-image size-large img-portrait\"><img decoding=\"async\" src=\"https:\/\/photos.smugmug.com\/Travel\/Normandie\/Honfleur\/i-9B7t4h8\/0\/768041c8\/L\/Honfleur_coucher_soleil-15-L.jpg\" alt=\"\" title=\"\"\/><\/figure>\n<\/div>\n<\/div>\n\n\n\n<hr class=\"wp-block-separator has-text-color has-alpha-channel-opacity has-background is-style-wide hr-box-planif\" style=\"background-color:#ccd3dd;color:#ccd3dd\"\/>\n\n\n\n<div class=\"wp-block-columns box_sans_border is-layout-flex wp-container-core-columns-is-layout-8f761849 wp-block-columns-is-layout-flex\">\n<div class=\"wp-block-column texte_planif is-layout-flow wp-block-column-is-layout-flow\" style=\"flex-basis:60%\">\n<p style=\"font-size:16px;margin-top:10px;\" class=\"option_titre\"><strong><span s=\"\"><\/span>  Het beste van<\/strong><\/p>\n\n\n\n<ul class=\"wp-block-list\">\n<li style=\"font-size:14px\"><a href=\"https:\/\/normandielovers.fr\/nl\/normandie-bezienswaardigheden\/\" target=\"_blank\" rel=\"noreferrer noopener\">Normandi\u00eb bezienswaardigheden<\/a><\/li>\n\n\n\n<li style=\"font-size:14px\"><a href=\"https:\/\/normandielovers.fr\/nl\/mooiste-steden-normandie-stadjes\/\" target=\"_blank\" rel=\"noreferrer noopener\">De mooiste steden in Normandi\u00eb<\/a><\/li>\n\n\n\n<li style=\"font-size:14px\"><a href=\"https:\/\/normandielovers.fr\/nl\/mooiste-stranden-normandie\/\" target=\"_blank\" rel=\"noreferrer noopener\">De mooiste stranden van Normandi\u00eb<\/a><\/li>\n\n\n\n<li style=\"font-size:14px\"><a href=\"https:\/\/normandielovers.fr\/nl\/mooiste-dorpen-normandie\/\" target=\"_blank\" rel=\"noreferrer noopener\">De mooiste dorpen van Normandi\u00eb<\/a><\/li>\n\n\n\n<li style=\"font-size:14px\"><a href=\"https:\/\/normandielovers.fr\/nl\/kastelen-normandie\/\" target=\"_blank\" rel=\"noreferrer noopener\">De mooiste kastelen in Normandi\u00eb<\/a><\/li>\n\n\n\n<li style=\"font-size:14px\"><a href=\"https:\/\/normandielovers.fr\/nl\/abdijen-normandie\/\" target=\"_blank\" rel=\"noreferrer noopener\">De mooiste abdijen in Normandi\u00eb<\/a><\/li>\n\n\n\n<li style=\"font-size:14px\">Lees onze volledige gids voor <a href=\"https:\/\/normandielovers.fr\/nl\/mont-saint-michel-bezoeken\/\" target=\"_blank\" rel=\"noreferrer noopener\">een bezoek aan Mont-Saint-Michel<\/a><\/li>\n\n\n\n<li style=\"font-size:14px\">Ontdek de <a href=\"https:\/\/normandielovers.fr\/nl\/invasie-normandie-landinsplaaten\/\" target=\"_blank\" rel=\"noreferrer noopener\">landingsplaatsen<\/a><\/li>\n<\/ul>\n<\/div>\n\n\n\n<div class=\"wp-block-column is-vertically-aligned-top planif-radius is-layout-flow wp-block-column-is-layout-flow\" style=\"flex-basis:40%\">\n<figure class=\"wp-block-image size-large img-portrait\"><img decoding=\"async\" src=\"https:\/\/photos.smugmug.com\/Travel\/Normandie\/Etretat-falaise-aval\/i-T9X65rq\/7\/d9bf1b0c\/L\/falaises_etretat_normandie-6956-L.jpg\" alt=\"\" title=\"\"\/><\/figure>\n<\/div>\n<\/div>\n\n\n\n<hr class=\"wp-block-separator has-text-color has-alpha-channel-opacity has-background is-style-wide hr-box-planif\" style=\"background-color:#ccd3dd;color:#ccd3dd\"\/>\n\n\n\n<div class=\"wp-block-columns box_sans_border is-layout-flex wp-container-core-columns-is-layout-8f761849 wp-block-columns-is-layout-flex\">\n<div class=\"wp-block-column texte_planif is-layout-flow wp-block-column-is-layout-flow\" style=\"flex-basis:60%\">\n<p style=\"font-size:16px;margin-top:10px;\" class=\"option_titre\"><strong><span><\/span>  Praktijk<\/strong><\/p>\n\n\n\n<ul class=\"wp-block-list\">\n<li style=\"font-size:14px\"><a href=\"https:\/\/normandielovers.fr\/nl\/waar-overnachten-normandie-best-hotel\/\" target=\"_blank\" rel=\"noreferrer noopener\">Waar overnachten in Normandi\u00eb<\/a> &#8211; beste plaatsen en hotels<\/li>\n\n\n\n<li style=\"font-size:14px\">Bekijk onze tips voor het huren van een auto op <a href=\"https:\/\/normandielovers.fr\/nl\/auto-huren-cdg-luchthaven-parijs\/\" target=\"_blank\" rel=\"noreferrer noopener\">de luchthavens CDG<\/a>, <a href=\"https:\/\/normandielovers.fr\/nl\/auto-huuern-orly-luchthaven-paris\/\" target=\"_blank\" rel=\"noreferrer noopener\">Orly<\/a>, <a href=\"https:\/\/normandielovers.fr\/nl\/auto-huren-beauvais-luchthaven\/\" target=\"_blank\" rel=\"noreferrer noopener\">Beauvais<\/a>, <a href=\"https:\/\/normandielovers.fr\/nl\/autoverhuur-caen\/\" target=\"_blank\" rel=\"noreferrer noopener\">Caen<\/a>, <a href=\"https:\/\/normandielovers.fr\/nl\/auto-huren-rouen-treinstation\/\" target=\"_blank\" rel=\"noreferrer noopener\">Rouen<\/a>, <a href=\"https:\/\/normandielovers.fr\/nl\/auto-huren-bayeux\/\" target=\"_blank\" rel=\"noreferrer noopener\">Bayeux<\/a>&#8230;<\/li>\n<\/ul>\n<\/div>\n\n\n\n<div class=\"wp-block-column is-vertically-aligned-top planif-radius is-layout-flow wp-block-column-is-layout-flow\" style=\"flex-basis:40%\">\n<figure class=\"wp-block-image size-large img-portrait\"><img decoding=\"async\" src=\"https:\/\/photos.smugmug.com\/Normandie-Lovers\/Bayeux\/Ville\/i-7m2kFVR\/1\/ca62aa6c\/L\/Bayeux_ville-12-3-L.jpg\" alt=\"\" title=\"\"\/><\/figure>\n<\/div>\n<\/div>\n\n\n\n<div class=\"wp-block-buttons planif_bouton is-content-justification-center is-layout-flex wp-container-core-buttons-is-layout-fe48e5de wp-block-buttons-is-layout-flex\">\n<div class=\"wp-block-button has-custom-font-size\" style=\"font-size:14px\"><a class=\"wp-block-button__link has-white-color has-text-color wp-element-button\" href=\"https:\/\/normandielovers.fr\/nl\/roadtrip-normandie-riestips\/\" style=\"border-radius:4px\" target=\"_blank\" rel=\"noreferrer noopener\">Bekijk al onze adviezen  <img decoding=\"async\" class=\"wp-image-3266 img_fleche\" style=\"width: 16px;  \" src=\"https:\/\/corsicalovers.fr\/wp-content\/uploads\/2023\/03\/ArrowRight.png\" alt=\"pijl\"\/><\/a><\/div>\n<\/div>\n\n\n\n<div class=\"wp-block-genesis-blocks-gb-container box-texte gb-block-container\"><div class=\"gb-container-inside\"><div class=\"gb-container-content\"><\/div><\/div><\/div>\n<\/div><\/div><\/div>\n\n<h2 class=\"wp-block-heading\">Afsluiting met de grote omwentelingen van de 20e eeuw<\/h2>\n\n<p class=\"wp-block-paragraph\">U komt nu in het laatste grote deel van de chronologische rondgang: het deel dat gewijd is aan de 20e eeuw. Een eeuw van grote omwentelingen gekenmerkt door twee wereldoorlogen, industrialisatie en economische crises. Het eclecticisme van de kunsten zal u helpen deze grote veranderingen te ontcijferen vanuit een hedendaags perspectief.  <\/p>\n\n<figure class=\"wp-block-image size-large\"><img decoding=\"async\" src=\"https:\/\/photos.smugmug.com\/photos\/i-Kqcm8kC\/1\/a75e2841\/L\/i-Kqcm8kC-L.jpg\" alt=\"Zaal van de 20e eeuw in het MAHB in Bayeux\"\/><\/figure>\n\n<p class=\"wp-block-paragraph\">Tussen aardewerk, schilderkunst en fotografie beschikt u over een paneel met kunstwerken waarmee u zich het leven in Bayeux begin 1900 kunt voorstellen. Bayeux, een stad met minder dan 8.000 inwoners, werd sterk getroffen door de leegloop van het platteland en de arbeidersklasse. Voor de Der des Der, of Eerste Wereldoorlog, treedt de stad de moderne wereld binnen. De komst van elektriciteit, stromend water en de aanleg van een spoorwegnet betekende het begin van een nieuw tijdperk en de ontwikkeling van het toerisme.<\/p>\n\n<figure class=\"wp-block-image size-large\"><img decoding=\"async\" src=\"https:\/\/photos.smugmug.com\/photos\/i-mjjZcM9\/1\/dcc114ef\/L\/i-mjjZcM9-L.jpg\" alt=\"Foto's van Bayeux in de 20e eeuw te zien in het MAHB in Bayeux\"\/><\/figure>\n\n<p class=\"wp-block-paragraph\">Zoals u hierboven en tijdens uw wandeling door deze zaal kunt zien, toont een reeks foto&#8217;s de ontwikkeling van de stad in verschillende tijden.<\/p>\n\n<p class=\"wp-block-paragraph\">De twee wereldoorlogen spaarden de stad Bayeux, die aan de bombardementen ontsnapte, maar deze twee ongekende wereldconflicten drukten hun stempel op de geesten van de mensen. De schilderijen van Roland Lefranc, een schilder en lithograaf uit Calvados in het midden van de 20e eeuw, die u in de zaal ziet hangen, spreken voor zich.<\/p>\n\n<figure class=\"wp-block-image size-large\"><img decoding=\"async\" src=\"https:\/\/photos.smugmug.com\/photos\/i-bWNZqxN\/1\/fd9e7b52\/L\/i-bWNZqxN-L.jpg\" alt=\"\"\/><\/figure>\n\n<div style=\"background-color:#fefefe;margin-top:8%;margin-bottom:8%\" class=\"wp-block-genesis-blocks-gb-container box gb-block-container\"><div class=\"gb-container-inside\"><div class=\"gb-container-content\" style=\"max-width:700px\">\n<div class=\"wp-block-columns inverse is-layout-flex wp-container-core-columns-is-layout-8f761849 wp-block-columns-is-layout-flex\">\n<div class=\"wp-block-column texte_planif is-layout-flow wp-block-column-is-layout-flow\" style=\"flex-basis:58%\">\n<h5 class=\"titre_box\" style=\"padding-top:10px\">GEBRUIK ONZE GIDS OM EEN  <br\/><span>DROOMREIS<\/span> NAAR <span class=\"titre_box_manuscrit\">Normandi\u00eb<\/span><\/h5>\n\n\n\n<div class=\"wp-block-genesis-blocks-gb-container gb-block-container\"><div class=\"gb-container-inside\"><div class=\"gb-container-content\">\n<p class=\"wp-block-paragraph\" style=\"font-size:14px\">Alle informatie die u nodig hebt voor uw reis:<\/p>\n<\/div><\/div><\/div>\n\n\n\n<div class=\"wp-block-genesis-blocks-gb-container gb-block-container\"><div class=\"gb-container-inside\"><div class=\"gb-container-content\"><\/div><\/div><\/div>\n\n\n\n<ul style=\"font-size:14px\" id=\"liste_discover\" class=\"wp-block-list\">\n<li>8 kaarten die de planning vergemakkelijken<\/li>\n\n\n\n<li>160+ vooraf geselecteerde locaties<\/li>\n\n\n\n<li>Praktisch advies<\/li>\n\n\n\n<li>300+ foto&#8217;s om u te helpen kiezen<\/li>\n<\/ul>\n\n\n\n<div class=\"wp-block-buttons has-custom-font-size bouton_10 is-content-justification-center is-layout-flex wp-container-core-buttons-is-layout-f5f78b3b wp-block-buttons-is-layout-flex\" style=\"font-size:13px\">\n<div class=\"wp-block-button has-custom-font-size\" style=\"font-size:14px\"><a class=\"wp-block-button__link has-white-color has-text-color wp-element-button\" href=\"https:\/\/normandielovers.fr\/nl\/ebook-gids-roadtrip-normandie\/\" style=\"border-radius:4px\" target=\"_blank\" rel=\"noreferrer noopener\">Ontdek >><\/a><\/div>\n<\/div>\n<\/div>\n\n\n\n<div class=\"wp-block-column is-layout-flow wp-block-column-is-layout-flow\" style=\"flex-basis:42%\">\n<div class=\"wp-block-genesis-blocks-gb-container ebook-radius gb-block-container\"><div class=\"gb-container-inside\"><div class=\"gb-container-content\"><div class=\"wp-block-image ebook-image\">\n<figure class=\"aligncenter size-large is-resized\"><img decoding=\"async\" src=\"https:\/\/normandielovers.fr\/wp-content\/uploads\/2023\/03\/Box-Ebook-Normandie-NL.png\" alt=\"Box Ebook Corsica FR\" style=\"width:203px;height:157px\"\/><\/figure>\n<\/div><\/div><\/div><\/div>\n<\/div>\n<\/div>\n<\/div><\/div><\/div>\n\n<h2 class=\"wp-block-heading\">De thematische reizen van MAHB<\/h2>\n\n<h3 class=\"wp-block-heading\">Zelf de collecties ontdekken<\/h3>\n\n<p class=\"wp-block-paragraph\">Wij kozen ervoor om door het museum te lopen in de chronologische richting van de 14 stadia van de geschiedenis. U kunt er echter ook voor kiezen om de collecties van het museum op eigen houtje te verkennen. Aarzel niet om meer informatie te vragen bij de receptie wanneer u aankomt bij het MAHB.<\/p>\n\n<figure class=\"wp-block-image size-large\"><img decoding=\"async\" src=\"https:\/\/photos.smugmug.com\/photos\/i-mSfqCN4\/1\/f1e1ce95\/L\/i-mSfqCN4-L.jpg\" alt=\"Olieverf op doek &quot;IJdelheid&quot; van de Renaissance schilder Gillis Coignet, een schilderij uit het kasteel van Torigny in Manche.\"\/><figcaption class=\"wp-element-caption\">Ontdek de olieverf op doek van <em>de<\/em> schilder Gillis Coignet uit de Renaissance, een schilderij uit het kasteel van Torigny in Manche.<\/figcaption><\/figure>\n\n<h3 class=\"wp-block-heading\">Vrouwelijke kunstenaars in de collecties van het MAHB<\/h3>\n\n<p class=\"wp-block-paragraph\">Ook het Baron G\u00e9rard Museum eert de vrouwelijke kunst in zijn collecties. Dit is een van de thematische routes die u kunt kiezen om de geschiedenis van deze vrouwelijke kunstenaars op Europese schaal te volgen. Tot het midden van de 17e eeuw bleven vrouwen onzichtbaar in de artistieke wereld. In de middeleeuwse samenleving tot aan de Revolutie van 1789 hadden ze moeite om een plaats te vinden in de kunst. MAHB viert hun creatieve genialiteit met een reeks stukken en kunstobjecten die door vrouwen worden gedragen.<\/p>\n\n<figure class=\"wp-block-image size-large\"><img decoding=\"async\" src=\"https:\/\/photos.smugmug.com\/photos\/i-grGcxJn\/1\/9ab33f44\/L\/i-grGcxJn-L.jpg\" alt=\"Olieverf op doek &quot;The Red Shawl&quot; door Amy Katherine Browning, gemaakt rond 1912, tentoongesteld in het MAHB in Bayeux.\"\/><figcaption class=\"wp-element-caption\">Olieverf op doek <em>De rode sjaal<\/em> door Amy Katherine Browning, circa 1912<\/figcaption><\/figure>\n\n<h3 class=\"wp-block-heading\">Genderstereotypen in de collecties<\/h3>\n\n<p class=\"wp-block-paragraph\">Kunst weerspiegelt ook de geschiedenis van samenlevingen en hun evolutie. Het vormt modellen of kaders, waarvan sommige min of meer verankerd zijn. Deze originele maar niet-exhaustieve rondleiding illustreert de genderstereotypen waarvan wij getuige waren tijdens ons bezoek aan de collecties van het museum. Verleidster, heilige, moeder&#8230; U zult merken dat vrouwen soms worden onderworpen aan maatschappelijke normen en vooroordelen, gereduceerd tot \u00e9\u00e9n persoonlijkheidskenmerk. Welke route kiest u?<\/p>\n\n<figure class=\"wp-block-image size-large\"><img decoding=\"async\" src=\"https:\/\/photos.smugmug.com\/photos\/i-Qh7kmbk\/1\/93a7f10f\/L\/i-Qh7kmbk-L.jpg\" alt=\"Olieverf op doek Portretten op het platteland van Gustave Caillebotte uit 1876, tentoongesteld in het MAHB in Bayeux.\"\/><figcaption class=\"wp-element-caption\">Olieverf op doek <em>Portretten op het platteland<\/em> door Gustave Caillebotte, 1876<\/figcaption><\/figure>\n","protected":false},"excerpt":{"rendered":"<p>Plant u een reis naar Bayeux of omgeving? Ontdek het Baron G\u00e9rard Museum (MAHB), een referentie in Normandi\u00eb voor kunst en geschiedenis. Dit museum, gevestigd in een voormalig bisschoppelijk paleis, is een must als u door deze beroemde middeleeuwse stad aan de poort van de D-Day stranden rijdt.Het herbergt verschillende collecties van de prehistorie tot [&hellip;]<\/p>\n","protected":false},"author":6,"featured_media":6221,"comment_status":"closed","ping_status":"closed","sticky":false,"template":"","format":"standard","meta":{"_genesis_hide_title":false,"_genesis_hide_breadcrumbs":false,"_genesis_hide_singular_image":false,"_genesis_hide_footer_widgets":false,"_genesis_custom_body_class":"","_genesis_custom_post_class":"","_genesis_layout":"","footnotes":""},"categories":[66],"tags":[],"class_list":["post-6368","post","type-post","status-publish","format-standard","has-post-thumbnail","category-normandie-invasiestranden","entry"],"yoast_head":"<!-- This site is optimized with the Yoast SEO plugin v28.3 - https:\/\/yoast.com\/product\/yoast-seo-wordpress\/ -->\n<title>Bezoek het Baron G\u00e9rard Museum in Bayeux (MAHB): tips + foto&#039;s<\/title>\n<meta name=\"description\" content=\"Ontdek het Baron G\u00e9rard Museum voor Kunst en Geschiedenis (MAHB) in het voormalige bisschoppelijk paleis van Bayeux: tips + foto&#039;s\" \/>\n<meta name=\"robots\" content=\"index, follow, max-snippet:-1, max-image-preview:large, max-video-preview:-1\" \/>\n<link rel=\"canonical\" href=\"https:\/\/normandielovers.fr\/nl\/bezoek-museum-baron-gerard-mahb-bayeux\/\" \/>\n<meta property=\"og:locale\" content=\"nl_NL\" \/>\n<meta property=\"og:type\" content=\"article\" \/>\n<meta property=\"og:title\" content=\"Bezoek het Baron G\u00e9rard Museum in Bayeux (MAHB): tips + foto&#039;s\" \/>\n<meta property=\"og:description\" content=\"Ontdek het Baron G\u00e9rard Museum voor Kunst en Geschiedenis (MAHB) in het voormalige bisschoppelijk paleis van Bayeux: tips + foto&#039;s\" \/>\n<meta property=\"og:url\" content=\"https:\/\/normandielovers.fr\/nl\/bezoek-museum-baron-gerard-mahb-bayeux\/\" \/>\n<meta property=\"og:site_name\" content=\"Normandie Lovers\" \/>\n<meta property=\"article:published_time\" content=\"2023-03-29T20:51:19+00:00\" \/>\n<meta property=\"article:modified_time\" content=\"2024-04-17T07:25:01+00:00\" \/>\n<meta property=\"og:image\" content=\"https:\/\/normandielovers.fr\/wp-content\/uploads\/2023\/03\/visit-museum-baron-gerard-mahb-bayeux.jpeg\" \/>\n\t<meta property=\"og:image:width\" content=\"1024\" \/>\n\t<meta property=\"og:image:height\" content=\"768\" \/>\n\t<meta property=\"og:image:type\" content=\"image\/jpeg\" \/>\n<meta name=\"author\" content=\"Myriam BENDRISS MUDIBU\" \/>\n<meta name=\"twitter:card\" content=\"summary_large_image\" \/>\n<meta name=\"twitter:label1\" content=\"Geschreven door\" \/>\n\t<meta name=\"twitter:data1\" content=\"Myriam BENDRISS MUDIBU\" \/>\n\t<meta name=\"twitter:label2\" content=\"Geschatte leestijd\" \/>\n\t<meta name=\"twitter:data2\" content=\"24 minuten\" \/>\n<script type=\"application\/ld+json\" class=\"yoast-schema-graph\">{\"@context\":\"https:\\\/\\\/schema.org\",\"@graph\":[{\"@type\":\"Article\",\"@id\":\"https:\\\/\\\/normandielovers.fr\\\/nl\\\/bezoek-museum-baron-gerard-mahb-bayeux\\\/#article\",\"isPartOf\":{\"@id\":\"https:\\\/\\\/normandielovers.fr\\\/nl\\\/bezoek-museum-baron-gerard-mahb-bayeux\\\/\"},\"author\":{\"name\":\"Myriam BENDRISS MUDIBU\",\"@id\":\"https:\\\/\\\/normandielovers.fr\\\/nl\\\/#\\\/schema\\\/person\\\/bb4e06c6218e5c61b0914a8ecf4d26cb\"},\"headline\":\"Bezoek het Baron G\u00e9rard Museum in Bayeux (MAHB): tips + foto&#8217;s\",\"datePublished\":\"2023-03-29T20:51:19+00:00\",\"dateModified\":\"2024-04-17T07:25:01+00:00\",\"mainEntityOfPage\":{\"@id\":\"https:\\\/\\\/normandielovers.fr\\\/nl\\\/bezoek-museum-baron-gerard-mahb-bayeux\\\/\"},\"wordCount\":4895,\"publisher\":{\"@id\":\"https:\\\/\\\/normandielovers.fr\\\/nl\\\/#organization\"},\"image\":{\"@id\":\"https:\\\/\\\/normandielovers.fr\\\/nl\\\/bezoek-museum-baron-gerard-mahb-bayeux\\\/#primaryimage\"},\"thumbnailUrl\":\"https:\\\/\\\/normandielovers.fr\\\/wp-content\\\/uploads\\\/2023\\\/03\\\/visit-museum-baron-gerard-mahb-bayeux.jpeg\",\"articleSection\":[\"Normandi\u00eb Invasiestranden\"],\"inLanguage\":\"nl-NL\"},{\"@type\":\"WebPage\",\"@id\":\"https:\\\/\\\/normandielovers.fr\\\/nl\\\/bezoek-museum-baron-gerard-mahb-bayeux\\\/\",\"url\":\"https:\\\/\\\/normandielovers.fr\\\/nl\\\/bezoek-museum-baron-gerard-mahb-bayeux\\\/\",\"name\":\"Bezoek het Baron G\u00e9rard Museum in Bayeux (MAHB): tips + foto's\",\"isPartOf\":{\"@id\":\"https:\\\/\\\/normandielovers.fr\\\/nl\\\/#website\"},\"primaryImageOfPage\":{\"@id\":\"https:\\\/\\\/normandielovers.fr\\\/nl\\\/bezoek-museum-baron-gerard-mahb-bayeux\\\/#primaryimage\"},\"image\":{\"@id\":\"https:\\\/\\\/normandielovers.fr\\\/nl\\\/bezoek-museum-baron-gerard-mahb-bayeux\\\/#primaryimage\"},\"thumbnailUrl\":\"https:\\\/\\\/normandielovers.fr\\\/wp-content\\\/uploads\\\/2023\\\/03\\\/visit-museum-baron-gerard-mahb-bayeux.jpeg\",\"datePublished\":\"2023-03-29T20:51:19+00:00\",\"dateModified\":\"2024-04-17T07:25:01+00:00\",\"description\":\"Ontdek het Baron G\u00e9rard Museum voor Kunst en Geschiedenis (MAHB) in het voormalige bisschoppelijk paleis van Bayeux: tips + foto's\",\"breadcrumb\":{\"@id\":\"https:\\\/\\\/normandielovers.fr\\\/nl\\\/bezoek-museum-baron-gerard-mahb-bayeux\\\/#breadcrumb\"},\"inLanguage\":\"nl-NL\",\"potentialAction\":[{\"@type\":\"ReadAction\",\"target\":[\"https:\\\/\\\/normandielovers.fr\\\/nl\\\/bezoek-museum-baron-gerard-mahb-bayeux\\\/\"]}]},{\"@type\":\"ImageObject\",\"inLanguage\":\"nl-NL\",\"@id\":\"https:\\\/\\\/normandielovers.fr\\\/nl\\\/bezoek-museum-baron-gerard-mahb-bayeux\\\/#primaryimage\",\"url\":\"https:\\\/\\\/normandielovers.fr\\\/wp-content\\\/uploads\\\/2023\\\/03\\\/visit-museum-baron-gerard-mahb-bayeux.jpeg\",\"contentUrl\":\"https:\\\/\\\/normandielovers.fr\\\/wp-content\\\/uploads\\\/2023\\\/03\\\/visit-museum-baron-gerard-mahb-bayeux.jpeg\",\"width\":1024,\"height\":768,\"caption\":\"visit museum baron gerard mahb bayeux\"},{\"@type\":\"BreadcrumbList\",\"@id\":\"https:\\\/\\\/normandielovers.fr\\\/nl\\\/bezoek-museum-baron-gerard-mahb-bayeux\\\/#breadcrumb\",\"itemListElement\":[{\"@type\":\"ListItem\",\"position\":1,\"name\":\"Home\",\"item\":\"https:\\\/\\\/normandielovers.fr\\\/nl\\\/\"},{\"@type\":\"ListItem\",\"position\":2,\"name\":\"Normandi\u00eb Invasiestranden\",\"item\":\"https:\\\/\\\/normandielovers.fr\\\/nl\\\/normandie-invasiestranden\\\/\"},{\"@type\":\"ListItem\",\"position\":3,\"name\":\"Bezoek het Baron G\u00e9rard Museum in Bayeux (MAHB): tips + foto&rsquo;s\"}]},{\"@type\":\"WebSite\",\"@id\":\"https:\\\/\\\/normandielovers.fr\\\/nl\\\/#website\",\"url\":\"https:\\\/\\\/normandielovers.fr\\\/nl\\\/\",\"name\":\"Normandie Lovers\",\"description\":\"Uw zintuigen prikkelen in Normandi\u00eb - De blog van Claire en Manu\",\"publisher\":{\"@id\":\"https:\\\/\\\/normandielovers.fr\\\/nl\\\/#organization\"},\"potentialAction\":[{\"@type\":\"SearchAction\",\"target\":{\"@type\":\"EntryPoint\",\"urlTemplate\":\"https:\\\/\\\/normandielovers.fr\\\/nl\\\/?s={search_term_string}\"},\"query-input\":{\"@type\":\"PropertyValueSpecification\",\"valueRequired\":true,\"valueName\":\"search_term_string\"}}],\"inLanguage\":\"nl-NL\"},{\"@type\":\"Organization\",\"@id\":\"https:\\\/\\\/normandielovers.fr\\\/nl\\\/#organization\",\"name\":\"Normandie Lovers\",\"url\":\"https:\\\/\\\/normandielovers.fr\\\/nl\\\/\",\"logo\":{\"@type\":\"ImageObject\",\"inLanguage\":\"nl-NL\",\"@id\":\"https:\\\/\\\/normandielovers.fr\\\/nl\\\/#\\\/schema\\\/logo\\\/image\\\/\",\"url\":\"https:\\\/\\\/normandielovers.fr\\\/wp-content\\\/uploads\\\/2022\\\/11\\\/Normandie-Lovers-Logo-Riesblog.png\",\"contentUrl\":\"https:\\\/\\\/normandielovers.fr\\\/wp-content\\\/uploads\\\/2022\\\/11\\\/Normandie-Lovers-Logo-Riesblog.png\",\"width\":2884,\"height\":864,\"caption\":\"Normandie Lovers\"},\"image\":{\"@id\":\"https:\\\/\\\/normandielovers.fr\\\/nl\\\/#\\\/schema\\\/logo\\\/image\\\/\"}},{\"@type\":\"Person\",\"@id\":\"https:\\\/\\\/normandielovers.fr\\\/nl\\\/#\\\/schema\\\/person\\\/bb4e06c6218e5c61b0914a8ecf4d26cb\",\"name\":\"Myriam BENDRISS MUDIBU\",\"image\":{\"@type\":\"ImageObject\",\"inLanguage\":\"nl-NL\",\"@id\":\"https:\\\/\\\/secure.gravatar.com\\\/avatar\\\/b12daa667e6163c3e2e69624e17f9252a84ae1a553487ee656723e55b4eae853?s=96&d=mm&r=g\",\"url\":\"https:\\\/\\\/secure.gravatar.com\\\/avatar\\\/b12daa667e6163c3e2e69624e17f9252a84ae1a553487ee656723e55b4eae853?s=96&d=mm&r=g\",\"contentUrl\":\"https:\\\/\\\/secure.gravatar.com\\\/avatar\\\/b12daa667e6163c3e2e69624e17f9252a84ae1a553487ee656723e55b4eae853?s=96&d=mm&r=g\",\"caption\":\"Myriam BENDRISS MUDIBU\"},\"sameAs\":[\"https:\\\/\\\/normandielovers.fr\\\/myriam-bendriss-mudibu\\\/\"],\"url\":\"https:\\\/\\\/normandielovers.fr\\\/nl\\\/author\\\/myriam\\\/\"}]}<\/script>\n<!-- \/ Yoast SEO plugin. -->","yoast_head_json":{"title":"Bezoek het Baron G\u00e9rard Museum in Bayeux (MAHB): tips + foto's","description":"Ontdek het Baron G\u00e9rard Museum voor Kunst en Geschiedenis (MAHB) in het voormalige bisschoppelijk paleis van Bayeux: tips + foto's","robots":{"index":"index","follow":"follow","max-snippet":"max-snippet:-1","max-image-preview":"max-image-preview:large","max-video-preview":"max-video-preview:-1"},"canonical":"https:\/\/normandielovers.fr\/nl\/bezoek-museum-baron-gerard-mahb-bayeux\/","og_locale":"nl_NL","og_type":"article","og_title":"Bezoek het Baron G\u00e9rard Museum in Bayeux (MAHB): tips + foto's","og_description":"Ontdek het Baron G\u00e9rard Museum voor Kunst en Geschiedenis (MAHB) in het voormalige bisschoppelijk paleis van Bayeux: tips + foto's","og_url":"https:\/\/normandielovers.fr\/nl\/bezoek-museum-baron-gerard-mahb-bayeux\/","og_site_name":"Normandie Lovers","article_published_time":"2023-03-29T20:51:19+00:00","article_modified_time":"2024-04-17T07:25:01+00:00","og_image":[{"width":1024,"height":768,"url":"https:\/\/normandielovers.fr\/wp-content\/uploads\/2023\/03\/visit-museum-baron-gerard-mahb-bayeux.jpeg","type":"image\/jpeg"}],"author":"Myriam BENDRISS MUDIBU","twitter_card":"summary_large_image","twitter_misc":{"Geschreven door":"Myriam BENDRISS MUDIBU","Geschatte leestijd":"24 minuten"},"schema":{"@context":"https:\/\/schema.org","@graph":[{"@type":"Article","@id":"https:\/\/normandielovers.fr\/nl\/bezoek-museum-baron-gerard-mahb-bayeux\/#article","isPartOf":{"@id":"https:\/\/normandielovers.fr\/nl\/bezoek-museum-baron-gerard-mahb-bayeux\/"},"author":{"name":"Myriam BENDRISS MUDIBU","@id":"https:\/\/normandielovers.fr\/nl\/#\/schema\/person\/bb4e06c6218e5c61b0914a8ecf4d26cb"},"headline":"Bezoek het Baron G\u00e9rard Museum in Bayeux (MAHB): tips + foto&#8217;s","datePublished":"2023-03-29T20:51:19+00:00","dateModified":"2024-04-17T07:25:01+00:00","mainEntityOfPage":{"@id":"https:\/\/normandielovers.fr\/nl\/bezoek-museum-baron-gerard-mahb-bayeux\/"},"wordCount":4895,"publisher":{"@id":"https:\/\/normandielovers.fr\/nl\/#organization"},"image":{"@id":"https:\/\/normandielovers.fr\/nl\/bezoek-museum-baron-gerard-mahb-bayeux\/#primaryimage"},"thumbnailUrl":"https:\/\/normandielovers.fr\/wp-content\/uploads\/2023\/03\/visit-museum-baron-gerard-mahb-bayeux.jpeg","articleSection":["Normandi\u00eb Invasiestranden"],"inLanguage":"nl-NL"},{"@type":"WebPage","@id":"https:\/\/normandielovers.fr\/nl\/bezoek-museum-baron-gerard-mahb-bayeux\/","url":"https:\/\/normandielovers.fr\/nl\/bezoek-museum-baron-gerard-mahb-bayeux\/","name":"Bezoek het Baron G\u00e9rard Museum in Bayeux (MAHB): tips + foto's","isPartOf":{"@id":"https:\/\/normandielovers.fr\/nl\/#website"},"primaryImageOfPage":{"@id":"https:\/\/normandielovers.fr\/nl\/bezoek-museum-baron-gerard-mahb-bayeux\/#primaryimage"},"image":{"@id":"https:\/\/normandielovers.fr\/nl\/bezoek-museum-baron-gerard-mahb-bayeux\/#primaryimage"},"thumbnailUrl":"https:\/\/normandielovers.fr\/wp-content\/uploads\/2023\/03\/visit-museum-baron-gerard-mahb-bayeux.jpeg","datePublished":"2023-03-29T20:51:19+00:00","dateModified":"2024-04-17T07:25:01+00:00","description":"Ontdek het Baron G\u00e9rard Museum voor Kunst en Geschiedenis (MAHB) in het voormalige bisschoppelijk paleis van Bayeux: tips + foto's","breadcrumb":{"@id":"https:\/\/normandielovers.fr\/nl\/bezoek-museum-baron-gerard-mahb-bayeux\/#breadcrumb"},"inLanguage":"nl-NL","potentialAction":[{"@type":"ReadAction","target":["https:\/\/normandielovers.fr\/nl\/bezoek-museum-baron-gerard-mahb-bayeux\/"]}]},{"@type":"ImageObject","inLanguage":"nl-NL","@id":"https:\/\/normandielovers.fr\/nl\/bezoek-museum-baron-gerard-mahb-bayeux\/#primaryimage","url":"https:\/\/normandielovers.fr\/wp-content\/uploads\/2023\/03\/visit-museum-baron-gerard-mahb-bayeux.jpeg","contentUrl":"https:\/\/normandielovers.fr\/wp-content\/uploads\/2023\/03\/visit-museum-baron-gerard-mahb-bayeux.jpeg","width":1024,"height":768,"caption":"visit museum baron gerard mahb bayeux"},{"@type":"BreadcrumbList","@id":"https:\/\/normandielovers.fr\/nl\/bezoek-museum-baron-gerard-mahb-bayeux\/#breadcrumb","itemListElement":[{"@type":"ListItem","position":1,"name":"Home","item":"https:\/\/normandielovers.fr\/nl\/"},{"@type":"ListItem","position":2,"name":"Normandi\u00eb Invasiestranden","item":"https:\/\/normandielovers.fr\/nl\/normandie-invasiestranden\/"},{"@type":"ListItem","position":3,"name":"Bezoek het Baron G\u00e9rard Museum in Bayeux (MAHB): tips + foto&rsquo;s"}]},{"@type":"WebSite","@id":"https:\/\/normandielovers.fr\/nl\/#website","url":"https:\/\/normandielovers.fr\/nl\/","name":"Normandie Lovers","description":"Uw zintuigen prikkelen in Normandi\u00eb - De blog van Claire en Manu","publisher":{"@id":"https:\/\/normandielovers.fr\/nl\/#organization"},"potentialAction":[{"@type":"SearchAction","target":{"@type":"EntryPoint","urlTemplate":"https:\/\/normandielovers.fr\/nl\/?s={search_term_string}"},"query-input":{"@type":"PropertyValueSpecification","valueRequired":true,"valueName":"search_term_string"}}],"inLanguage":"nl-NL"},{"@type":"Organization","@id":"https:\/\/normandielovers.fr\/nl\/#organization","name":"Normandie Lovers","url":"https:\/\/normandielovers.fr\/nl\/","logo":{"@type":"ImageObject","inLanguage":"nl-NL","@id":"https:\/\/normandielovers.fr\/nl\/#\/schema\/logo\/image\/","url":"https:\/\/normandielovers.fr\/wp-content\/uploads\/2022\/11\/Normandie-Lovers-Logo-Riesblog.png","contentUrl":"https:\/\/normandielovers.fr\/wp-content\/uploads\/2022\/11\/Normandie-Lovers-Logo-Riesblog.png","width":2884,"height":864,"caption":"Normandie Lovers"},"image":{"@id":"https:\/\/normandielovers.fr\/nl\/#\/schema\/logo\/image\/"}},{"@type":"Person","@id":"https:\/\/normandielovers.fr\/nl\/#\/schema\/person\/bb4e06c6218e5c61b0914a8ecf4d26cb","name":"Myriam BENDRISS MUDIBU","image":{"@type":"ImageObject","inLanguage":"nl-NL","@id":"https:\/\/secure.gravatar.com\/avatar\/b12daa667e6163c3e2e69624e17f9252a84ae1a553487ee656723e55b4eae853?s=96&d=mm&r=g","url":"https:\/\/secure.gravatar.com\/avatar\/b12daa667e6163c3e2e69624e17f9252a84ae1a553487ee656723e55b4eae853?s=96&d=mm&r=g","contentUrl":"https:\/\/secure.gravatar.com\/avatar\/b12daa667e6163c3e2e69624e17f9252a84ae1a553487ee656723e55b4eae853?s=96&d=mm&r=g","caption":"Myriam BENDRISS MUDIBU"},"sameAs":["https:\/\/normandielovers.fr\/myriam-bendriss-mudibu\/"],"url":"https:\/\/normandielovers.fr\/nl\/author\/myriam\/"}]}},"featured_image_src":"https:\/\/normandielovers.fr\/wp-content\/uploads\/2023\/03\/visit-museum-baron-gerard-mahb-bayeux-600x400.jpeg","featured_image_src_square":"https:\/\/normandielovers.fr\/wp-content\/uploads\/2023\/03\/visit-museum-baron-gerard-mahb-bayeux-600x600.jpeg","author_info":{"display_name":"Myriam BENDRISS MUDIBU","author_link":"https:\/\/normandielovers.fr\/nl\/author\/myriam\/"},"_links":{"self":[{"href":"https:\/\/normandielovers.fr\/nl\/wp-json\/wp\/v2\/posts\/6368","targetHints":{"allow":["GET"]}}],"collection":[{"href":"https:\/\/normandielovers.fr\/nl\/wp-json\/wp\/v2\/posts"}],"about":[{"href":"https:\/\/normandielovers.fr\/nl\/wp-json\/wp\/v2\/types\/post"}],"author":[{"embeddable":true,"href":"https:\/\/normandielovers.fr\/nl\/wp-json\/wp\/v2\/users\/6"}],"replies":[{"embeddable":true,"href":"https:\/\/normandielovers.fr\/nl\/wp-json\/wp\/v2\/comments?post=6368"}],"version-history":[{"count":0,"href":"https:\/\/normandielovers.fr\/nl\/wp-json\/wp\/v2\/posts\/6368\/revisions"}],"wp:featuredmedia":[{"embeddable":true,"href":"https:\/\/normandielovers.fr\/nl\/wp-json\/wp\/v2\/media\/6221"}],"wp:attachment":[{"href":"https:\/\/normandielovers.fr\/nl\/wp-json\/wp\/v2\/media?parent=6368"}],"wp:term":[{"taxonomy":"category","embeddable":true,"href":"https:\/\/normandielovers.fr\/nl\/wp-json\/wp\/v2\/categories?post=6368"},{"taxonomy":"post_tag","embeddable":true,"href":"https:\/\/normandielovers.fr\/nl\/wp-json\/wp\/v2\/tags?post=6368"}],"curies":[{"name":"wp","href":"https:\/\/api.w.org\/{rel}","templated":true}]}}