{"id":10257,"date":"2023-07-25T14:22:51","date_gmt":"2023-07-25T12:22:51","guid":{"rendered":"https:\/\/normandielovers.fr\/bezoek-memorial-caen\/"},"modified":"2024-07-08T14:45:50","modified_gmt":"2024-07-08T12:45:50","slug":"bezoek-memorial-caen-museum","status":"publish","type":"post","link":"https:\/\/normandielovers.fr\/nl\/bezoek-memorial-caen-museum\/","title":{"rendered":"Bezoek het Museum Memorial de Caen (tips + foto&#8217;s)"},"content":{"rendered":"\n<p>Bent u van plan om <strong>het Museum Memorial de Caen te bezoeken<\/strong>? Een must-see bij een bezoek aan <strong>Normandi\u00eb<\/strong>, we doken in het hart van de <strong>twintigste-eeuwse geschiedenis<\/strong>. We zullen ons bezoek aan het museum nooit vergeten, want we waren geboeid en leerzaam!<\/p>\n\n<p>Het monument, dat in 1988 door Fran\u00e7ois Mitt\u00e9rand werd ingehuldigd, heeft als doel <strong>vrede te bevorderen<\/strong> en <strong>eer te bewijzen aan de slachtoffers<\/strong> van de Tweede Wereldoorlog. Dankzij interactieve tentoonstellingen, historische documenten en aangrijpende persoonlijke getuigenissen krijgt u een beter begrip van deze tragische periode in <strong>de wereldgeschiedenis<\/strong>.<\/p>\n\n<p>In dit artikel delen we <strong>onze ervaring<\/strong> en <strong>onze fototips <\/strong>om de locatie en de vele kamers te ontdekken.<\/p>\n\n<figure class=\"wp-block-image size-full\"><img decoding=\"async\" src=\"https:\/\/normandielovers.fr\/wp-content\/uploads\/2023\/07\/bezoek-museum-memorial-caen-nl.jpg\" alt=\"Ontdek onze ervaring bij het Memorial van Caen!\" class=\"wp-image-9872\"\/><\/figure>\n\n<p>Deze beoordeling is volledig <strong>onafhankelijk<\/strong>, wij verbleven <strong>anoniem<\/strong> en betaalden onze rekening volledig.<\/p>\n\n<h2 class=\"wp-block-heading\">Waarom het Museum Memorial de Caen bezoeken?<\/h2>\n\n<h3 class=\"wp-block-heading\">Is het Memorial van Caen een bezoek waard?<\/h3>\n\n<p>Wij vinden dat u het monument minstens \u00e9\u00e9n keer in uw leven moet bezoeken! De tumultueuze geschiedenis van de 20e eeuw, en in het bijzonder die van de Tweede Wereldoorlog, wordt in detail beschreven. Het museum staat vol met belangrijke informatie die we niet in onze geschiedenisboeken konden vinden. Bovendien is het gedenkteken zeer interactief, want u kunt er korte films bekijken. We vonden de tentoonstellingen boeiend en de getuigenissen uit die tijd erg aangrijpend.  <\/p>\n\n<figure class=\"wp-block-image size-large\"><img decoding=\"async\" src=\"https:\/\/photos.smugmug.com\/Normandie-Lovers\/n-r2MKTJ\/Caen\/M&#xE9;morial\/i-PW4tk7C\/0\/40b8cbdd\/L\/reconstitution-memorial-caen-L.jpg\" alt=\"periode reconstructie\"\/><\/figure>\n\n<p>Terwijl u de kamers verkent, krijgt u een idee van de omvang van het leed dat de slachtoffers en helden van deze periode moesten doorstaan. Het museum promoot een universele boodschap van vrede en verdraagzaamheid en moedigt aan tot diep nadenken over het belang van het bewaren van vrede in de hedendaagse samenleving. Een bezoek dat een diepe indruk op u zal achterlaten!<\/p>\n\n<hr class=\"wp-block-separator has-text-color has-black-color has-alpha-channel-opacity has-black-background-color has-background is-style-wide\"\/>\n\n<p class=\"has-text-align-center\"><a href=\"https:\/\/www.getyourguide.nl\/caen-l315\/caen-billet-d-entree-au-musee-memorial-t447044\/?partner_id=R3GYW4V&amp;cmp=NL\" target=\"_blank\" rel=\"noreferrer noopener sponsored nofollow\">Boek nu uw ticket voor de Caen Memorial!<\/a><\/p>\n\n<hr class=\"wp-block-separator has-text-color has-black-color has-alpha-channel-opacity has-black-background-color has-background is-style-wide\"\/>\n\n<h3 class=\"wp-block-heading\"><strong>Waarom is het<\/strong>Caen <strong>Memorial<\/strong><strong> beroemd?<\/strong><\/h3>\n\n<p>Het museum, een emblematische herdenkingsplaats gewijd aan de gebeurtenissen van de Tweede Wereldoorlog en de bevordering van de vrede, is zeer populair. Als internationaal bekend monument trekt het bezoekers van over de hele wereld die de tragische gevolgen van oorlog willen begrijpen. Onze ervaring in het museum heeft ons echt aan het denken gezet over de noodzaak om de vrede in de huidige maatschappij te bewaren. De herdenkings- en educatieve missie maakt het een krachtig symbool voor het eren van de oorlogsslachtoffers en het bevorderen van een vreedzamere toekomst. Het is ook opgenomen in <a href=\"https:\/\/normandielovers.fr\/nl\/bezienswaardigheden-caen-bezoek\/\" target=\"_blank\" rel=\"noreferrer noopener\">ons artikel over must-do activiteiten in Caen<\/a>.<\/p>\n\n<figure class=\"wp-block-image size-large\"><img decoding=\"async\" src=\"https:\/\/photos.smugmug.com\/Normandie-Lovers\/n-r2MKTJ\/Caen\/M&#xE9;morial\/i-qP3QsfS\/0\/04b5a004\/L\/bataille-normandie-memorial-caen-2-2-L.jpg\" alt=\"D-Day tentoonstellingsruimte\"\/><\/figure>\n\n<h3 class=\"wp-block-heading\">Wat we het leukst vonden<\/h3>\n\n<p>Tijdens ons bezoek aan het monument beleefden we enkele heel bijzondere momenten. We zijn ons ervan bewust dat ieders gevoeligheden verschillen. Toch willen we graag onze 3 hoogtepunten met u delen:<\/p>\n\n<ul class=\"wp-block-list\">\n<li><strong>bezoek aan de bunker<\/strong>: we verkenden de voormalige ondergrondse commandopost van de Duitse generaal Wilhelm Richter. Deze historische plek speelde een cruciale rol in de eerste beslissende weken van de Slag om Normandi\u00eb.<\/li>\n\n\n\n<li><strong>Authentieke vliegtuigen<\/strong>: zodra we het museum binnenkwamen, werden we begroet door een Howker Typhoon. Later bekeken we een Sovjet MIG 21 gevechtsvliegtuig. Het was echt indrukwekkend!  <\/li>\n\n\n\n<li><strong>Historische kranten<\/strong>: tijdens ons bezoek vonden we het geweldig om de voorpagina&#8217;s van kranten uit die tijd te ontdekken. Ze getuigen van het klimaat van terreur tijdens deze periode, maar ook van de explosie van vreugde op het moment van de bevrijding!<\/li>\n<\/ul>\n\n<figure class=\"wp-block-image size-large\"><img decoding=\"async\" src=\"https:\/\/photos.smugmug.com\/Normandie-Lovers\/n-r2MKTJ\/Caen\/M&#xE9;morial\/i-73Ddkg3\/0\/0e2bf75b\/L\/billeterie-memorial-caen-L.jpg\" alt=\"Vliegtuig - Howker Typhoon\"\/><figcaption class=\"wp-element-caption\">Vliegtuig &#8211; Howker Typhoon<\/figcaption><\/figure>\n\n<div style=\"margin-top:8%;margin-bottom:8%\" class=\"wp-block-genesis-blocks-gb-container box gb-block-container\"><div class=\"gb-container-inside\"><div class=\"gb-container-content\">\n<div style=\"background-color:#fefefe;margin-top:6%;margin-bottom:6%\" class=\"wp-block-genesis-blocks-gb-container box gb-block-container\"><div class=\"gb-container-inside\"><div class=\"gb-container-content\" style=\"max-width:700px\">\n<div class=\"wp-block-columns inverse is-layout-flex wp-container-core-columns-is-layout-9d6595d7 wp-block-columns-is-layout-flex\">\n<div class=\"wp-block-column texte_planif is-layout-flow wp-block-column-is-layout-flow\" style=\"flex-basis:58%\">\n<h5 class=\"titre_box\">Ontvang onze <span class=\"titre_box_manuscrit\">nieuwsbrief<\/span><\/h5>\n\n\n\n<ul class=\"wp-block-list\">\n<li>Een frisse wind in uw dagelijkse leven op de prachtige bestemmingen van Region Lovers!<\/li>\n\n\n\n<li>Eenmaal per maand<\/li>\n\n\n\n<li>Reclamevrij<\/li>\n<\/ul>\n\n\n<script>\nvar gform;gform||(document.addEventListener(\"gform_main_scripts_loaded\",function(){gform.scriptsLoaded=!0}),document.addEventListener(\"gform\/theme\/scripts_loaded\",function(){gform.themeScriptsLoaded=!0}),window.addEventListener(\"DOMContentLoaded\",function(){gform.domLoaded=!0}),gform={domLoaded:!1,scriptsLoaded:!1,themeScriptsLoaded:!1,isFormEditor:()=>\"function\"==typeof InitializeEditor,callIfLoaded:function(o){return!(!gform.domLoaded||!gform.scriptsLoaded||!gform.themeScriptsLoaded&&!gform.isFormEditor()||(gform.isFormEditor()&&console.warn(\"The use of gform.initializeOnLoaded() is deprecated in the form editor context and will be removed in Gravity Forms 3.1.\"),o(),0))},initializeOnLoaded:function(o){gform.callIfLoaded(o)||(document.addEventListener(\"gform_main_scripts_loaded\",()=>{gform.scriptsLoaded=!0,gform.callIfLoaded(o)}),document.addEventListener(\"gform\/theme\/scripts_loaded\",()=>{gform.themeScriptsLoaded=!0,gform.callIfLoaded(o)}),window.addEventListener(\"DOMContentLoaded\",()=>{gform.domLoaded=!0,gform.callIfLoaded(o)}))},hooks:{action:{},filter:{}},addAction:function(o,r,e,t){gform.addHook(\"action\",o,r,e,t)},addFilter:function(o,r,e,t){gform.addHook(\"filter\",o,r,e,t)},doAction:function(o){gform.doHook(\"action\",o,arguments)},applyFilters:function(o){return gform.doHook(\"filter\",o,arguments)},removeAction:function(o,r){gform.removeHook(\"action\",o,r)},removeFilter:function(o,r,e){gform.removeHook(\"filter\",o,r,e)},addHook:function(o,r,e,t,n){null==gform.hooks[o][r]&&(gform.hooks[o][r]=[]);var d=gform.hooks[o][r];null==n&&(n=r+\"_\"+d.length),gform.hooks[o][r].push({tag:n,callable:e,priority:t=null==t?10:t})},doHook:function(r,o,e){var t;if(e=Array.prototype.slice.call(e,1),null!=gform.hooks[r][o]&&((o=gform.hooks[r][o]).sort(function(o,r){return o.priority-r.priority}),o.forEach(function(o){\"function\"!=typeof(t=o.callable)&&(t=window[t]),\"action\"==r?t.apply(null,e):e[0]=t.apply(null,e)})),\"filter\"==r)return e[0]},removeHook:function(o,r,t,n){var e;null!=gform.hooks[o][r]&&(e=(e=gform.hooks[o][r]).filter(function(o,r,e){return!!(null!=n&&n!=o.tag||null!=t&&t!=o.priority)}),gform.hooks[o][r]=e)}});\n<\/script>\n\n                <div class='gf_browser_gecko gform_wrapper gravity-theme gform-theme--no-framework waitlist_wrapper' data-form-theme='gravity-theme' data-form-index='0' id='gform_wrapper_3' >\n                        <div class='gform_heading'>\n                            <p class='gform_description'><\/p>\n                        <\/div><form method='post' enctype='multipart\/form-data'  id='gform_3' class='waitlist' action='\/nl\/wp-json\/wp\/v2\/posts\/10257' data-formid='3' novalidate> \r\n <input type='hidden' class='gforms-pum' value='{\"closepopup\":false,\"closedelay\":0,\"openpopup\":false,\"openpopup_id\":0}' \/>\n                        <div class='gform-body gform_body'><div id='gform_fields_3' class='gform_fields top_label form_sublabel_below description_below validation_below'><div id=\"field_3_5\" class=\"gfield gfield--type-honeypot gform_validation_container field_sublabel_below gfield--has-description field_description_below field_validation_below gfield_visibility_visible\"  ><label class='gfield_label gform-field-label' for='input_3_5'>Instagram<\/label><div class='ginput_container'><input name='input_5' id='input_3_5' type='text' value='' autocomplete='new-password'\/><\/div><div class='gfield_description' id='gfield_description_3_5'>Dit veld is bedoeld voor validatiedoeleinden en moet niet worden gewijzigd.<\/div><\/div><div id=\"field_3_1\" class=\"gfield gfield--type-email gfield--input-type-email gfield_contains_required field_sublabel_below gfield--no-description field_description_below hidden_label field_validation_below gfield_visibility_visible\"  ><label class='gfield_label gform-field-label' for='input_3_1'>E-mail<span class=\"gfield_required\"><span class=\"gfield_required gfield_required_text\">(Vereist)<\/span><\/span><\/label><div class='ginput_container ginput_container_email'>\n                            <input name='input_1' id='input_3_1' type='email' value='' class='large'    aria-required=\"true\" aria-invalid=\"false\"  \/>\n                        <\/div><\/div><fieldset id=\"field_3_3\" class=\"gfield gfield--type-consent gfield--type-choice gfield--input-type-consent gfield_contains_required field_sublabel_below gfield--no-description field_description_below hidden_label field_validation_below gfield_visibility_visible\"  ><legend class='gfield_label gform-field-label gfield_label_before_complex' >RGPD<span class=\"gfield_required\"><span class=\"gfield_required gfield_required_text\">(Vereist)<\/span><\/span><\/legend><div class='ginput_container ginput_container_consent'><input name='input_3.1' id='input_3_3_1' type='checkbox' value='1'   aria-required=\"true\" aria-invalid=\"false\"   \/> <label class=\"gform-field-label gform-field-label--type-inline gfield_consent_label\" for='input_3_3_1' >Ja, ik wil me abonneren op de maandelijkse nieuwsbrief<span class=\"gfield_required gfield_required_text\">(Vereist)<\/span><\/label><input type='hidden' name='input_3.2' value='Ja, ik wil me abonneren op de maandelijkse nieuwsbrief' class='gform_hidden' \/><input type='hidden' name='input_3.3' value='1' class='gform_hidden' \/><\/div><\/fieldset><div id=\"field_3_4\" class=\"gfield gfield--type-website gfield--input-type-website gfield--width-full field_sublabel_below gfield--no-description field_description_below field_validation_below gfield_visibility_hidden\"  ><div class=\"admin-hidden-markup\"><i class=\"gform-icon gform-icon--hidden\" aria-hidden=\"true\" title=\"Dit veld is verborgen bij het bekijken van het formulier\"><\/i><span>Dit veld is verborgen bij het bekijken van het formulier<\/span><\/div><label class='gfield_label gform-field-label' for='input_3_4'>Site Web<\/label><div class='ginput_container ginput_container_website'>\n                    <input name='input_4' id='input_3_4' type='url' value='https:\/\/normandielovers.fr\/nl\/wp-json\/wp\/v2\/posts\/10257' class='large'    placeholder='https:\/\/'  aria-invalid=\"false\" \/>\n                <\/div><\/div><\/div><\/div>\n        <div class='gform-footer gform_footer top_label'> <input type='submit' id='gform_submit_button_3' class='gform_button button' onclick='gform.submission.handleButtonClick(this);' data-submission-type='submit' value='Abonneer'  \/> \n            <input type='hidden' class='gform_hidden' name='gform_submission_method' data-js='gform_submission_method_3' value='postback' \/>\n            <input type='hidden' class='gform_hidden' name='gform_theme' data-js='gform_theme_3' id='gform_theme_3' value='gravity-theme' \/>\n            <input type='hidden' class='gform_hidden' name='gform_style_settings' data-js='gform_style_settings_3' id='gform_style_settings_3' value='{&quot;inputPrimaryColor&quot;:&quot;#204ce5&quot;}' \/>\n            <input type='hidden' class='gform_hidden' name='is_submit_3' value='1' \/>\n            <input type='hidden' class='gform_hidden' name='gform_submit' value='3' \/>\n            \n            <input type='hidden' class='gform_hidden' name='gform_currency' data-currency='EUR' value='mReofY+3OBMBrc7h5afY+glmUvFTNZBMwi+hhEe16oeM\/aUQRwgGSOCQe+TKaCyVp1FnxoBkyMvELU6Ar2C26TtO6ZTSOZsWdTE5X4+FQB+G2W8=' \/>\n            <input type='hidden' class='gform_hidden' name='gform_unique_id' value='' \/>\n            <input type='hidden' class='gform_hidden' name='state_3' value='WyJ7XCIzLjFcIjpcIjMxNjA2NDljOTQ4ZTZmNmVjNWZiNTY0Nzg5MTJjNGRkXCIsXCIzLjJcIjpcImFhMTkxYjlmNzIzMWQ0N2U3ODNhYTkzZjMyN2Y0ZWFjXCIsXCIzLjNcIjpcIjMxNjA2NDljOTQ4ZTZmNmVjNWZiNTY0Nzg5MTJjNGRkXCJ9IiwiYzM5MzhjZjk4NTBhMzZmYjBmOGQ1MWY5ZTNiMWNjYzQiXQ==' \/>\n            <input type='hidden' autocomplete='off' class='gform_hidden' name='gform_target_page_number_3' id='gform_target_page_number_3' value='0' \/>\n            <input type='hidden' autocomplete='off' class='gform_hidden' name='gform_source_page_number_3' id='gform_source_page_number_3' value='1' \/>\n            <input type='hidden' name='gform_field_values' value='' \/>\n            \n        <\/div>\n                        <\/form>\n                        <\/div><script>\ngform.initializeOnLoaded( function() {gformInitSpinner( 3, 'https:\/\/normandielovers.fr\/wp-content\/plugins\/gravityforms\/images\/spinner.svg', true );jQuery('#gform_ajax_frame_3').on('load',function(){var contents = jQuery(this).contents().find('*').html();var is_postback = contents.indexOf('GF_AJAX_POSTBACK') >= 0;if(!is_postback){return;}var form_content = jQuery(this).contents().find('#gform_wrapper_3');var is_confirmation = jQuery(this).contents().find('#gform_confirmation_wrapper_3').length > 0;var is_redirect = contents.indexOf('gformRedirect(){') >= 0;var is_form = form_content.length > 0 && ! is_redirect && ! is_confirmation;var mt = parseInt(jQuery('html').css('margin-top'), 10) + parseInt(jQuery('body').css('margin-top'), 10) + 100;if(is_form){jQuery('#gform_wrapper_3').html(form_content.html());if(form_content.hasClass('gform_validation_error')){jQuery('#gform_wrapper_3').addClass('gform_validation_error');} else {jQuery('#gform_wrapper_3').removeClass('gform_validation_error');}setTimeout( function() { \/* delay the scroll by 50 milliseconds to fix a bug in chrome *\/  }, 50 );if(window['gformInitDatepicker']) {gformInitDatepicker();}if(window['gformInitPriceFields']) {gformInitPriceFields();}var current_page = jQuery('#gform_source_page_number_3').val();gformInitSpinner( 3, 'https:\/\/normandielovers.fr\/wp-content\/plugins\/gravityforms\/images\/spinner.svg', true );jQuery(document).trigger('gform_page_loaded', [3, current_page]);window['gf_submitting_3'] = false;}else if(!is_redirect){var confirmation_content = jQuery(this).contents().find('.GF_AJAX_POSTBACK').html();if(!confirmation_content){confirmation_content = contents;}jQuery('#gform_wrapper_3').replaceWith(confirmation_content);jQuery(document).trigger('gform_confirmation_loaded', [3]);window['gf_submitting_3'] = false;wp.a11y.speak(jQuery('#gform_confirmation_message_3').text());}else{jQuery('#gform_3').append(contents);if(window['gformRedirect']) {gformRedirect();}}jQuery(document).trigger(\"gform_pre_post_render\", [{ formId: \"3\", currentPage: \"current_page\", abort: function() { this.preventDefault(); } }]);        if (event && event.defaultPrevented) {                return;        }        const gformWrapperDiv = document.getElementById( \"gform_wrapper_3\" );        if ( gformWrapperDiv ) {            const visibilitySpan = document.createElement( \"span\" );            visibilitySpan.id = \"gform_visibility_test_3\";            gformWrapperDiv.insertAdjacentElement( \"afterend\", visibilitySpan );        }        const visibilityTestDiv = document.getElementById( \"gform_visibility_test_3\" );        let postRenderFired = false;        function triggerPostRender() {            if ( postRenderFired ) {                return;            }            postRenderFired = true;            gform.core.triggerPostRenderEvents( 3, current_page );            if ( visibilityTestDiv ) {                visibilityTestDiv.parentNode.removeChild( visibilityTestDiv );            }        }        function debounce( func, wait, immediate ) {            var timeout;            return function() {                var context = this, args = arguments;                var later = function() {                    timeout = null;                    if ( !immediate ) func.apply( context, args );                };                var callNow = immediate && !timeout;                clearTimeout( timeout );                timeout = setTimeout( later, wait );                if ( callNow ) func.apply( context, args );            };        }        const debouncedTriggerPostRender = debounce( function() {            triggerPostRender();        }, 200 );        if ( visibilityTestDiv && visibilityTestDiv.offsetParent === null ) {            const observer = new MutationObserver( ( mutations ) => {                mutations.forEach( ( mutation ) => {                    if ( mutation.type === 'attributes' && visibilityTestDiv.offsetParent !== null ) {                        debouncedTriggerPostRender();                        observer.disconnect();                    }                });            });            observer.observe( document.body, {                attributes: true,                childList: false,                subtree: true,                attributeFilter: [ 'style', 'class' ],            });        } else {            triggerPostRender();        }    } );} );\n<\/script>\n<\/div>\n\n\n\n<div class=\"wp-block-column is-layout-flow wp-block-column-is-layout-flow\" style=\"flex-basis:42%\">\n<div class=\"wp-block-genesis-blocks-gb-container aligncenter newsletter-radius gb-block-container\"><div class=\"gb-container-inside\"><div class=\"gb-container-content\"><div class=\"wp-block-image newsletter-image\">\n<figure class=\"aligncenter size-full\"><img loading=\"lazy\" decoding=\"async\" width=\"729\" height=\"792\" src=\"https:\/\/normandielovers.fr\/wp-content\/uploads\/2024\/01\/newsletter_FR_2.png\" alt=\"\" class=\"wp-image-12777\" srcset=\"https:\/\/normandielovers.fr\/wp-content\/uploads\/2024\/01\/newsletter_FR_2.png 729w, https:\/\/normandielovers.fr\/wp-content\/uploads\/2024\/01\/newsletter_FR_2-276x300.png 276w\" sizes=\"auto, (max-width: 729px) 100vw, 729px\" \/><\/figure>\n<\/div><\/div><\/div><\/div>\n<\/div>\n<\/div>\n<\/div><\/div><\/div>\n<\/div><\/div><\/div>\n\n<h2 class=\"wp-block-heading\">Praktische tips en kaart: Caen Memorial, Frankrijk<\/h2>\n\n<h3 class=\"wp-block-heading\">Waar is het museum?<\/h3>\n\n<p>Het monument bevindt zich aan de Esplanade G\u00e9n\u00e9ral Eisenhower in Caen (14000) in Normandi\u00eb.<\/p>\n\n<figure class=\"wp-block-image size-large\"><img decoding=\"async\" src=\"https:\/\/normandielovers.fr\/wp-content\/uploads\/2023\/07\/kaart-memorial-caen-nl-1024x683.png\" alt=\"Kaart van het monument van Caen\" class=\"wp-image-9989\"\/><\/figure>\n\n<ul class=\"wp-block-list\">\n<li>Rijtijd vanaf Rouen: 1u30min.<\/li>\n\n\n\n<li>Rijtijd vanaf Evreux: 1u45min.<\/li>\n\n\n\n<li>Rijtijd vanaf Alen\u00e7on: 1u25min.<\/li>\n\n\n\n<li>Rijtijd vanaf Cherbourg: 1u30min.<\/li>\n\n\n\n<li>Rijtijd vanaf Mont-Saint-Michel: 1u30min.<\/li>\n<\/ul>\n\n<h3 class=\"wp-block-heading\">Routebeschrijving<\/h3>\n\n<p>Caen is gemakkelijk bereikbaar per trein vanuit alle omliggende steden in Normandi\u00eb, en ook vanuit Parijs. De reis naar de hoofdstad duurt slechts 2 uur.<\/p>\n\n<p><a href=\"https:\/\/track.effiliation.com\/servlet\/effi.redir?id_compteur=22819431&amp;url=https%3A%2F%2Fwww.sncf-connect.com%2Fnl-nl%2F&amp;effi_id=NL\" target=\"_blank\" rel=\"noreferrer noopener sponsored nofollow\">Bekijk de beschikbare dienstregelingen en boek nu uw trein- en bustickets<\/a>.<\/p>\n\n<p>Vanaf het station van Caen moet u rekening houden met 30 tot 40 minuten met het openbaar vervoer om het gedenkteken te bereiken, omdat het niet in het stadscentrum ligt. U kunt kiezen tussen bus, tram en V\u00e9lolib.<\/p>\n\n<figure class=\"wp-block-image size-large\"><img decoding=\"async\" src=\"https:\/\/photos.smugmug.com\/photos\/i-m3fSSwx\/1\/ba42db6f\/L\/i-m3fSSwx-L.jpg\" alt=\"v&#xE9;lopark\"\/><\/figure>\n\n<p>Een auto huren in Caen is de beste manier om Normandi\u00eb te verkennen, omdat het dicht bij de D-Day stranden en de C\u00f4te Fleurie ligt. Wij raden u ten zeerste aan om met de auto te komen, zodat u optimaal van uw verblijf in dit Franse departement kunt genieten. Er zijn regelmatig files op de ringweg van Caen, dus we raden u aan om uw dienstregeling zorgvuldig te kiezen. We hebben zelfs een artikel geschreven met <a href=\"https:\/\/normandielovers.fr\/nl\/autoverhuur-caen\/\" target=\"_blank\" rel=\"noreferrer noopener\">al ons advies over het huren van een auto in Caen<\/a>.<\/p>\n\n<p>U kunt <a href=\"https:\/\/skyscanner.pxf.io\/c\/2838839\/1027991\/13416?associateid=AFF_TRA_19354_00001\" target=\"_blank\" rel=\"noreferrer noopener sponsored nofollow\">Caen<\/a> ook <a href=\"https:\/\/skyscanner.pxf.io\/c\/2838839\/1027991\/13416?associateid=AFF_TRA_19354_00001\" target=\"_blank\" rel=\"noreferrer noopener sponsored nofollow\">per vliegtuig<\/a> bereiken, met de luchthaven Caen-Carpiquet op slechts 9 km van het stadscentrum. Het verbindt 9 grote Franse steden: Ajaccio, Bastia, Lyon, Marseille, Nice, Toulouse, Calvi, Figari en Montpellier.<\/p>\n\n<h3 class=\"wp-block-heading\">Parkeerplaats<\/h3>\n\n<p>Hoewel het niet in het hart van Caen ligt, is er een grote gratis parkeerplaats op minder dan 3 minuten lopen van het monument. Het bevindt zich op 10 Avenue du Mar\u00e9chal Montgomery.<\/p>\n\n<figure class=\"wp-block-image size-large\"><img decoding=\"async\" src=\"https:\/\/photos.smugmug.com\/Normandie-Lovers\/n-r2MKTJ\/Caen\/M&#xE9;morial\/i-CxzPgts\/0\/a316f851\/L\/parking-memorial-caen-2-L.jpg\" alt=\"gedenkparkeerplaats\"\/><\/figure>\n\n<p>U kunt ook parkeren bij de camperparking Caen Memorial, ook aan de Avenue du Mar\u00e9chal Montgomery. Het is gratis toegankelijk en sluit tussen 21.00 en 08.45 uur.<\/p>\n\n<div style=\"margin-top:8%;margin-bottom:8%\" class=\"wp-block-genesis-blocks-gb-container box gb-block-container\"><div class=\"gb-container-inside\"><div class=\"gb-container-content\">\n<div class=\"wp-block-columns inverse box_planif is-layout-flex wp-container-core-columns-is-layout-9d6595d7 wp-block-columns-is-layout-flex\">\n<div class=\"wp-block-column texte_planif is-layout-flow wp-block-column-is-layout-flow\" style=\"flex-basis:58%\">\n<h5 class=\"titre_box\" style=\"padding-top:10px\">ONS ADVIES VOOR HET <span>HUREN VAN EEN AUTO<\/span> IN<span class=\"titre_box_manuscrit\"> Normandi\u00eb<\/span><\/h5>\n\n\n\n<ul class=\"wp-block-list\" style=\"font-size:14px\">\n<li>Vergelijk prijzen op ons favoriete platform: <a href=\"https:\/\/www.discovercars.com\/nl\/france?a_aid=zigzag&amp;chan=NL\" target=\"_blank\" rel=\"noreferrer noopener\">DiscoverCars<\/a> &#8211; een van de best beoordeelde sites.<\/li>\n\n\n\n<li>Kies een <strong>auto die comfortabel genoeg is <\/strong>(de afstanden kunnen lang zijn) maar <strong>compact<\/strong> (sommige parkeerplaatsen en dorpen zijn smal).<\/li>\n\n\n\n<li>Overweeg<strong>een volledige verzekering<\/strong> (sommige wegen zijn bochtig en smal).<\/li>\n\n\n\n<li>Er is veel vraag naar, dus <strong>boek vroeg<\/strong>.<\/li>\n<\/ul>\n<\/div>\n\n\n\n<div class=\"wp-block-column planif-radius-2 is-layout-flow wp-block-column-is-layout-flow\" style=\"flex-basis:42%\">\n<figure class=\"wp-block-image size-full voiture_image\"><img loading=\"lazy\" decoding=\"async\" width=\"421\" height=\"533\" src=\"https:\/\/normandielovers.fr\/wp-content\/uploads\/2023\/05\/Yport_Normandie-3328.png\" alt=\"\" class=\"wp-image-7241\" title=\"\" srcset=\"https:\/\/normandielovers.fr\/wp-content\/uploads\/2023\/05\/Yport_Normandie-3328.png 421w, https:\/\/normandielovers.fr\/wp-content\/uploads\/2023\/05\/Yport_Normandie-3328-237x300.png 237w\" sizes=\"auto, (max-width: 421px) 100vw, 421px\" \/><\/figure>\n<\/div>\n<\/div>\n\n\n\n<div class=\"wp-block-genesis-blocks-gb-container gb-block-container\"><div class=\"gb-container-inside\"><div class=\"gb-container-content\">\n<div class=\"wp-block-columns planif_bouton is-layout-flex wp-container-core-columns-is-layout-9d6595d7 wp-block-columns-is-layout-flex\">\n<div class=\"wp-block-column is-layout-flow wp-block-column-is-layout-flow\">\n<div class=\"wp-block-buttons is-content-justification-center is-layout-flex wp-container-core-buttons-is-layout-16018d1d wp-block-buttons-is-layout-flex\">\n<div class=\"wp-block-button has-custom-font-size\" style=\"font-size:14px\"><a class=\"wp-block-button__link has-white-color has-text-color wp-element-button\" href=\"https:\/\/www.discovercars.com\/nl\/france?a_aid=zigzag&amp;amp;chan=NL\" style=\"border-radius:4px\" target=\"_blank\" rel=\"noreferrer noopener\">Beschikbare auto&#8217;s bekijken  <strong>   <\/strong><img decoding=\"async\" class=\"wp-image-3266 img_fleche\" style=\"width: 16px;  \" src=\"https:\/\/corsicalovers.fr\/wp-content\/uploads\/2023\/03\/ArrowRight.png\" alt=\"pijl\"\/><\/a><\/div>\n<\/div>\n<\/div>\n\n\n\n<div class=\"wp-block-column is-vertically-aligned-center is-layout-flow wp-block-column-is-layout-flow\">\n<p class=\"has-text-align-center\" style=\"font-size:14px\"><strong><a href=\"https:\/\/normandielovers.fr\/nl\/hoe-auto-huren-frankrijk\/\" target=\"_blank\" rel=\"noreferrer noopener\">Bekijk al onze tips<\/a><\/strong><\/p>\n<\/div>\n<\/div>\n<\/div><\/div><\/div>\n<\/div><\/div><\/div>\n\n<h3 class=\"wp-block-heading\">Dienstregeling en prijzen<\/h3>\n\n<p><strong>Tijdschema:<\/strong><\/p>\n\n<ul class=\"wp-block-list\">\n<li>geopend van 9.00 tot 19.00 uur van 1 april tot 30 september,<\/li>\n\n\n\n<li>geopend van 9.30 tot 18.00 uur in het laagseizoen,<\/li>\n\n\n\n<li>gesloten op 1 januari en 25 december,  <\/li>\n\n\n\n<li>jaarlijkse sluiting voor 3 weken in januari.<\/li>\n<\/ul>\n\n<p><strong>Prijs:<\/strong><\/p>\n\n<ul class=\"wp-block-list\">\n<li>volle prijs volwassenen: \u20ac19.80,<\/li>\n\n\n\n<li>studententarief: \u20ac5,<\/li>\n\n\n\n<li>gezinspas: \u20ac51.<\/li>\n<\/ul>\n\n<hr class=\"wp-block-separator has-text-color has-black-color has-alpha-channel-opacity has-black-background-color has-background is-style-wide\"\/>\n\n<p class=\"has-text-align-center\"><a href=\"https:\/\/www.getyourguide.nl\/caen-l315\/caen-billet-d-entree-au-musee-memorial-t447044\/?partner_id=R3GYW4V&amp;cmp=NL\" target=\"_blank\" rel=\"noreferrer noopener sponsored nofollow\">Boek nu uw ticket voor de Caen Memorial!<\/a><\/p>\n\n<hr class=\"wp-block-separator has-text-color has-black-color has-alpha-channel-opacity has-black-background-color has-background is-style-wide\"\/>\n\n<figure class=\"wp-block-image size-large\"><img decoding=\"async\" src=\"https:\/\/photos.smugmug.com\/photos\/i-NgRZxrH\/0\/ecd7d3ac\/L\/i-NgRZxrH-L.jpg\" alt=\"Omaha Beach\"\/><figcaption class=\"wp-element-caption\">Omaha Beach<\/figcaption><\/figure>\n\n<p>Als u ook van plan bent om het D-Day Museum of de D-Day landingsstranden te bezoeken, raden wij u aan om direct een rondleiding van een hele dag te boeken.  <\/p>\n\n<hr class=\"wp-block-separator has-text-color has-black-color has-alpha-channel-opacity has-black-background-color has-background is-style-wide\"\/>\n\n<p class=\"has-text-align-center\"><a href=\"https:\/\/www.getyourguide.nl\/memorial-de-caen-l5062\/?partner_id=R3GYW4V&amp;cmp=NL\" target=\"_blank\" rel=\"noreferrer noopener sponsored nofollow\">Bekijk hier onze groepsrondleidingen!<\/a><\/p>\n\n<hr class=\"wp-block-separator has-text-color has-black-color has-alpha-channel-opacity has-black-background-color has-background is-style-wide\"\/>\n\n<h3 class=\"wp-block-heading\">Duur van het bezoek en belangrijkste moeilijkheden<\/h3>\n\n<p>Wij raden u aan om minstens 3 uur uit te trekken voor een bezoek aan het Caen Memorial. Het is een heel groot, heel dicht museum. Geschiedenisfanaten, we hadden gemakkelijk een halve dag kunnen blijven!<\/p>\n\n<p>De rondleiding in het museum brengt geen bijzondere moeilijkheden met zich mee. Het heeft echter verschillende niveaus. Er zijn trappen, maar ook liften als u die nodig hebt. Er zijn ook toegangshellingen voor rolstoelgebruikers.  <\/p>\n\n<figure class=\"wp-block-image size-large\"><img decoding=\"async\" src=\"https:\/\/photos.smugmug.com\/Normandie-Lovers\/n-r2MKTJ\/Caen\/M&#xE9;morial\/i-c25V77N\/0\/1709bfaf\/L\/ascenseurs-memorial-caen-L.jpg\" alt=\"herdenkingsliften\"\/><\/figure>\n\n<p>Houd er rekening mee dat de toegang tot de tuinen en de bunker moeilijker kan zijn voor mensen met beperkte mobiliteit, omdat ze een loopbrug moeten oversteken. We willen u ook waarschuwen dat de gedempte sfeer en het lawaai in het museum vermoeide ogen of oren kunnen veroorzaken.  <\/p>\n\n<figure class=\"wp-block-image size-large\"><img decoding=\"async\" src=\"https:\/\/photos.smugmug.com\/Normandie-Lovers\/n-r2MKTJ\/Caen\/M&#xE9;morial\/i-vdcPZR9\/0\/12a0bf68\/L\/direction-bunker-memorial-caen-2-L.jpg\" alt=\"toegangshellingen\"\/><\/figure>\n\n<h3 class=\"wp-block-heading\">Beste tijd om het museum te bezoeken<\/h3>\n\n<p>Om het meeste uit uw bezoek te halen, raden wij u aan om de site vroeg in de ochtend te verkennen. Zo kunt u optimaal profiteren van de tentoonstellingen, zonder gestoord te worden door de drukte. Het monument is het hele jaar door erg populair, maar vooral tijdens de zomermaanden. Het is d\u00e9 plek om te bezoeken als u in Caen bent, en het is wereldberoemd. Wij raden u aan om uw moment zorgvuldig te kiezen voordat u erheen gaat.<\/p>\n\n<figure class=\"wp-block-image size-large\"><img decoding=\"async\" src=\"https:\/\/photos.smugmug.com\/Normandie-Lovers\/n-r2MKTJ\/Caen\/M&#xE9;morial\/i-z59Ck9x\/0\/6170c241\/L\/entree-memorial-caen-2-L.jpg\" alt=\"herdenkingsreceptie\"\/><\/figure>\n\n<h3 class=\"wp-block-heading\">Advies voor een bezoek<\/h3>\n\n<p>De route door het monument is goed aangegeven en intu\u00eftief. Het is een nuttig referentiepunt en is onderverdeeld in 2 hoofdperioden: voor 1945 en na 1945. Dankzij de kaart hieronder konden we gemakkelijk van de ene naar de andere kamer gaan. Ter herinnering: het museum is echt enorm groot, dus we raden u aan om deze kaart als leidraad te gebruiken.<\/p>\n\n<figure class=\"wp-block-image size-large\"><img decoding=\"async\" src=\"https:\/\/photos.smugmug.com\/Normandie-Lovers\/n-r2MKTJ\/Caen\/M&#xE9;morial\/i-j8GL6SP\/0\/1f404410\/L\/plan-memorial-caen-L.jpg\" alt=\"kaart van het gedenkteken\"\/><figcaption class=\"wp-element-caption\">Kaart van het monument van Caen<\/figcaption><\/figure>\n\n<p>We begonnen met een bezoek aan niveau -1, waar we een rondleiding kregen door het interbellum. We bezochten ook tentoonstellingen over het Verzet en samenwerking. Daarna gingen we terug naar niveau 0 (de receptieruimte) om ons onder te dompelen in de Landingen van D-Day en de Slag om Normandi\u00eb, met de vertoning van een film.  <\/p>\n\n<figure class=\"wp-block-image size-large\"><img decoding=\"async\" src=\"https:\/\/photos.smugmug.com\/Normandie-Lovers\/n-r2MKTJ\/Caen\/M&#xE9;morial\/i-JscvsHm\/0\/5f3164ad\/L\/cinema-360-memorial-caen-L.jpg\" alt=\"360&#xB0;-bioscoop\"\/><\/figure>\n\n<p>We vervolgden ons bezoek en gingen naar de meeslepende 360\u00b0 show! Na het bekijken van een innovatieve korte film van 19 minuten, doken we het naoorlogse tijdperk in. De <a href=\"https:\/\/www.geo.fr\/histoire\/la-guerre-froide-resumee-en-11-dates-cles-204041\" target=\"_blank\" rel=\"noreferrer noopener nofollow\">Koude Oorlog<\/a> is het overheersende thema in dit gedeelte van het museum. Tot slot zijn de laatste 2 kamers van het monument gewijd aan tijdelijke tentoonstellingen.<\/p>\n\n<figure class=\"wp-block-image size-large\"><img decoding=\"async\" src=\"https:\/\/photos.smugmug.com\/Normandie-Lovers\/n-r2MKTJ\/Caen\/M&#xE9;morial\/i-JJM56Tx\/0\/4c537bf6\/L\/sens-visite-memorial-caen-2-L.jpg\" alt=\"kaart van de wereld in oorlog\"\/><\/figure>\n\n<p>De pijlen op de vloer hielpen ons de weg te vinden in de tentoonstellingen. Op de muren vindt u de belangrijkste data gemarkeerd, samen met de namen van de historische periodes.<\/p>\n\n<div style=\"margin-top:8%;margin-bottom:8%\" class=\"wp-block-genesis-blocks-gb-container box gb-block-container\"><div class=\"gb-container-inside\"><div class=\"gb-container-content\">\n<div class=\"wp-block-columns inverse is-layout-flex wp-container-core-columns-is-layout-9d6595d7 wp-block-columns-is-layout-flex\">\n<div class=\"wp-block-column texte_planif is-layout-flow wp-block-column-is-layout-flow\" style=\"flex-basis:58%\">\n<h5 class=\"titre_box\" style=\"padding-top:10px\"><span>ONTDEK <\/span><span class=\"titre_box_manuscrit\">Caen<\/span><\/h5>\n\n\n\n<ul class=\"wp-block-list\">\n<li style=\"font-size:14px\"><a href=\"https:\/\/normandielovers.fr\/nl\/bezienswaardigheden-caen-bezoek\/\" target=\"_blank\" rel=\"noreferrer noopener\">Wat te doen in Caen<\/a><\/li>\n\n\n\n<li style=\"font-size:14px\">Waar overnachten in Caen: <a href=\"https:\/\/normandielovers.fr\/meilleur-hotel-caen-ou-dormir\/\" target=\"_blank\" rel=\"noreferrer noopener\">onze beste hotels<\/a><\/li>\n\n\n\n<li style=\"font-size:14px\"><a href=\"https:\/\/normandielovers.fr\/nl\/beste-restaurants-caen-eten\/\" target=\"_blank\" rel=\"noreferrer noopener\">Waar te eten in Caen: onze beste restaurants<\/a> <\/li>\n\n\n\n<li style=\"font-size:14px\"><a href=\"https:\/\/normandielovers.fr\/nl\/beste-musea-chateau-caen-bezoek\/\" target=\"_blank\" rel=\"noreferrer noopener\">De beste musea in Caen<\/a><\/li>\n\n\n\n<li style=\"font-size:14px\">Routes: <a href=\"https:\/\/normandielovers.fr\/nl\/bezoek-1-dag-caen-route\/\" target=\"_blank\" rel=\"noreferrer noopener\">1 dag<\/a> &#8211; <a href=\"https:\/\/normandielovers.fr\/nl\/bezoek-2-dagen-caen-reissroute\/\" target=\"_blank\" rel=\"noreferrer noopener\">2 dagen<\/a><\/li>\n\n\n\n<li style=\"font-size:14px\"><a href=\"https:\/\/normandielovers.fr\/nl\/bezoek-chateau-caen-kasteel\/\" target=\"_blank\" rel=\"noreferrer noopener\">Kasteel van Caen<\/a><\/li>\n\n\n\n<li style=\"font-size:14px\"><a href=\"https:\/\/normandielovers.fr\/nl\/bezoek-memorial-caen-museum\/\" target=\"_blank\" rel=\"noreferrer noopener\">Herdenkingsmuseum Caen<\/a><\/li>\n\n\n\n<li style=\"font-size:14px\">Huur een auto in Caen: <a href=\"https:\/\/normandielovers.fr\/nl\/autoverhuur-caen\/\" target=\"_blank\" rel=\"noreferrer noopener\">ons advies<\/a><\/li>\n<\/ul>\n<\/div>\n\n\n\n<div class=\"wp-block-column ville-radius is-layout-flow wp-block-column-is-layout-flow\" style=\"flex-basis:42%\">\n<figure class=\"wp-block-image size-large img-portrait\"><img decoding=\"async\" src=\"https:\/\/photos.smugmug.com\/Travel\/Normandie\/R20g-Caen\/i-PtCTs2r\/4\/ce3c5182\/L\/caen_Normandie-4484-L.jpg\" alt=\"\" title=\"\"\/><\/figure>\n<\/div>\n<\/div>\n<\/div><\/div><\/div>\n\n<h3 class=\"wp-block-heading\">Het Memorial van Caen met kinderen<\/h3>\n\n<p>Dit museum is geschikt voor gezinnen met kinderen. Het is zeer interactief en de tentoonstellingen zijn dynamisch. Wij denken dat het een belangrijke plek is voor jonge mensen om te ontdekken, omdat het deel uitmaakt van onze gedeelde geschiedenis. Het is essentieel dat we de waarden van vrede en de plicht om te gedenken met hen delen. Daarnaast biedt het monument in de zomer een educatieve rondleiding met een mediator. U en uw gezin kunnen de belangrijkste thema&#8217;s van de Tweede Wereldoorlog herbeleven. Het kost \u20ac4,50<em> <\/em>bovenop de ticketprijs voor volwassenen, en \u20ac3 voor kinderen.  <\/p>\n\n<figure class=\"wp-block-image size-large\"><img decoding=\"async\" src=\"https:\/\/photos.smugmug.com\/Normandie-Lovers\/n-r2MKTJ\/Caen\/M&#xE9;morial\/i-SMQ4LGb\/0\/40638950\/L\/exposition-guerre-froide-memorial-caen-L.jpg\" alt=\"periode reconstructie\"\/><\/figure>\n\n<h3 class=\"wp-block-heading\">Rondleidingen bij het Memorial van Caen<\/h3>\n\n<p>Bent u ook van plan om de landingsstranden van D-Day te bezoeken? Wij raden u aan om te kiezen voor een rondleiding van een hele dag. Als u een passie hebt voor geschiedenis en de wereldoorlogen, dan zult u met plezier de belangrijkste D-Day locaties ontdekken onder begeleiding van een gids die gespecialiseerd is in deze periode. Het is een ervaring die bezoekers echt waarderen, en een die u zich zeker de rest van uw leven zult herinneren. Zo kunt u op \u00e9\u00e9n dag plaatsen als Omaha Beach en het Caen Memorial bezoeken. Een echte aanrader!<\/p>\n\n<hr class=\"wp-block-separator has-text-color has-black-color has-alpha-channel-opacity has-black-background-color has-background is-style-wide\"\/>\n\n<p class=\"has-text-align-center\"><a href=\"https:\/\/www.getyourguide.nl\/memorial-de-caen-l5062\/?partner_id=R3GYW4V&amp;cmp=NL\" target=\"_blank\" rel=\"noreferrer noopener sponsored nofollow\">Boek uw rondleiding op D-Day!<\/a><\/p>\n\n<hr class=\"wp-block-separator has-text-color has-black-color has-alpha-channel-opacity has-black-background-color has-background is-style-wide\"\/>\n\n<figure class=\"wp-block-image size-large\"><img decoding=\"async\" src=\"https:\/\/photos.smugmug.com\/photos\/i-53rmKPH\/0\/9120a0cd\/L\/i-53rmKPH-L.jpg\" alt=\"Omaha Beach\"\/><figcaption class=\"wp-element-caption\">Omaha Beach<\/figcaption><\/figure>\n\n<h3 class=\"wp-block-heading\">Bistro du M\u00e9morial de Caen<\/h3>\n\n<p>Aangezien uw bezoek aan het museum waarschijnlijk lang zal duren, zult u zeker even willen pauzeren om een hapje te eten in de cafetaria. De Bistrot du M\u00e9morial biedt een warm welkom en serveert snacks en eenvoudige gerechten. Of het nu gaat om sandwiches, salades, hamburgers of lasagne, u vindt er genoeg te eten tegen zeer redelijke prijzen. We hebben erg genoten van het glazen terras van de bistro, waar u tijdens het eten over het monumentale terrein kunt uitkijken.  <\/p>\n\n<figure class=\"wp-block-image size-large\"><img decoding=\"async\" src=\"https:\/\/photos.smugmug.com\/Normandie-Lovers\/n-r2MKTJ\/Caen\/M&#xE9;morial\/i-LSrhwd2\/0\/7ed7db7d\/L\/bistrot-memorial-caen-2-L.jpg\" alt=\"bistrot du m&#xE9;morial\"\/><\/figure>\n\n<p>We willen u er ook graag op wijzen dat het gedenkteken een restaurant heeft dat exclusief gereserveerd is voor groepen van 20 personen of meer. Restaurant Les Pommiers, voorheen La Terrasse, biedt een voor-\/hoofdgerecht\/dessertmenu voor \u20ac25,70. Als u buiten het museum wilt eten, hebben wij <a href=\"https:\/\/normandielovers.fr\/nl\/beste-restaurants-caen-eten\/\" target=\"_blank\" rel=\"noreferrer noopener\">de 15 beste restaurants in Caen<\/a> geselecteerd. Houd er rekening mee dat het gedenkteken niet in het stadscentrum ligt.<\/p>\n\n<div style=\"margin-top:8%;margin-bottom:8%\" class=\"wp-block-genesis-blocks-gb-container box gb-block-container\"><div class=\"gb-container-inside\"><div class=\"gb-container-content\" style=\"max-width:700px\">\n<div class=\"wp-block-genesis-blocks-gb-container box_titre gb-block-container\"><div class=\"gb-container-inside\"><div class=\"gb-container-content\">\n<h5 class=\"titre_box\" style=\"padding-top:10px;\"><span>WAAR OVERNACHTEN<\/span> IN <span class=\"titre_box_manuscrit\">Caen<\/span><\/h5>\n<\/div><\/div><\/div>\n\n\n\n<hr class=\"wp-block-separator has-text-color has-alpha-channel-opacity has-background is-style-wide hr-box-planif\" style=\"background-color:#ccd3dd;color:#ccd3dd\"\/>\n\n\n\n<div class=\"wp-block-columns box_sans_border is-layout-flex wp-container-core-columns-is-layout-9d6595d7 wp-block-columns-is-layout-flex\">\n<div class=\"wp-block-column texte_planif is-layout-flow wp-block-column-is-layout-flow\" style=\"font-size:14px;flex-basis:60%\">\n<p style=\"font-size:16px;\" class=\"option_titre2\"><strong><span>Optie 1:<\/span> in het oude stadscentrum<\/strong><\/p>\n\n\n\n<p style=\"font-size:14px\">Wij raden aan..:<\/p>\n\n\n\n<ul class=\"wp-block-list\">\n<li style=\"font-size:14px\"><strong>Hotel Best Western Plus Le moderne<\/strong> niet ver van het kasteel &#8211; <a href=\"https:\/\/www.booking.com\/hotel\/fr\/moderncaen.html?aid=2281719\" target=\"_blank\" rel=\"noreferrer noopener sponsored nofollow\">prijzen, foto&#8217;s en beschikbaarheid bekijken<\/a><\/li>\n\n\n\n<li style=\"font-size:14px\"><strong>H\u00f4tel La Fontaine<\/strong> ook in de buurt van het kasteel &#8211; <a href=\"https:\/\/www.booking.com\/hotel\/fr\/de-la-fontaine.html?aid=2281719\" target=\"_blank\" rel=\"noreferrer noopener sponsored nofollow\">bekijk prijzen, foto&#8217;s en beschikbaarheid<\/a><\/li>\n\n\n\n<li style=\"font-size:14px\"><strong>B&amp;B Les Chambres de L&#8217;Abbaye<\/strong>, bij Abbaye-aux-Hommes &#8211; <a href=\"https:\/\/www.booking.com\/hotel\/fr\/les-chambres-de-l-39-abbaye.html?aid=2281719\" target=\"_blank\" rel=\"noreferrer noopener sponsored nofollow\">prijzen, foto&#8217;s en beschikbaarheid bekijken<\/a><\/li>\n<\/ul>\n<\/div>\n\n\n\n<div class=\"wp-block-column is-vertically-aligned-top planif-radius is-layout-flow wp-block-column-is-layout-flow\" style=\"flex-basis:40%\">\n<figure class=\"wp-block-image size-large img-portrait\"><img decoding=\"async\" src=\"https:\/\/photos.smugmug.com\/photos\/i-8CWB9pT\/0\/d5c04374\/L\/i-8CWB9pT-L.jpg\" alt=\"Hotel Best Western Plus le Moderne\" title=\"\"\/><\/figure>\n<\/div>\n<\/div>\n\n\n\n<hr class=\"wp-block-separator has-text-color has-alpha-channel-opacity has-background is-style-wide hr-box-planif\" style=\"background-color:#ccd3dd;color:#ccd3dd\"\/>\n\n\n\n<div class=\"wp-block-columns box_sans_border is-layout-flex wp-container-core-columns-is-layout-9d6595d7 wp-block-columns-is-layout-flex\">\n<div class=\"wp-block-column texte_planif is-layout-flow wp-block-column-is-layout-flow\" style=\"font-size:14px;flex-basis:60%\">\n<p style=\"font-size:16px;\" class=\"option_titre\"><strong><span>Optie 2:<\/span> naar Ouistreham  <\/strong><\/p>\n\n\n\n<p style=\"font-size:14px\">Om op het platteland of aan het strand te slapen (15 tot 20 minuten van Rouen). Wij raden aan..:<\/p>\n\n\n\n<ul class=\"wp-block-list\">\n<li style=\"font-size:14px\"><strong>H\u00f4tel Manoir Hastings<\/strong> en zijn stenen huizen &#8211; <a href=\"https:\/\/www.booking.com\/hotel\/fr\/manoir-39-hastings.html?aid=2281719\" target=\"_blank\" rel=\"noreferrer noopener sponsored nofollow\">bekijk prijzen, foto&#8217;s en beschikbaarheid<\/a>.<\/li>\n\n\n\n<li style=\"font-size:14px\"><strong>Hotel La Mare \u00d4 Poissons<\/strong> en zwembad &#8211; <a href=\"https:\/\/www.booking.com\/hotel\/fr\/best-western-la-mare-o-poissons.html?aid=2281719\" target=\"_blank\" rel=\"noreferrer noopener sponsored nofollow\">prijzen, foto&#8217;s en beschikbaarheid bekijken<\/a><\/li>\n<\/ul>\n<\/div>\n\n\n\n<div class=\"wp-block-column is-vertically-aligned-top planif-radius is-layout-flow wp-block-column-is-layout-flow\" style=\"flex-basis:40%\">\n<figure class=\"wp-block-image size-large img-portrait\"><img decoding=\"async\" src=\"https:\/\/photos.smugmug.com\/photos\/i-8MQh24Z\/1\/73bcc13c\/L\/i-8MQh24Z-L.jpg\" alt=\"Hastings Landgoed\" title=\"\"\/><\/figure>\n<\/div>\n<\/div>\n\n\n\n<hr class=\"wp-block-separator has-text-color has-alpha-channel-opacity has-background is-style-wide hr-box-planif\" style=\"background-color:#ccd3dd;color:#ccd3dd\"\/>\n\n\n\n<div class=\"wp-block-columns box_sans_border is-layout-flex wp-container-core-columns-is-layout-9d6595d7 wp-block-columns-is-layout-flex\">\n<div class=\"wp-block-column texte_planif is-layout-flow wp-block-column-is-layout-flow\" style=\"font-size:14px;flex-basis:60%\">\n<p style=\"font-size:16px;\" class=\"option_titre\"><strong><span>Optie 3:<\/span> in de buurt van de haven of het station<\/strong><\/p>\n\n\n\n<p style=\"font-size:14px\">Wij raden aan..:<\/p>\n\n\n\n<ul class=\"wp-block-list\">\n<li style=\"font-size:14px\"><strong>Hotel Campanile<\/strong> naast het station &#8211; <a href=\"https:\/\/www.booking.com\/hotel\/fr\/inter-hotel-caen-de-france.html?aid=2281719\" target=\"_blank\" rel=\"noreferrer noopener sponsored nofollow\">prijzen, foto&#8217;s en beschikbaarheid bekijken<\/a>.<\/li>\n<\/ul>\n<\/div>\n\n\n\n<div class=\"wp-block-column is-vertically-aligned-top planif-radius is-layout-flow wp-block-column-is-layout-flow\" style=\"flex-basis:40%\">\n<figure class=\"wp-block-image size-large img-portrait\"><img decoding=\"async\" src=\"https:\/\/photos.smugmug.com\/Normandie-Lovers\/n-r2MKTJ\/Caen\/Ou-dormir\/i-dJFXtL3\/0\/c74c4f09\/L\/Caen_Hotel_Campanile_salon-L.jpg\" alt=\"Hotel Campanile Gare Caen\" title=\"\"\/><\/figure>\n<\/div>\n<\/div>\n\n\n\n<p class=\"has-text-align-center liste_hotel\" style=\"font-size:14px\"><a href=\"https:\/\/normandielovers.fr\/nl\/beste-hotel-caen-overnachten\/\" target=\"_blank\" rel=\"noreferrer noopener\">Bekijk al onze beoordelingen van de beste hotels in Caen<\/a><\/p>\n\n\n\n<div class=\"wp-block-buttons planif_bouton is-content-justification-center is-layout-flex wp-container-core-buttons-is-layout-16018d1d wp-block-buttons-is-layout-flex\">\n<div class=\"wp-block-button has-custom-font-size\" style=\"font-size:14px\"><a class=\"wp-block-button__link has-white-color has-text-color wp-element-button\" href=\"https:\/\/www.booking.com\/searchresults.html?city=-1416098&amp;nflt=review_score%253D90%253Breview_score%253D80&amp;aid=2281719&amp;no_rooms=1&amp;group_adults=2\" style=\"border-radius:4px\" target=\"_blank\" rel=\"noreferrer noopener\">Bekijk alle beschikbare hotels  <strong><img decoding=\"async\" class=\"wp-image-3266 img_fleche\" style=\"width: 16px;  \" src=\"https:\/\/corsicalovers.fr\/wp-content\/uploads\/2023\/03\/ArrowRight.png\" alt=\"pijl\"\/><\/strong><\/a><\/div>\n<\/div>\n<\/div><\/div><\/div>\n\n<h2 class=\"wp-block-heading\">De tragische keten van wereldoorlogen<\/h2>\n\n<p>Dit eerste deel van uw bezoek neemt u mee terug naar de periode tussen de oorlogen. Dit bestrijkt de periode tussen 1918 en 1939. We genoten van deze geleidelijke onderdompeling in het onderwerp, en van het begrijpen van de implicaties van de Eerste Wereldoorlog voor de volgende. Deze korte samenvatting van de belangrijkste data en de aanloop naar het conflict heeft ons een beter inzicht gegeven in hoe de mensheid in staat is geweest om zulke extremen te bereiken. Het is belangrijk om deze dramatische gebeurtenissen te analyseren, zodat we ze in de toekomst kunnen vermijden.  <\/p>\n\n<figure class=\"wp-block-image size-large\"><img decoding=\"async\" src=\"https:\/\/photos.smugmug.com\/Normandie-Lovers\/n-r2MKTJ\/Caen\/M&#xE9;morial\/i-hFHgvnt\/1\/0b440c56\/L\/exposition-musee-memorial-caen-L.jpg\" alt=\"showroom v&#xF3;&#xF3;r 1945\"\/><\/figure>\n\n<h3 class=\"wp-block-heading\">Van de ene vernietigende oorlog naar de andere<\/h3>\n\n<p>De ramp van de Eerste Wereldoorlog ligt nog vers in het geheugen van de Europeanen, maar de cyclus herhaalt zich onvermijdelijk&#8230; In dit gedeelte van het museum zagen we aan de hand van historische documenten hoe Adolf Hitler in Duitsland aan de macht kwam. De posters die u hieronder ziet, maakten deel uit van de Nazi-propaganda, zelfs voordat de F\u00fchrer aan de macht kwam. Het heeft een centrale rol gespeeld in het verspreiden van angst, desinformatie en fanatisme. Het droeg bij aan de opkomst van het totalitaire regime en aan de wreedheden die tijdens de Tweede Wereldoorlog werden begaan.<\/p>\n\n<figure class=\"wp-block-image size-large\"><img decoding=\"async\" src=\"https:\/\/photos.smugmug.com\/Normandie-Lovers\/n-r2MKTJ\/Caen\/M&#xE9;morial\/i-g6XgTpm\/0\/d96ed7ae\/L\/hitler-memorial-caen-L.jpg\" alt=\"Hitler propaganda posters\"\/><\/figure>\n\n<p>Het beruchte boek &#8220;Mein Kampf&#8221;, geschreven door de Duitse kanselier in de gevangenis, werd gepubliceerd in 1925. We ontdekten dat er in 1945 meer dan 12 miljoen exemplaren gedrukt waren. De Nazi-ideologie circuleerde voor en tijdens de oorlog via dit vreselijke en discriminerende boek. Wat vonden de lezers van dit boek ervan? Duitsland bereidt zich voor op oorlog.<\/p>\n\n<figure class=\"wp-block-image size-large\"><img decoding=\"async\" src=\"https:\/\/photos.smugmug.com\/Normandie-Lovers\/n-r2MKTJ\/Caen\/M&#xE9;morial\/i-TFSGrBs\/0\/c9fe3334\/L\/mein-kampf-hitler-memorial-caen-L.jpg\" alt=\"Mein Kampf\"\/><\/figure>\n\n<p>Aan de andere kant van de grens mobiliseert Frankrijk. We vonden de tentoonstelling bijzonder de moeite waard. Tijdens de geschiedenislessen was het veel moeilijker om deze escalatie van gruwel te begrijpen, maar het gedenkteken slaagt erin om het conflict te vermenselijken. Door naar uniformen en historische documenten te kijken, zoals deze mobilisatieposter uit 1939, konden we ons verplaatsen in de Fransen van die tijd. Een echte schok!<\/p>\n\n<figure class=\"wp-block-image size-large\"><img decoding=\"async\" src=\"https:\/\/photos.smugmug.com\/Normandie-Lovers\/n-r2MKTJ\/Caen\/M&#xE9;morial\/i-Qjgkpcv\/0\/378d8647\/L\/fantassin-memorial-caen-L.jpg\" alt=\"poster voor algemene mobilisatie\"\/><\/figure>\n\n<h3 class=\"wp-block-heading\">Frankrijk verscheurd tussen verzet en collaboratie<\/h3>\n\n<p>Nog voordat het conflict officieel van start ging, lanceerde president Charles de Gaulle <em>via<\/em> de radio verschillende oproepen tot verzet. Opnieuw probeerden we ons voor te stellen hoe de Fransen zich gevoeld zouden kunnen hebben toen ze naar deze tragische en samenbindende audio luisterden. We vonden de collecties van het museum erg uitgebreid en fascinerend.  <\/p>\n\n<figure class=\"wp-block-image size-large\"><img decoding=\"async\" src=\"https:\/\/photos.smugmug.com\/Normandie-Lovers\/n-r2MKTJ\/Caen\/M&#xE9;morial\/i-zPKfDfB\/0\/ad93998b\/L\/micro-memorial-caen-L.jpg\" alt=\"bandmicrofoon\"\/><\/figure>\n\n<p>Frankrijk is verdeeld. De collaborerende partijen organiseerden zichzelf. Zij steunen de ideologie van de bezetter. Het was een donkere periode waarin het Vichy-regime samenwerkte met Nazi-Duitsland. Het werd gekenmerkt door het aan de kaak stellen van leden van het Verzet, de deportatie van Joden en andere daden van onderdrukking. Na de oorlog werd de collaboratie wijd en zijd veroordeeld en het blijft een tragisch hoofdstuk in de Franse geschiedenis. Door deze tentoonstelling werden we ons bewust van het gespannen klimaat dat in het land heerste. We vonden het erg leuk dat er verschillende reconstructies van plaatsen in het gedenkteken waren. Op deze foto zien we bijvoorbeeld een muur met een tekst waarin een werknemer wordt aangeklaagd.  <\/p>\n\n<figure class=\"wp-block-image size-large\"><img decoding=\"async\" src=\"https:\/\/photos.smugmug.com\/Normandie-Lovers\/n-r2MKTJ\/Caen\/M&#xE9;morial\/i-j6hwPtC\/0\/aa8f1656\/L\/exposition-memorial-caen-L.jpg\" alt=\"periode reconstructie tijdens de samenwerking\"\/><\/figure>\n\n<p>Weet u wat onze foto hieronder voorstelt? We ontdekten dat het de Enigma codeermachine was. Deze emblematische uitvinding van Nazi-Duitsland werd tijdens de Tweede Wereldoorlog gebruikt om militaire communicatie te versleutelen. Dankzij de inspanningen van de cryptanalisten in Bletchley Park in Engeland werd de machine uiteindelijk ontcijferd, wat een cruciale rol speelde in de overwinning van de Geallieerden. Wij vonden deze informatie fascinerend, u niet?<\/p>\n\n<figure class=\"wp-block-image size-large\"><img decoding=\"async\" src=\"https:\/\/photos.smugmug.com\/Normandie-Lovers\/n-r2MKTJ\/Caen\/M&#xE9;morial\/i-jCRtq5D\/0\/22b9cb10\/L\/machine-crypter-memorial-caen-L.jpg\" alt=\"Enigma&quot; codeermachine\"\/><figcaption class=\"wp-element-caption\">Enigma&#8221; codeermachine<\/figcaption><\/figure>\n\n<p>Dit deel van het museum staat vol met informatie over:  <\/p>\n\n<ul class=\"wp-block-list\">\n<li>de Pacifische Oorlog in 1941 tussen de Verenigde Staten en Japan,<\/li>\n\n\n\n<li>de Shoah, de uitroeiing van de Joden in Europa,  <\/li>\n\n\n\n<li>genocide en het T4 euthanasieprogramma,  <\/li>\n\n\n\n<li>de guettos,  <\/li>\n\n\n\n<li>concentratiekampen,  <\/li>\n\n\n\n<li>het lot van gedeporteerde kinderen,  <\/li>\n\n\n\n<li><em>sonderkommandos<\/em>, dat waren gedeporteerden die belast waren met operaties na de vergassing,<\/li>\n\n\n\n<li>het lot van zigeuners,  <\/li>\n\n\n\n<li>de belegerde steden tot de pauze.  <\/li>\n<\/ul>\n\n<figure class=\"wp-block-image size-large\"><img decoding=\"async\" src=\"https:\/\/photos.smugmug.com\/Normandie-Lovers\/n-r2MKTJ\/Caen\/M&#xE9;morial\/i-94mwDjn\/0\/f328ca1d\/L\/extermination-juif-memorial-caen-L.jpg\" alt=\"tentoonstelling over de Shoah\"\/><\/figure>\n\n<p>De Shoah-collectie is bijzonder ontroerend. We waren erg ontroerd toen we de persoonlijke bezittingen, portretten en getuigenissen van Joodse mensen tijdens deze moorddadige oorlog ontdekten.  <\/p>\n\n<figure class=\"wp-block-image size-large\"><img decoding=\"async\" src=\"https:\/\/photos.smugmug.com\/Normandie-Lovers\/n-r2MKTJ\/Caen\/M&#xE9;morial\/i-V6xBPSM\/0\/4a0d0104\/L\/extermination-memorial-caen-L.jpg\" alt=\"portretten van joodse families\"\/><\/figure>\n\n<h3 class=\"wp-block-heading\">De globalisering van conflicten<\/h3>\n\n<p>Als gevolg van de vele conflicten die over de hele wereld uitbraken, nam de oorlog vanaf 1941 wereldwijde proporties aan. We hebben het begrip totale oorlog herontdekt, wat betekent dat alle militaire en civiele middelen bij het conflict betrokken zijn. Dankzij de verschillende voorwerpen die in deze zaal tentoongesteld worden, hebben we begrepen dat de overgang naar totale oorlog het gevolg is van de Eerste Wereldoorlog en de globalisering van het conflict. Eng, h\u00e8?<\/p>\n\n<figure class=\"wp-block-image size-large\"><img decoding=\"async\" src=\"https:\/\/photos.smugmug.com\/Normandie-Lovers\/n-r2MKTJ\/Caen\/M&#xE9;morial\/i-c8rWFR9\/0\/85eaa20a\/L\/invasion-urss-memorial-caen-1-L.jpg\" alt=\"kaart van de wereld in oorlog\"\/><\/figure>\n\n<p>In dit gedeelte van het museum kunt u informatie vinden over:<\/p>\n\n<ul class=\"wp-block-list\">\n<li>samenlevingen die met oorlog worden geconfronteerd,<\/li>\n\n\n\n<li>deportatie voor repressie,<\/li>\n\n\n\n<li>culturele leven onder de bezetting,<\/li>\n\n\n\n<li>het intieme,<\/li>\n\n\n\n<li>het leven en de dood van de soldaat,<\/li>\n\n\n\n<li>Herovering en bevrijding,<\/li>\n\n\n\n<li>de maquis van de Vercors, een tragische episode in het Franse verzet tijdens de bevrijdingsstrijd in 1944,  <\/li>\n\n\n\n<li>De nederlaag van Duitsland,<\/li>\n\n\n\n<li>de atomaire verschrikking van Hiroshima en Nagazaki,<\/li>\n\n\n\n<li>de menselijke tol en de morele schok.<\/li>\n<\/ul>\n\n<figure class=\"wp-block-image size-large\"><img decoding=\"async\" src=\"https:\/\/photos.smugmug.com\/Normandie-Lovers\/n-r2MKTJ\/Caen\/M&#xE9;morial\/i-Mp8jPVV\/0\/4fc2f473\/L\/galerie-portraits-soldats-memorial-caen-L.jpg\" alt=\"portretten van jonge soldaten\"\/><\/figure>\n\n<p>Wederom waren we aangenaam verrast door deze zeer dichte en interessante tentoonstelling. Dankzij de kranten van die tijd voelden we het diepe gevoel van opluchting en vreugde toen Frankrijk bevrijd werd.<\/p>\n\n<figure class=\"wp-block-image size-large\"><img decoding=\"async\" src=\"https:\/\/photos.smugmug.com\/Normandie-Lovers\/n-r2MKTJ\/Caen\/M&#xE9;morial\/i-2RXL5F4\/0\/e21cce9b\/L\/journaux-mort-hitler-memorial-caen-L.jpg\" alt=\"voorpagina van een krant die Hitlers dood aankondigt\"\/><\/figure>\n\n<div style=\"background-color:#fefefe;margin-top:8%;margin-bottom:8%\" class=\"wp-block-genesis-blocks-gb-container box gb-block-container\"><div class=\"gb-container-inside\"><div class=\"gb-container-content\" style=\"max-width:700px\">\n<div class=\"wp-block-columns inverse is-layout-flex wp-container-core-columns-is-layout-9d6595d7 wp-block-columns-is-layout-flex\">\n<div class=\"wp-block-column texte_planif is-layout-flow wp-block-column-is-layout-flow\" style=\"flex-basis:58%\">\n<h5 class=\"titre_box\" style=\"padding-top:10px\">GEBRUIK ONZE GIDS OM EEN  <br\/><span>DROOMREIS<\/span> NAAR <span class=\"titre_box_manuscrit\">Normandi\u00eb<\/span><\/h5>\n\n\n\n<div class=\"wp-block-genesis-blocks-gb-container gb-block-container\"><div class=\"gb-container-inside\"><div class=\"gb-container-content\">\n<p style=\"font-size:14px\">Alle informatie die u nodig hebt voor uw reis:<\/p>\n<\/div><\/div><\/div>\n\n\n\n<div class=\"wp-block-genesis-blocks-gb-container gb-block-container\"><div class=\"gb-container-inside\"><div class=\"gb-container-content\"><\/div><\/div><\/div>\n\n\n\n<ul style=\"font-size:14px\" id=\"liste_discover\" class=\"wp-block-list\">\n<li>8 kaarten die de planning vergemakkelijken<\/li>\n\n\n\n<li>160+ vooraf geselecteerde locaties<\/li>\n\n\n\n<li>Praktisch advies<\/li>\n\n\n\n<li>300+ foto&#8217;s om u te helpen kiezen<\/li>\n<\/ul>\n\n\n\n<div class=\"wp-block-buttons has-custom-font-size bouton_10 is-content-justification-center is-layout-flex wp-container-core-buttons-is-layout-14c487f4 wp-block-buttons-is-layout-flex\" style=\"font-size:13px\">\n<div class=\"wp-block-button has-custom-font-size\" style=\"font-size:14px\"><a class=\"wp-block-button__link has-white-color has-text-color wp-element-button\" href=\"https:\/\/normandielovers.fr\/nl\/ebook-gids-roadtrip-normandie\/\" style=\"border-radius:4px\" target=\"_blank\" rel=\"noreferrer noopener\">Ontdek >><\/a><\/div>\n<\/div>\n<\/div>\n\n\n\n<div class=\"wp-block-column is-layout-flow wp-block-column-is-layout-flow\" style=\"flex-basis:42%\">\n<div class=\"wp-block-genesis-blocks-gb-container ebook-radius gb-block-container\"><div class=\"gb-container-inside\"><div class=\"gb-container-content\"><div class=\"wp-block-image ebook-image\">\n<figure class=\"aligncenter size-large is-resized\"><img decoding=\"async\" src=\"https:\/\/normandielovers.fr\/wp-content\/uploads\/2023\/03\/Box-Ebook-Normandie-NL.png\" alt=\"Box Ebook Corsica FR\" style=\"width:203px;height:157px\"\/><\/figure>\n<\/div><\/div><\/div><\/div>\n<\/div>\n<\/div>\n<\/div><\/div><\/div>\n\n<h2 class=\"wp-block-heading\">Voor 1945<\/h2>\n\n<p>Hier blikken we terug op D-Day en <a href=\"https:\/\/normandielovers.fr\/nl\/museum-memorial-slag-normandie-bayeux\/\" target=\"_blank\" rel=\"noreferrer noopener\">de Slag om Normandi\u00eb<\/a>, die voorafgingen aan het einde van de Tweede Wereldoorlog. In dit gedeelte van het Memorial komt u meer te weten over de gevolgen van het einde van de oorlog voor Normandi\u00eb. Het is een regio die zwaar heeft geleden: 20.000 Normandi\u00ebrs verloren hun leven tijdens het conflict en steden werden volledig verwoest. Hieronder ziet u een sc\u00e8ne van een verwoest huis in Caen.<\/p>\n\n<figure class=\"wp-block-image size-large\"><img decoding=\"async\" src=\"https:\/\/photos.smugmug.com\/Normandie-Lovers\/n-r2MKTJ\/Caen\/M&#xE9;morial\/i-Lc6h9Qf\/0\/5538c27d\/L\/destruction-caen-bataille-normandie-memorial-caen-L.jpg\" alt=\"Reconstructie van een huis dat tijdens de oorlog in Caen werd verwoest\"\/><figcaption class=\"wp-element-caption\">Reconstructie van een huis dat tijdens de oorlog in Caen werd verwoest<\/figcaption><\/figure>\n\n<h3 class=\"wp-block-heading\">De landing<\/h3>\n\n<p>Bent u gepassioneerd door de geschiedenis van <a href=\"https:\/\/normandielovers.fr\/nl\/invasie-normandie-landinsplaaten\/\" target=\"_blank\" rel=\"noreferrer noopener\">D-Day<\/a>? Deze tentoonstelling zal u zeker bevallen! Aan de hand van documenten, kunstvoorwerpen en ooggetuigenverslagen, evenals een reli\u00ebfkaart van de operaties, helpt deze zaal de bezoekers om te begrijpen wat er op het spel stond en wat de gevolgen van 6 juni 1944 waren. Wist u dat de Slag om Normandi\u00eb oorspronkelijk slechts een paar weken zou duren? Het eindigde pas 100 dagen na <a href=\"https:\/\/normandielovers.fr\/nl\/invasiestranden-normandie-bezoeken\/\" target=\"_blank\" rel=\"noreferrer noopener\">D-Day<\/a>, met de verovering van Le Havre op 12 september.<\/p>\n\n<figure class=\"wp-block-image size-large\"><img decoding=\"async\" src=\"https:\/\/photos.smugmug.com\/Normandie-Lovers\/n-r2MKTJ\/Caen\/M&#xE9;morial\/i-HxTH3k3\/0\/7b79b02b\/L\/bataille-normandie-memorial-caen-1-2-L.jpg\" alt=\"reli&#xEB;fkaart van operaties tijdens D-Day\"\/><\/figure>\n\n<p>Zoom in op deze boeken met kogelgaten &#8211; indrukwekkend, nietwaar? Voor de nieuwsgierigen waren er nog veel meer voorwerpen van dit type te zien! We hebben echt genoten van deze ruimte, die dieper ingaat op de <a href=\"https:\/\/normandielovers.fr\/nl\/beste-musea-d-day-normandie-lijst\/\" target=\"_blank\" rel=\"noreferrer noopener\">landingen op D-Day<\/a>. Deze historische gebeurtenis, ook bekend als D-Day, markeerde het begin van de invasie van de Geallieerden in het door Nazi&#8217;s bezette Europa tijdens de Tweede Wereldoorlog.<\/p>\n\n<figure class=\"wp-block-image size-large\"><img decoding=\"async\" src=\"https:\/\/photos.smugmug.com\/Normandie-Lovers\/n-r2MKTJ\/Caen\/M&#xE9;morial\/i-Tvz89K2\/0\/16ce624f\/L\/bataille-normandie-memorial-caen-1-L.jpg\" alt=\"Boeken geraakt door kogels\"\/><\/figure>\n\n<p>Als u echt gepassioneerd bent door deze historische periode, raden we u aan om ook een rondleiding te nemen op de landingsstranden van D-Day.<\/p>\n\n<hr class=\"wp-block-separator has-text-color has-black-color has-alpha-channel-opacity has-black-background-color has-background is-style-wide\"\/>\n\n<p class=\"has-text-align-center\"><a href=\"https:\/\/www.getyourguide.nl\/memorial-de-caen-l5062\/?partner_id=R3GYW4V&amp;cmp=NL\" target=\"_blank\" rel=\"noreferrer noopener sponsored nofollow\">Boek uw rondleiding door het Memorial en de D-Day landingsstranden!<\/a><\/p>\n\n<hr class=\"wp-block-separator has-text-color has-black-color has-alpha-channel-opacity has-black-background-color has-background is-style-wide\"\/>\n\n<h3 class=\"wp-block-heading\">De Slag om Normandi\u00eb<\/h3>\n\n<p>De <a href=\"https:\/\/www.normandie.fr\/sites\/default\/files\/2022-06\/bataille-de-normandie-region-normandie.pdf\" target=\"_blank\" rel=\"noreferrer noopener nofollow\">Slag om Normandi\u00eb<\/a> was een van de belangrijkste en beslissendste militaire campagnes van de Tweede Wereldoorlog. Het begon met de geallieerde landingen en ging door tot de regio bevrijd was. De confrontatie werd gekenmerkt door hevige gevechten en zware verliezen aan beide kanten. Uiteindelijk was het een cruciale stap in de richting van de nederlaag van Nazi-Duitsland en de bevrijding van Europa. U kunt de apparatuur zien die de verpleegsters tijdens de oorlog gebruikten. We dachten dat het passend zou zijn om deze belangrijke gebeurtenis, die deel uitmaakt van zowel de regionale als de wereldgeschiedenis, op het gedenkteken te plaatsen!  <\/p>\n\n<figure class=\"wp-block-image size-large\"><img decoding=\"async\" src=\"https:\/\/photos.smugmug.com\/Normandie-Lovers\/n-r2MKTJ\/Caen\/M&#xE9;morial\/i-RC2jPRj\/0\/5b24e4e7\/L\/bataille-normandie-memorial-caen-2-L.jpg\" alt=\"medische hulpmiddelen\"\/><\/figure>\n\n<p>Omdat het museum interactief is, krijgt u ook toegang tot een film die deze cruciale periode samenvat. Het heeft onze kennis over het onderwerp vergroot. We hebben vooral genoten van deze film, die archiefbeelden gebruikt om de landingen op D-Day en de bevrijding van Le Havre na te spelen. Het is getiteld &#8220;D-Day en de Slag om Normandi\u00eb&#8221;.<\/p>\n\n<figure class=\"wp-block-image size-large\"><img decoding=\"async\" src=\"https:\/\/photos.smugmug.com\/Normandie-Lovers\/n-r2MKTJ\/Caen\/M&#xE9;morial\/i-njjTK9z\/0\/5aea7987\/L\/bataille-normandie-memorial-caen-L.jpg\" alt=\"film\"\/><\/figure>\n\n<h3 class=\"wp-block-heading\">De ondergrondse bunker van de Duitse generaal Wilhelm Richter<\/h3>\n\n<p>Voordat we verder gingen naar de nasleep van de Tweede Wereldoorlog, genoten we van een bezoek aan de bunker van Wilhelm Richter. De museografie, die historische re-enactment en tentoonstelling combineert, sprak ons erg aan! De commandopost van de Duitse generaal bevindt zich in een ondergrondse gang in het monument en speelde een cruciale rol in de Slag om Normandi\u00eb.<\/p>\n\n<figure class=\"wp-block-image size-large\"><img decoding=\"async\" src=\"https:\/\/photos.smugmug.com\/Normandie-Lovers\/n-r2MKTJ\/Caen\/M&#xE9;morial\/i-MZqk8XW\/0\/ffd60762\/L\/bunker-memorial-caen-L.jpg\" alt=\"bunker\"\/><\/figure>\n\n<p>Deze strategische plek, die verlaten was, is opnieuw ingericht om het verhaal te vertellen en bezoekers nieuwe perspectieven te bieden op de Duitse bezetting en het verzet in 1991. We ontdekten de volgende thema&#8217;s: Calvados onder de bezetting, de Atlantikwall en de 716e Divisie tegenover D-Day. U vindt er objecten, video&#8217;s en referentieteksten. We hebben echt genoten van de soundscape, die het leven in de bunkers opriep.<\/p>\n\n<figure class=\"wp-block-image size-large is-resized\"><img loading=\"lazy\" decoding=\"async\" src=\"https:\/\/photos.smugmug.com\/Normandie-Lovers\/n-r2MKTJ\/Caen\/M&#xE9;morial\/i-tQMQV8x\/0\/870dff0d\/L\/bunker-memorial-caen-2-L.jpg\" alt=\"Commandopost\" width=\"702\" height=\"526\"\/><figcaption class=\"wp-element-caption\">Commandopost<\/figcaption><\/figure>\n\n<div style=\"margin-top:8%;margin-bottom:8%\" class=\"wp-block-genesis-blocks-gb-container box gb-block-container\"><div class=\"gb-container-inside\"><div class=\"gb-container-content\">\n<div style=\"background-color:#fefefe;margin-top:6%;margin-bottom:6%\" class=\"wp-block-genesis-blocks-gb-container box gb-block-container\"><div class=\"gb-container-inside\"><div class=\"gb-container-content\" style=\"max-width:700px\">\n<div class=\"wp-block-columns inverse is-layout-flex wp-container-core-columns-is-layout-9d6595d7 wp-block-columns-is-layout-flex\">\n<div class=\"wp-block-column texte_planif is-layout-flow wp-block-column-is-layout-flow\" style=\"flex-basis:58%\">\n<h5 class=\"titre_box\">Ontvang onze <span class=\"titre_box_manuscrit\">nieuwsbrief<\/span><\/h5>\n\n\n\n<ul class=\"wp-block-list\">\n<li>Een frisse wind in uw dagelijkse leven op de prachtige bestemmingen van Region Lovers!<\/li>\n\n\n\n<li>Eenmaal per maand<\/li>\n\n\n\n<li>Reclamevrij<\/li>\n<\/ul>\n\n\n\n                <div class='gf_browser_gecko gform_wrapper gravity-theme gform-theme--no-framework waitlist_wrapper' data-form-theme='gravity-theme' data-form-index='0' id='gform_wrapper_3' >\n                        <div class='gform_heading'>\n                            <p class='gform_description'><\/p>\n                        <\/div><form method='post' enctype='multipart\/form-data'  id='gform_3' class='waitlist' action='\/nl\/wp-json\/wp\/v2\/posts\/10257' data-formid='3' novalidate> \r\n <input type='hidden' class='gforms-pum' value='{\"closepopup\":false,\"closedelay\":0,\"openpopup\":false,\"openpopup_id\":0}' \/>\n                        <div class='gform-body gform_body'><div id='gform_fields_3' class='gform_fields top_label form_sublabel_below description_below validation_below'><div id=\"field_3_5\" class=\"gfield gfield--type-honeypot gform_validation_container field_sublabel_below gfield--has-description field_description_below field_validation_below gfield_visibility_visible\"  ><label class='gfield_label gform-field-label' for='input_3_5'>Name<\/label><div class='ginput_container'><input name='input_5' id='input_3_5' type='text' value='' autocomplete='new-password'\/><\/div><div class='gfield_description' id='gfield_description_3_5'>Dit veld is bedoeld voor validatiedoeleinden en moet niet worden gewijzigd.<\/div><\/div><div id=\"field_3_1\" class=\"gfield gfield--type-email gfield--input-type-email gfield_contains_required field_sublabel_below gfield--no-description field_description_below hidden_label field_validation_below gfield_visibility_visible\"  ><label class='gfield_label gform-field-label' for='input_3_1'>E-mail<span class=\"gfield_required\"><span class=\"gfield_required gfield_required_text\">(Vereist)<\/span><\/span><\/label><div class='ginput_container ginput_container_email'>\n                            <input name='input_1' id='input_3_1' type='email' value='' class='large'    aria-required=\"true\" aria-invalid=\"false\"  \/>\n                        <\/div><\/div><fieldset id=\"field_3_3\" class=\"gfield gfield--type-consent gfield--type-choice gfield--input-type-consent gfield_contains_required field_sublabel_below gfield--no-description field_description_below hidden_label field_validation_below gfield_visibility_visible\"  ><legend class='gfield_label gform-field-label gfield_label_before_complex' >RGPD<span class=\"gfield_required\"><span class=\"gfield_required gfield_required_text\">(Vereist)<\/span><\/span><\/legend><div class='ginput_container ginput_container_consent'><input name='input_3.1' id='input_3_3_1' type='checkbox' value='1'   aria-required=\"true\" aria-invalid=\"false\"   \/> <label class=\"gform-field-label gform-field-label--type-inline gfield_consent_label\" for='input_3_3_1' >Ja, ik wil me abonneren op de maandelijkse nieuwsbrief<span class=\"gfield_required gfield_required_text\">(Vereist)<\/span><\/label><input type='hidden' name='input_3.2' value='Ja, ik wil me abonneren op de maandelijkse nieuwsbrief' class='gform_hidden' \/><input type='hidden' name='input_3.3' value='1' class='gform_hidden' \/><\/div><\/fieldset><div id=\"field_3_4\" class=\"gfield gfield--type-website gfield--input-type-website gfield--width-full field_sublabel_below gfield--no-description field_description_below field_validation_below gfield_visibility_hidden\"  ><div class=\"admin-hidden-markup\"><i class=\"gform-icon gform-icon--hidden\" aria-hidden=\"true\" title=\"Dit veld is verborgen bij het bekijken van het formulier\"><\/i><span>Dit veld is verborgen bij het bekijken van het formulier<\/span><\/div><label class='gfield_label gform-field-label' for='input_3_4'>Site Web<\/label><div class='ginput_container ginput_container_website'>\n                    <input name='input_4' id='input_3_4' type='url' value='https:\/\/normandielovers.fr\/nl\/wp-json\/wp\/v2\/posts\/10257' class='large'    placeholder='https:\/\/'  aria-invalid=\"false\" \/>\n                <\/div><\/div><\/div><\/div>\n        <div class='gform-footer gform_footer top_label'> <input type='submit' id='gform_submit_button_3' class='gform_button button' onclick='gform.submission.handleButtonClick(this);' data-submission-type='submit' value='Abonneer'  \/> \n            <input type='hidden' class='gform_hidden' name='gform_submission_method' data-js='gform_submission_method_3' value='postback' \/>\n            <input type='hidden' class='gform_hidden' name='gform_theme' data-js='gform_theme_3' id='gform_theme_3' value='gravity-theme' \/>\n            <input type='hidden' class='gform_hidden' name='gform_style_settings' data-js='gform_style_settings_3' id='gform_style_settings_3' value='{&quot;inputPrimaryColor&quot;:&quot;#204ce5&quot;}' \/>\n            <input type='hidden' class='gform_hidden' name='is_submit_3' value='1' \/>\n            <input type='hidden' class='gform_hidden' name='gform_submit' value='3' \/>\n            \n            <input type='hidden' class='gform_hidden' name='gform_currency' data-currency='EUR' value='SNune\/mluq9inSrJwgdtrWfIm\/Uu6Dilm1VSc1syT8ZXvSMqAgB1VxUKP7UKWyeS8yst7X7FnA7RGtRH81A4DT3qw\/ruqs3+FasAcwq7BzwZ+p4=' \/>\n            <input type='hidden' class='gform_hidden' name='gform_unique_id' value='' \/>\n            <input type='hidden' class='gform_hidden' name='state_3' value='WyJ7XCIzLjFcIjpcIjMxNjA2NDljOTQ4ZTZmNmVjNWZiNTY0Nzg5MTJjNGRkXCIsXCIzLjJcIjpcImFhMTkxYjlmNzIzMWQ0N2U3ODNhYTkzZjMyN2Y0ZWFjXCIsXCIzLjNcIjpcIjMxNjA2NDljOTQ4ZTZmNmVjNWZiNTY0Nzg5MTJjNGRkXCJ9IiwiYzM5MzhjZjk4NTBhMzZmYjBmOGQ1MWY5ZTNiMWNjYzQiXQ==' \/>\n            <input type='hidden' autocomplete='off' class='gform_hidden' name='gform_target_page_number_3' id='gform_target_page_number_3' value='0' \/>\n            <input type='hidden' autocomplete='off' class='gform_hidden' name='gform_source_page_number_3' id='gform_source_page_number_3' value='1' \/>\n            <input type='hidden' name='gform_field_values' value='' \/>\n            \n        <\/div>\n                        <\/form>\n                        <\/div><script>\ngform.initializeOnLoaded( function() {gformInitSpinner( 3, 'https:\/\/normandielovers.fr\/wp-content\/plugins\/gravityforms\/images\/spinner.svg', true );jQuery('#gform_ajax_frame_3').on('load',function(){var contents = jQuery(this).contents().find('*').html();var is_postback = contents.indexOf('GF_AJAX_POSTBACK') >= 0;if(!is_postback){return;}var form_content = jQuery(this).contents().find('#gform_wrapper_3');var is_confirmation = jQuery(this).contents().find('#gform_confirmation_wrapper_3').length > 0;var is_redirect = contents.indexOf('gformRedirect(){') >= 0;var is_form = form_content.length > 0 && ! is_redirect && ! is_confirmation;var mt = parseInt(jQuery('html').css('margin-top'), 10) + parseInt(jQuery('body').css('margin-top'), 10) + 100;if(is_form){jQuery('#gform_wrapper_3').html(form_content.html());if(form_content.hasClass('gform_validation_error')){jQuery('#gform_wrapper_3').addClass('gform_validation_error');} else {jQuery('#gform_wrapper_3').removeClass('gform_validation_error');}setTimeout( function() { \/* delay the scroll by 50 milliseconds to fix a bug in chrome *\/  }, 50 );if(window['gformInitDatepicker']) {gformInitDatepicker();}if(window['gformInitPriceFields']) {gformInitPriceFields();}var current_page = jQuery('#gform_source_page_number_3').val();gformInitSpinner( 3, 'https:\/\/normandielovers.fr\/wp-content\/plugins\/gravityforms\/images\/spinner.svg', true );jQuery(document).trigger('gform_page_loaded', [3, current_page]);window['gf_submitting_3'] = false;}else if(!is_redirect){var confirmation_content = jQuery(this).contents().find('.GF_AJAX_POSTBACK').html();if(!confirmation_content){confirmation_content = contents;}jQuery('#gform_wrapper_3').replaceWith(confirmation_content);jQuery(document).trigger('gform_confirmation_loaded', [3]);window['gf_submitting_3'] = false;wp.a11y.speak(jQuery('#gform_confirmation_message_3').text());}else{jQuery('#gform_3').append(contents);if(window['gformRedirect']) {gformRedirect();}}jQuery(document).trigger(\"gform_pre_post_render\", [{ formId: \"3\", currentPage: \"current_page\", abort: function() { this.preventDefault(); } }]);        if (event && event.defaultPrevented) {                return;        }        const gformWrapperDiv = document.getElementById( \"gform_wrapper_3\" );        if ( gformWrapperDiv ) {            const visibilitySpan = document.createElement( \"span\" );            visibilitySpan.id = \"gform_visibility_test_3\";            gformWrapperDiv.insertAdjacentElement( \"afterend\", visibilitySpan );        }        const visibilityTestDiv = document.getElementById( \"gform_visibility_test_3\" );        let postRenderFired = false;        function triggerPostRender() {            if ( postRenderFired ) {                return;            }            postRenderFired = true;            gform.core.triggerPostRenderEvents( 3, current_page );            if ( visibilityTestDiv ) {                visibilityTestDiv.parentNode.removeChild( visibilityTestDiv );            }        }        function debounce( func, wait, immediate ) {            var timeout;            return function() {                var context = this, args = arguments;                var later = function() {                    timeout = null;                    if ( !immediate ) func.apply( context, args );                };                var callNow = immediate && !timeout;                clearTimeout( timeout );                timeout = setTimeout( later, wait );                if ( callNow ) func.apply( context, args );            };        }        const debouncedTriggerPostRender = debounce( function() {            triggerPostRender();        }, 200 );        if ( visibilityTestDiv && visibilityTestDiv.offsetParent === null ) {            const observer = new MutationObserver( ( mutations ) => {                mutations.forEach( ( mutation ) => {                    if ( mutation.type === 'attributes' && visibilityTestDiv.offsetParent !== null ) {                        debouncedTriggerPostRender();                        observer.disconnect();                    }                });            });            observer.observe( document.body, {                attributes: true,                childList: false,                subtree: true,                attributeFilter: [ 'style', 'class' ],            });        } else {            triggerPostRender();        }    } );} );\n<\/script>\n<\/div>\n\n\n\n<div class=\"wp-block-column is-layout-flow wp-block-column-is-layout-flow\" style=\"flex-basis:42%\">\n<div class=\"wp-block-genesis-blocks-gb-container aligncenter newsletter-radius gb-block-container\"><div class=\"gb-container-inside\"><div class=\"gb-container-content\"><div class=\"wp-block-image newsletter-image\">\n<figure class=\"aligncenter size-full\"><img loading=\"lazy\" decoding=\"async\" width=\"729\" height=\"792\" src=\"https:\/\/normandielovers.fr\/wp-content\/uploads\/2024\/01\/newsletter_FR_2.png\" alt=\"\" class=\"wp-image-12777\" srcset=\"https:\/\/normandielovers.fr\/wp-content\/uploads\/2024\/01\/newsletter_FR_2.png 729w, https:\/\/normandielovers.fr\/wp-content\/uploads\/2024\/01\/newsletter_FR_2-276x300.png 276w\" sizes=\"auto, (max-width: 729px) 100vw, 729px\" \/><\/figure>\n<\/div><\/div><\/div><\/div>\n<\/div>\n<\/div>\n<\/div><\/div><\/div>\n<\/div><\/div><\/div>\n\n<h2 class=\"wp-block-heading\">Na 1945<\/h2>\n\n<p>Het museum is een ideale overgang naar het naoorlogse tijdperk en biedt een visuele en audio-ervaring om u te helpen onze gedeelde Europese geschiedenis beter te begrijpen. Deze terugblik op de twintigste eeuw is erg verrijkend voor ons geweest. De film, die in 360\u00b0 op 11 schermen werd vertoond, opende onze ogen voor het begrip vrede. Maar al te vaak hebben we de neiging om te vergeten dat dit gemeenschappelijk goed over de hele wereld erg kwetsbaar blijft. Na de 2 Wereldoorlogen te hebben behandeld, introduceerde de korte film de Koude Oorlog. Bereid u voor om alle details van deze historische periode te ontdekken tijdens de rest van de tour!<\/p>\n\n<figure class=\"wp-block-image size-large\"><img decoding=\"async\" src=\"https:\/\/photos.smugmug.com\/Normandie-Lovers\/n-r2MKTJ\/Caen\/M&#xE9;morial\/i-rLzmTvn\/0\/d419f0e3\/L\/exposition-guerre-froide-memorial-caen-10-L.jpg\" alt=\"360&#xB0;-bioscoop\"\/><\/figure>\n\n<h3 class=\"wp-block-heading\">De Koude Oorlog<\/h3>\n\n<p>Na de overwinning van de Geallieerden op Duitsland in 1945 staan de 2 grote supermachten van de wereld indirect op gespannen voet met elkaar. We noemen deze lange periode van onveiligheid de Koude Oorlog. De Amerikaanse democratie en het Sovjetimperium hebben niet dezelfde kijk op de wereld. Door middel van realistische ensceneringen legde het monument de botsing tussen deze 2 naties vast. Wij vonden de invalshoek van het museum erg relevant.<\/p>\n\n<figure class=\"wp-block-image size-large\"><img decoding=\"async\" src=\"https:\/\/photos.smugmug.com\/Normandie-Lovers\/n-r2MKTJ\/Caen\/M&#xE9;morial\/i-JKvBSnB\/0\/e97a3760\/L\/exposition-guerre-froide-memorial-caen-6-L.jpg\" alt=\"reconstructie van een periode interieur tijdens de Koude Oorlog\"\/><\/figure>\n\n<p>Elk systeem pleit op zijn beurt voor de superioriteit van zijn eigen economische en politieke model. De spanning is dus aan beide kanten verschrikkelijk. De grootmachten maken bijvoorbeeld gebruik van sportevenementen, zoals de Olympische Spelen, om indirect de confrontatie met elkaar aan te gaan. Maar dat is niet alles: we leerden ook dat propaganda opnieuw een wapen was dat in dienst van de oorlog werd gebruikt. Televisie, kranten, films en toespraken werden allemaal gebruikt om hun ideologie\u00ebn te verspreiden. Dankzij de reconstructies van de interieurs van huizen konden we ons in de huid van een Amerikaan en in die van een Sovjetpersoon verplaatsen. Het was een zeer interessante onderdompeling die we geweldig vonden!<\/p>\n\n<figure class=\"wp-block-image size-large\"><img decoding=\"async\" src=\"https:\/\/photos.smugmug.com\/Normandie-Lovers\/n-r2MKTJ\/Caen\/M&#xE9;morial\/i-2ZBSJLv\/0\/9d3595a9\/L\/exposition-guerre-froide-memorial-caen-5-L.jpg\" alt=\"race voor sportieve records\"\/><\/figure>\n\n<h3 class=\"wp-block-heading\">Het klimaat van terreur<\/h3>\n\n<p>Het begrip Koude Oorlog weerspiegelt duidelijk dit idee van een potentieel conflict dat op elk moment kan ontstaan. Het klimaat van spanning en onzekerheid aan beide kanten was voelbaar. Iedereen vreesde een fataal omslagpunt naar een nieuwe wereldoorlog. De Verenigde Staten zonden een alarmerende boodschap uit dat er een nucleaire oorlog dreigde. We keken naar de uitrusting van gezinnen die zich op de mogelijkheid van een dergelijke gebeurtenis hadden voorbereid. Kunt u zich voorstellen dat u naar buiten gaat om een anti-stralingsuitrusting of overlevingspakket te kopen? We kruipen in de huid van de burgers, die compleet bang en machteloos moeten zijn geweest.<\/p>\n\n<figure class=\"wp-block-image size-large\"><img decoding=\"async\" src=\"https:\/\/photos.smugmug.com\/Normandie-Lovers\/n-r2MKTJ\/Caen\/M&#xE9;morial\/i-qTHQ5gM\/0\/b352807c\/L\/exposition-guerre-froide-memorial-caen-1-L.jpg\" alt=\"angst voor kernwapens\"\/><\/figure>\n\n<p>Op niveau -1 waren we onder de indruk van het Sovjet MIG 21 gevechtsvliegtuig. Het belichaamt de verwoede wapenwedloop waarin de 2 blokken zijn terechtgekomen. Wat een vreselijk gevoel van angst moeten mensen gehad hebben toen ze met zulke wapens geconfronteerd werden! De nucleaire dreiging woog zwaar op het moreel van iedereen. We vonden dat het gedenkteken erin slaagde om de gebeurtenissen in perspectief te plaatsen en om ons in de schoenen van de burgers van die tijd te plaatsen. We waren helemaal in de ban van deze tentoonstelling!  <\/p>\n\n<figure class=\"wp-block-image size-large\"><img decoding=\"async\" src=\"https:\/\/photos.smugmug.com\/Normandie-Lovers\/n-r2MKTJ\/Caen\/M&#xE9;morial\/i-Sgmr3Hz\/0\/776b4f5f\/L\/avion-memorial-caen-2-L.jpg\" alt=\"Sovjet MIG 21 gevechtsvliegtuig\"\/><\/figure>\n\n<h3 class=\"wp-block-heading\">De rol van Berlijn in de Koude Oorlog<\/h3>\n\n<p>Tijdens de Koude Oorlog was Berlijn verdeeld in 4 bezettingszones door de Amerikanen en de Sovjets. De stad werd het symbool van deze historische gebeurtenis. Tijdens dit deel van ons bezoek ontdekten we enkele verrassende spionagetechnieken die in Berlijn werden gebruikt. Weet u wat er verborgen zit in de rode handtas op onze foto? We hebben zelfs een spioncamera ontdekt!<\/p>\n\n<figure class=\"wp-block-image size-large\"><img decoding=\"async\" src=\"https:\/\/photos.smugmug.com\/Normandie-Lovers\/n-r2MKTJ\/Caen\/M&#xE9;morial\/i-2kSc2SQ\/0\/4120da1d\/L\/blocus-berlin-memorial-caen-1-L.jpg\" alt=\"tentoonstelling over Berlijn\"\/><\/figure>\n\n<p>In het museum konden we delen van de <a href=\"https:\/\/www.geo.fr\/histoire\/chute-du-mur-de-berlin-et-soudain-un-monde-s-est-effondre-127662\" target=\"_blank\" rel=\"noreferrer noopener nofollow\">Berlijnse<\/a> Muur zien. Deze hermetische grens werd in 1961 gebouwd om Oost- en West-Duitsland fysiek van elkaar te scheiden en symboliseerde de deling van Europa. De val in 1989 was een belangrijke historische gebeurtenis en markeerde het einde van de Koude Oorlog en de hereniging van het land. Of u nu een geschiedenisfanaat bent of gewoon nieuwsgierig, er staat u een rijke en intense tijd te wachten bij het Caen Memorial. De museografie is zo fascinerend dat we niet eens merkten dat hij 3 uur lang weg was! Wij denken dat het een onvergetelijke educatieve ervaring is.<\/p>\n\n<figure class=\"wp-block-image size-large\"><img decoding=\"async\" src=\"https:\/\/photos.smugmug.com\/Normandie-Lovers\/n-r2MKTJ\/Caen\/M&#xE9;morial\/i-crvP5VH\/0\/7c60627b\/L\/pans-mur-berlin-memorial-caen-L.jpg\" alt=\"De Berlijnse Muur\"\/><figcaption class=\"wp-element-caption\">De Berlijnse Muur<\/figcaption><\/figure>\n\n<div style=\"margin-top:8%;margin-bottom:8%\" class=\"wp-block-genesis-blocks-gb-container box gb-block-container\"><div class=\"gb-container-inside\"><div class=\"gb-container-content\">\n<div class=\"wp-block-columns inverse is-layout-flex wp-container-core-columns-is-layout-9d6595d7 wp-block-columns-is-layout-flex\">\n<div class=\"wp-block-column texte_planif is-layout-flow wp-block-column-is-layout-flow\" style=\"flex-basis:58%\">\n<h5 class=\"titre_box\" style=\"padding-top:10px\"><span>ONTDEK <\/span><span class=\"titre_box_manuscrit\">Caen<\/span><\/h5>\n\n\n\n<ul class=\"wp-block-list\">\n<li style=\"font-size:14px\"><a href=\"https:\/\/normandielovers.fr\/nl\/bezienswaardigheden-caen-bezoek\/\" target=\"_blank\" rel=\"noreferrer noopener\">Wat te doen in Caen<\/a><\/li>\n\n\n\n<li style=\"font-size:14px\">Waar overnachten in Caen: <a href=\"https:\/\/normandielovers.fr\/meilleur-hotel-caen-ou-dormir\/\" target=\"_blank\" rel=\"noreferrer noopener\">onze beste hotels<\/a><\/li>\n\n\n\n<li style=\"font-size:14px\"><a href=\"https:\/\/normandielovers.fr\/nl\/beste-restaurants-caen-eten\/\" target=\"_blank\" rel=\"noreferrer noopener\">Waar te eten in Caen: onze beste restaurants<\/a> <\/li>\n\n\n\n<li style=\"font-size:14px\"><a href=\"https:\/\/normandielovers.fr\/nl\/beste-musea-chateau-caen-bezoek\/\" target=\"_blank\" rel=\"noreferrer noopener\">De beste musea in Caen<\/a><\/li>\n\n\n\n<li style=\"font-size:14px\">Routes: <a href=\"https:\/\/normandielovers.fr\/nl\/bezoek-1-dag-caen-route\/\" target=\"_blank\" rel=\"noreferrer noopener\">1 dag<\/a> &#8211; <a href=\"https:\/\/normandielovers.fr\/nl\/bezoek-2-dagen-caen-reissroute\/\" target=\"_blank\" rel=\"noreferrer noopener\">2 dagen<\/a><\/li>\n\n\n\n<li style=\"font-size:14px\"><a href=\"https:\/\/normandielovers.fr\/nl\/bezoek-chateau-caen-kasteel\/\" target=\"_blank\" rel=\"noreferrer noopener\">Kasteel van Caen<\/a><\/li>\n\n\n\n<li style=\"font-size:14px\"><a href=\"https:\/\/normandielovers.fr\/nl\/bezoek-memorial-caen-museum\/\" target=\"_blank\" rel=\"noreferrer noopener\">Herdenkingsmuseum Caen<\/a><\/li>\n\n\n\n<li style=\"font-size:14px\">Huur een auto in Caen: <a href=\"https:\/\/normandielovers.fr\/nl\/autoverhuur-caen\/\" target=\"_blank\" rel=\"noreferrer noopener\">ons advies<\/a><\/li>\n<\/ul>\n<\/div>\n\n\n\n<div class=\"wp-block-column ville-radius is-layout-flow wp-block-column-is-layout-flow\" style=\"flex-basis:42%\">\n<figure class=\"wp-block-image size-large img-portrait\"><img decoding=\"async\" src=\"https:\/\/photos.smugmug.com\/Travel\/Normandie\/R20g-Caen\/i-PtCTs2r\/4\/ce3c5182\/L\/caen_Normandie-4484-L.jpg\" alt=\"\" title=\"\"\/><\/figure>\n<\/div>\n<\/div>\n<\/div><\/div><\/div>\n\n<h2 class=\"wp-block-heading\">De herdenkingstuinen bij het Memorial van Caen<\/h2>\n\n<p>Het monument heeft een groot park, verdeeld in verschillende tuinen. Er is ook de Memorial Valley, die u op onze foto hieronder kunt zien. De Gardens of Remembrance zijn herdenkingsplaatsen die eer betonen aan de geallieerde soldaten die hun leven verloren in Normandi\u00eb. We genoten van dit uitgestrekte natuurgebied dat gewijd was aan de plicht om te gedenken. Elk jaar op 6 juni worden in de tuinen van het museum ceremonies gehouden ter herdenking van de D-Day landingen.<\/p>\n\n<figure class=\"wp-block-image size-large\"><img decoding=\"async\" src=\"https:\/\/photos.smugmug.com\/Normandie-Lovers\/n-r2MKTJ\/Caen\/M&#xE9;morial\/i-FbsF5Cq\/0\/5e7bfead\/L\/parc-memorial-caen-L.jpg\" alt=\"Gedenkvallei  \"\/><figcaption class=\"wp-element-caption\">Gedenkvallei  <\/figcaption><\/figure>\n\n<h3 class=\"wp-block-heading\">De Canadese Tuin<\/h3>\n\n<p>De Canadese Tuin is ontworpen door 12 architectuurstudenten van de universiteiten van Montreal en Ottawa en is een plek om te mediteren. Op de lage muur zagen we de gegraveerde namen van de 122 Normandische steden die door Canadese soldaten bevrijd werden. We voelden dankbaarheid tegenover deze helden die een sleutelrol speelden in de bevrijding van Normandi\u00eb.  <\/p>\n\n<figure class=\"wp-block-image size-large\"><img decoding=\"async\" src=\"https:\/\/photos.smugmug.com\/Normandie-Lovers\/n-r2MKTJ\/Caen\/M&#xE9;morial\/i-WPM5Nmq\/0\/ccdc9979\/L\/parc-memorial-caen-1-L.jpg\" alt=\"De Canadese Tuin\"\/><\/figure>\n\n<h3 class=\"wp-block-heading\">De Amerikaanse tuin<\/h3>\n\n<p>Ter gelegenheid van de 50e verjaardag van de bevrijding van Europa werd de Amerikaanse Tuin in 1994 ingehuldigd. Wij vonden deze gedenkplaats erg po\u00ebtisch. Het is gestructureerd rond een waterval, die het leven symboliseert, en in de buurt daarvan staan borden die de 50 Amerikaanse staten voorstellen. Neem de tijd om na te denken over uw bezoek aan het monument.<\/p>\n\n<figure class=\"wp-block-image size-large\"><img decoding=\"async\" src=\"https:\/\/photos.smugmug.com\/Normandie-Lovers\/n-r2MKTJ\/Caen\/M&#xE9;morial\/i-J5p7mWM\/1\/0a2a6e9c\/L\/jardins-musee-memorial-caen-L.jpg\" alt=\"De Amerikaanse tuin\"\/><\/figure>\n\n<h3 class=\"wp-block-heading\">De Britse tuin<\/h3>\n\n<p>Prins Charles huldigde de British Garden in 2004 in. Ontworpen met de hulp van de stad Caen om de Britse soldaten te herdenken die stierven om Frankrijk te bevrijden, genoten we echt van deze ruimte gewijd aan herdenken. In het midden van de tuin staat de Tempel van de Geesten, een unieke meditatieplek. Neem dit moment om adem te halen en na te denken over alles wat u tijdens uw bezoek aan het monument hebt gezien.<\/p>\n\n<figure class=\"wp-block-image size-large\"><img decoding=\"async\" src=\"https:\/\/photos.smugmug.com\/Normandie-Lovers\/n-r2MKTJ\/Caen\/M&#xE9;morial\/i-9GQ5Xz6\/0\/0c5c4b6f\/L\/jardins-memorial-caen-3-L.jpg\" alt=\"De Britse tuin\"\/><\/figure>\n\n<div style=\"margin-top:8%;margin-bottom:8%\" class=\"wp-block-genesis-blocks-gb-container box gb-block-container\"><div class=\"gb-container-inside\"><div class=\"gb-container-content\" style=\"max-width:700px\">\n<div class=\"wp-block-genesis-blocks-gb-container box_titre gb-block-container\"><div class=\"gb-container-inside\"><div class=\"gb-container-content\">\n<h5 class=\"titre_box\"><span>PLAN UW REIS<\/span> NAAR <span class=\"titre_box_manuscrit\">Normandi\u00eb<\/span><\/h5>\n<\/div><\/div><\/div>\n\n\n\n<hr class=\"wp-block-separator has-text-color has-alpha-channel-opacity has-background is-style-wide hr-box-planif\" style=\"background-color:#ccd3dd;color:#ccd3dd\"\/>\n\n\n\n<div class=\"wp-block-columns box_sans_border is-layout-flex wp-container-core-columns-is-layout-9d6595d7 wp-block-columns-is-layout-flex\">\n<div class=\"wp-block-column texte_planif is-layout-flow wp-block-column-is-layout-flow\" style=\"flex-basis:60%\">\n<p style=\"font-size:16px;margin-top:10px;\" class=\"option_titre2\"><strong><span><\/span>Inspiratie bestemmingen<\/strong><\/p>\n\n\n\n<ul class=\"wp-block-list\">\n<li style=\"font-size:14px\">Beslissen <a href=\"https:\/\/normandielovers.fr\/nl\/normandie-bestemmingen\/\" target=\"_blank\" rel=\"noreferrer noopener\">waarheen in Normandi\u00eb<\/a> &#8211; topbestemmingen<\/li>\n\n\n\n<li style=\"font-size:14px\">Onze weekendidee\u00ebn: <a href=\"https:\/\/normandielovers.fr\/nl\/idees-week-end-normandie\/\" target=\"_blank\" rel=\"noreferrer noopener\">best-of<\/a>, <a href=\"https:\/\/normandielovers.fr\/nl\/ideeen-romantisch-weekend-normandie\/\" target=\"_blank\" rel=\"noreferrer noopener\">romantisch<\/a>, <a href=\"https:\/\/normandielovers.fr\/nl\/weekend-ongewoon-normandie\/\" target=\"_blank\" rel=\"noreferrer noopener\">ongewoon<\/a>, <a href=\"https:\/\/normandielovers.fr\/nl\/weekend-aan-zee-normandie\/\" target=\"_blank\" rel=\"noreferrer noopener\">zee<\/a>, <a href=\"https:\/\/normandielovers.fr\/nl\/weekend-luxe-normandie\/\" target=\"_blank\" rel=\"noreferrer noopener\">luxe<\/a>, <a href=\"https:\/\/normandielovers.fr\/nl\/ideeen-weekend-familie-normandie\/\" target=\"_blank\" rel=\"noreferrer noopener\">familie<\/a><\/li>\n\n\n\n<li style=\"font-size:14px\"><a href=\"https:\/\/normandielovers.fr\/nl\/hotel-aan-zee-normandie-strand\/\" target=\"_blank\" rel=\"noreferrer noopener\">16 hotels aan zee in Normandi\u00eb<\/a><\/li>\n\n\n\n<li style=\"font-size:14px\"><a href=\"https:\/\/normandielovers.fr\/plus-beaux-hotels-charme-normandie-avis\/\" target=\"_blank\" rel=\"noreferrer noopener\">De mooiste charmehotels in Normandi\u00eb<\/a><\/li>\n<\/ul>\n<\/div>\n\n\n\n<div class=\"wp-block-column is-vertically-aligned-top planif-radius is-layout-flow wp-block-column-is-layout-flow\" style=\"flex-basis:40%\">\n<figure class=\"wp-block-image size-large img-portrait\"><img decoding=\"async\" src=\"https:\/\/photos.smugmug.com\/Travel\/Normandie\/Honfleur\/i-9B7t4h8\/0\/768041c8\/L\/Honfleur_coucher_soleil-15-L.jpg\" alt=\"\" title=\"\"\/><\/figure>\n<\/div>\n<\/div>\n\n\n\n<hr class=\"wp-block-separator has-text-color has-alpha-channel-opacity has-background is-style-wide hr-box-planif\" style=\"background-color:#ccd3dd;color:#ccd3dd\"\/>\n\n\n\n<div class=\"wp-block-columns box_sans_border is-layout-flex wp-container-core-columns-is-layout-9d6595d7 wp-block-columns-is-layout-flex\">\n<div class=\"wp-block-column texte_planif is-layout-flow wp-block-column-is-layout-flow\" style=\"flex-basis:60%\">\n<p style=\"font-size:16px;margin-top:10px;\" class=\"option_titre\"><strong><span s=\"\"><\/span>  Het beste van<\/strong><\/p>\n\n\n\n<ul class=\"wp-block-list\">\n<li style=\"font-size:14px\"><a href=\"https:\/\/normandielovers.fr\/nl\/normandie-bezienswaardigheden\/\" target=\"_blank\" rel=\"noreferrer noopener\">Normandi\u00eb bezienswaardigheden<\/a><\/li>\n\n\n\n<li style=\"font-size:14px\"><a href=\"https:\/\/normandielovers.fr\/nl\/mooiste-steden-normandie-stadjes\/\" target=\"_blank\" rel=\"noreferrer noopener\">De mooiste steden in Normandi\u00eb<\/a><\/li>\n\n\n\n<li style=\"font-size:14px\"><a href=\"https:\/\/normandielovers.fr\/nl\/mooiste-stranden-normandie\/\" target=\"_blank\" rel=\"noreferrer noopener\">De mooiste stranden van Normandi\u00eb<\/a><\/li>\n\n\n\n<li style=\"font-size:14px\"><a href=\"https:\/\/normandielovers.fr\/nl\/mooiste-dorpen-normandie\/\" target=\"_blank\" rel=\"noreferrer noopener\">De mooiste dorpen van Normandi\u00eb<\/a><\/li>\n\n\n\n<li style=\"font-size:14px\"><a href=\"https:\/\/normandielovers.fr\/nl\/kastelen-normandie\/\" target=\"_blank\" rel=\"noreferrer noopener\">De mooiste kastelen in Normandi\u00eb<\/a><\/li>\n\n\n\n<li style=\"font-size:14px\"><a href=\"https:\/\/normandielovers.fr\/nl\/abdijen-normandie\/\" target=\"_blank\" rel=\"noreferrer noopener\">De mooiste abdijen in Normandi\u00eb<\/a><\/li>\n\n\n\n<li style=\"font-size:14px\">Lees onze volledige gids voor <a href=\"https:\/\/normandielovers.fr\/nl\/mont-saint-michel-bezoeken\/\" target=\"_blank\" rel=\"noreferrer noopener\">een bezoek aan Mont-Saint-Michel<\/a><\/li>\n\n\n\n<li style=\"font-size:14px\">Ontdek de <a href=\"https:\/\/normandielovers.fr\/nl\/invasie-normandie-landinsplaaten\/\" target=\"_blank\" rel=\"noreferrer noopener\">landingsplaatsen<\/a><\/li>\n<\/ul>\n<\/div>\n\n\n\n<div class=\"wp-block-column is-vertically-aligned-top planif-radius is-layout-flow wp-block-column-is-layout-flow\" style=\"flex-basis:40%\">\n<figure class=\"wp-block-image size-large img-portrait\"><img decoding=\"async\" src=\"https:\/\/photos.smugmug.com\/Travel\/Normandie\/Etretat-falaise-aval\/i-T9X65rq\/7\/d9bf1b0c\/L\/falaises_etretat_normandie-6956-L.jpg\" alt=\"\" title=\"\"\/><\/figure>\n<\/div>\n<\/div>\n\n\n\n<hr class=\"wp-block-separator has-text-color has-alpha-channel-opacity has-background is-style-wide hr-box-planif\" style=\"background-color:#ccd3dd;color:#ccd3dd\"\/>\n\n\n\n<div class=\"wp-block-columns box_sans_border is-layout-flex wp-container-core-columns-is-layout-9d6595d7 wp-block-columns-is-layout-flex\">\n<div class=\"wp-block-column texte_planif is-layout-flow wp-block-column-is-layout-flow\" style=\"flex-basis:60%\">\n<p style=\"font-size:16px;margin-top:10px;\" class=\"option_titre\"><strong><span><\/span>  Praktijk<\/strong><\/p>\n\n\n\n<ul class=\"wp-block-list\">\n<li style=\"font-size:14px\"><a href=\"https:\/\/normandielovers.fr\/nl\/waar-overnachten-normandie-best-hotel\/\" target=\"_blank\" rel=\"noreferrer noopener\">Waar overnachten in Normandi\u00eb<\/a> &#8211; beste plaatsen en hotels<\/li>\n\n\n\n<li style=\"font-size:14px\">Bekijk onze tips voor het huren van een auto op <a href=\"https:\/\/normandielovers.fr\/nl\/auto-huren-cdg-luchthaven-parijs\/\" target=\"_blank\" rel=\"noreferrer noopener\">de luchthavens CDG<\/a>, <a href=\"https:\/\/normandielovers.fr\/nl\/auto-huuern-orly-luchthaven-paris\/\" target=\"_blank\" rel=\"noreferrer noopener\">Orly<\/a>, <a href=\"https:\/\/normandielovers.fr\/nl\/auto-huren-beauvais-luchthaven\/\" target=\"_blank\" rel=\"noreferrer noopener\">Beauvais<\/a>, <a href=\"https:\/\/normandielovers.fr\/nl\/autoverhuur-caen\/\" target=\"_blank\" rel=\"noreferrer noopener\">Caen<\/a>, <a href=\"https:\/\/normandielovers.fr\/nl\/auto-huren-rouen-treinstation\/\" target=\"_blank\" rel=\"noreferrer noopener\">Rouen<\/a>, <a href=\"https:\/\/normandielovers.fr\/nl\/auto-huren-bayeux\/\" target=\"_blank\" rel=\"noreferrer noopener\">Bayeux<\/a>&#8230;<\/li>\n<\/ul>\n<\/div>\n\n\n\n<div class=\"wp-block-column is-vertically-aligned-top planif-radius is-layout-flow wp-block-column-is-layout-flow\" style=\"flex-basis:40%\">\n<figure class=\"wp-block-image size-large img-portrait\"><img decoding=\"async\" src=\"https:\/\/photos.smugmug.com\/Normandie-Lovers\/Bayeux\/Ville\/i-7m2kFVR\/1\/ca62aa6c\/L\/Bayeux_ville-12-3-L.jpg\" alt=\"\" title=\"\"\/><\/figure>\n<\/div>\n<\/div>\n\n\n\n<div class=\"wp-block-buttons planif_bouton is-content-justification-center is-layout-flex wp-container-core-buttons-is-layout-16018d1d wp-block-buttons-is-layout-flex\">\n<div class=\"wp-block-button has-custom-font-size\" style=\"font-size:14px\"><a class=\"wp-block-button__link has-white-color has-text-color wp-element-button\" href=\"https:\/\/normandielovers.fr\/nl\/roadtrip-normandie-riestips\/\" style=\"border-radius:4px\" target=\"_blank\" rel=\"noreferrer noopener\">Bekijk al onze adviezen  <img decoding=\"async\" class=\"wp-image-3266 img_fleche\" style=\"width: 16px;  \" src=\"https:\/\/corsicalovers.fr\/wp-content\/uploads\/2023\/03\/ArrowRight.png\" alt=\"pijl\"\/><\/a><\/div>\n<\/div>\n\n\n\n<div class=\"wp-block-genesis-blocks-gb-container box-texte gb-block-container\"><div class=\"gb-container-inside\"><div class=\"gb-container-content\"><\/div><\/div><\/div>\n<\/div><\/div><\/div>\n\n<h2 class=\"wp-block-heading\">Maar voordat ze het gedenkteken verlieten&#8230;<\/h2>\n\n<p>Wacht, ga nog niet! Het museum heeft nog meer verrassingen om met u te delen!<\/p>\n\n<h3 class=\"wp-block-heading\">De gedenkwinkel van Caen<\/h3>\n\n<p>Wilt u geen souvenir van het monument mee naar huis nemen? De boekwinkel annex boetiek verwelkomt u met een unieke selectie boeken en voorwerpen over de geschiedenis van de 20e eeuw en de Tweede Wereldoorlog. U kunt <a href=\"https:\/\/boutique-memorial.fr\/fr\/\" target=\"_blank\" rel=\"noreferrer noopener nofollow\">hier<\/a> zelfs naar hun online winkel gaan.<\/p>\n\n<figure class=\"wp-block-image size-large\"><img decoding=\"async\" src=\"https:\/\/photos.smugmug.com\/Normandie-Lovers\/n-r2MKTJ\/Caen\/M&#xE9;morial\/i-Gp5xkd2\/0\/a0cb98d5\/L\/boutique-souvenir-memorial-caen-L.jpg\" alt=\"museum boekwinkel\"\/><\/figure>\n\n<h3 class=\"wp-block-heading\">De mediabibliotheek<\/h3>\n\n<p>Wilt u meer leren over de geschiedenis van de 20e eeuw aan de hand van literatuur? De mediatheek van het Memorial is gratis toegankelijk voor het publiek. De collectie kan ter plaatse worden geraadpleegd. Leun achterover, ontspan en dompel uzelf onder in de Tweede Wereldoorlog!<\/p>\n\n<figure class=\"wp-block-image size-large\"><img decoding=\"async\" src=\"https:\/\/photos.smugmug.com\/Normandie-Lovers\/n-r2MKTJ\/Caen\/M&#xE9;morial\/i-4fB5dHR\/0\/acfc103e\/L\/mediatheque-memorial-caen-1-L.jpg\" alt=\"mediabibliotheek\"\/><\/figure>\n\n<h3 class=\"wp-block-heading\">De Patrick Chauvel tentoonstelling<\/h3>\n\n<p>Hebt u nog energie voor een laatste tentoonstelling voordat u het museum verlaat? Op niveau +1 krijgt u toegang tot de Patrick Chauvel collectie. Hij is een groot oorlogsverslaggever die de wereldconflicten van de afgelopen 50 jaar heeft vereeuwigd. We vonden zijn werk erg po\u00ebtisch en vol menselijkheid. Het is ook een fotogalerij die ons herinnert aan de trieste realiteit en die ons doet twijfelen aan het idee van vrede in de wereld.  <\/p>\n\n<figure class=\"wp-block-image size-large\"><img decoding=\"async\" src=\"https:\/\/photos.smugmug.com\/Normandie-Lovers\/n-r2MKTJ\/Caen\/M&#xE9;morial\/i-jzGLZjG\/0\/918f9388\/L\/photos-patrick-chauvel-memorial-caen-L.jpg\" alt=\"Patrick Chauvel tentoonstelling\"\/><\/figure>\n\n<p><em>Al onze tips in dit artikel zijn verwoord met de hulp van Elisa.<\/em><\/p>\n","protected":false},"excerpt":{"rendered":"<p>Bent u van plan om het Museum Memorial de Caen te bezoeken? Een must-see bij een bezoek aan Normandi\u00eb, we doken in het hart van de twintigste-eeuwse geschiedenis. We zullen ons bezoek aan het museum nooit vergeten, want we waren geboeid en leerzaam! Het monument, dat in 1988 door Fran\u00e7ois Mitt\u00e9rand werd ingehuldigd, heeft als [&hellip;]<\/p>\n","protected":false},"author":2,"featured_media":9873,"comment_status":"closed","ping_status":"closed","sticky":false,"template":"","format":"standard","meta":{"_genesis_hide_title":false,"_genesis_hide_breadcrumbs":false,"_genesis_hide_singular_image":false,"_genesis_hide_footer_widgets":false,"_genesis_custom_body_class":"","_genesis_custom_post_class":"","_genesis_layout":"","footnotes":""},"categories":[127],"tags":[],"class_list":{"0":"post-10257","1":"post","2":"type-post","3":"status-publish","4":"format-standard","5":"has-post-thumbnail","7":"category-caen-omgeving","8":"entry"},"yoast_head":"<!-- This site is optimized with the Yoast SEO plugin v27.2 - https:\/\/yoast.com\/product\/yoast-seo-wordpress\/ -->\n<title>Bezoek het Museum Memorial de Caen (tips + foto&#039;s)<\/title>\n<meta name=\"description\" content=\"Bent u van plan om het Memorial de Caen te bezoeken? Ontdek deze gedenkplaats aan de hand van ons ervaringsverhaal en onze foto&#039;s!\" \/>\n<meta name=\"robots\" content=\"index, follow, max-snippet:-1, max-image-preview:large, max-video-preview:-1\" \/>\n<link rel=\"canonical\" href=\"https:\/\/normandielovers.fr\/nl\/bezoek-memorial-caen-museum\/\" \/>\n<meta property=\"og:locale\" content=\"nl_NL\" \/>\n<meta property=\"og:type\" content=\"article\" \/>\n<meta property=\"og:title\" content=\"Bezoek het Museum Memorial de Caen (tips + foto&#039;s)\" \/>\n<meta property=\"og:description\" content=\"Bent u van plan om het Memorial de Caen te bezoeken? Ontdek deze gedenkplaats aan de hand van ons ervaringsverhaal en onze foto&#039;s!\" \/>\n<meta property=\"og:url\" content=\"https:\/\/normandielovers.fr\/nl\/bezoek-memorial-caen-museum\/\" \/>\n<meta property=\"og:site_name\" content=\"Normandie Lovers\" \/>\n<meta property=\"article:published_time\" content=\"2023-07-25T12:22:51+00:00\" \/>\n<meta property=\"article:modified_time\" content=\"2024-07-08T12:45:50+00:00\" \/>\n<meta property=\"og:image\" content=\"https:\/\/normandielovers.fr\/wp-content\/uploads\/2023\/07\/bezoek-museum-memorial-caen-nl.jpg\" \/>\n\t<meta property=\"og:image:width\" content=\"800\" \/>\n\t<meta property=\"og:image:height\" content=\"600\" \/>\n\t<meta property=\"og:image:type\" content=\"image\/jpeg\" \/>\n<meta name=\"author\" content=\"Emmanuel ROBINSON\" \/>\n<meta name=\"twitter:card\" content=\"summary_large_image\" \/>\n<meta name=\"twitter:label1\" content=\"Geschreven door\" \/>\n\t<meta name=\"twitter:data1\" content=\"Emmanuel ROBINSON\" \/>\n\t<meta name=\"twitter:label2\" content=\"Geschatte leestijd\" \/>\n\t<meta name=\"twitter:data2\" content=\"21 minuten\" \/>\n<script type=\"application\/ld+json\" class=\"yoast-schema-graph\">{\"@context\":\"https:\/\/schema.org\",\"@graph\":[{\"@type\":\"Article\",\"@id\":\"https:\/\/normandielovers.fr\/nl\/bezoek-memorial-caen-museum\/#article\",\"isPartOf\":{\"@id\":\"https:\/\/normandielovers.fr\/nl\/bezoek-memorial-caen-museum\/\"},\"author\":{\"name\":\"Emmanuel ROBINSON\",\"@id\":\"https:\/\/normandielovers.fr\/nl\/#\/schema\/person\/185913b15460c48fa180794a4a17986c\"},\"headline\":\"Bezoek het Museum Memorial de Caen (tips + foto&#8217;s)\",\"datePublished\":\"2023-07-25T12:22:51+00:00\",\"dateModified\":\"2024-07-08T12:45:50+00:00\",\"mainEntityOfPage\":{\"@id\":\"https:\/\/normandielovers.fr\/nl\/bezoek-memorial-caen-museum\/\"},\"wordCount\":4243,\"publisher\":{\"@id\":\"https:\/\/normandielovers.fr\/nl\/#organization\"},\"image\":{\"@id\":\"https:\/\/normandielovers.fr\/nl\/bezoek-memorial-caen-museum\/#primaryimage\"},\"thumbnailUrl\":\"https:\/\/normandielovers.fr\/wp-content\/uploads\/2023\/07\/bezoek-museum-memorial-caen-nl.jpg\",\"articleSection\":[\"Caen en omgeving\"],\"inLanguage\":\"nl-NL\"},{\"@type\":\"WebPage\",\"@id\":\"https:\/\/normandielovers.fr\/nl\/bezoek-memorial-caen-museum\/\",\"url\":\"https:\/\/normandielovers.fr\/nl\/bezoek-memorial-caen-museum\/\",\"name\":\"Bezoek het Museum Memorial de Caen (tips + foto's)\",\"isPartOf\":{\"@id\":\"https:\/\/normandielovers.fr\/nl\/#website\"},\"primaryImageOfPage\":{\"@id\":\"https:\/\/normandielovers.fr\/nl\/bezoek-memorial-caen-museum\/#primaryimage\"},\"image\":{\"@id\":\"https:\/\/normandielovers.fr\/nl\/bezoek-memorial-caen-museum\/#primaryimage\"},\"thumbnailUrl\":\"https:\/\/normandielovers.fr\/wp-content\/uploads\/2023\/07\/bezoek-museum-memorial-caen-nl.jpg\",\"datePublished\":\"2023-07-25T12:22:51+00:00\",\"dateModified\":\"2024-07-08T12:45:50+00:00\",\"description\":\"Bent u van plan om het Memorial de Caen te bezoeken? Ontdek deze gedenkplaats aan de hand van ons ervaringsverhaal en onze foto's!\",\"breadcrumb\":{\"@id\":\"https:\/\/normandielovers.fr\/nl\/bezoek-memorial-caen-museum\/#breadcrumb\"},\"inLanguage\":\"nl-NL\",\"potentialAction\":[{\"@type\":\"ReadAction\",\"target\":[\"https:\/\/normandielovers.fr\/nl\/bezoek-memorial-caen-museum\/\"]}]},{\"@type\":\"ImageObject\",\"inLanguage\":\"nl-NL\",\"@id\":\"https:\/\/normandielovers.fr\/nl\/bezoek-memorial-caen-museum\/#primaryimage\",\"url\":\"https:\/\/normandielovers.fr\/wp-content\/uploads\/2023\/07\/bezoek-museum-memorial-caen-nl.jpg\",\"contentUrl\":\"https:\/\/normandielovers.fr\/wp-content\/uploads\/2023\/07\/bezoek-museum-memorial-caen-nl.jpg\",\"width\":800,\"height\":600,\"caption\":\"Ontdek onze ervaring bij het Memorial van Caen!\"},{\"@type\":\"BreadcrumbList\",\"@id\":\"https:\/\/normandielovers.fr\/nl\/bezoek-memorial-caen-museum\/#breadcrumb\",\"itemListElement\":[{\"@type\":\"ListItem\",\"position\":1,\"name\":\"Home\",\"item\":\"https:\/\/normandielovers.fr\/nl\/\"},{\"@type\":\"ListItem\",\"position\":2,\"name\":\"Caen en omgeving\",\"item\":\"https:\/\/normandielovers.fr\/nl\/caen-omgeving\/\"},{\"@type\":\"ListItem\",\"position\":3,\"name\":\"Bezoek het Museum Memorial de Caen (tips + foto&rsquo;s)\"}]},{\"@type\":\"WebSite\",\"@id\":\"https:\/\/normandielovers.fr\/nl\/#website\",\"url\":\"https:\/\/normandielovers.fr\/nl\/\",\"name\":\"Normandie Lovers\",\"description\":\"Uw zintuigen prikkelen in Normandi\u00eb - De blog van Claire en Manu\",\"publisher\":{\"@id\":\"https:\/\/normandielovers.fr\/nl\/#organization\"},\"potentialAction\":[{\"@type\":\"SearchAction\",\"target\":{\"@type\":\"EntryPoint\",\"urlTemplate\":\"https:\/\/normandielovers.fr\/nl\/?s={search_term_string}\"},\"query-input\":{\"@type\":\"PropertyValueSpecification\",\"valueRequired\":true,\"valueName\":\"search_term_string\"}}],\"inLanguage\":\"nl-NL\"},{\"@type\":\"Organization\",\"@id\":\"https:\/\/normandielovers.fr\/nl\/#organization\",\"name\":\"Normandie Lovers\",\"url\":\"https:\/\/normandielovers.fr\/nl\/\",\"logo\":{\"@type\":\"ImageObject\",\"inLanguage\":\"nl-NL\",\"@id\":\"https:\/\/normandielovers.fr\/nl\/#\/schema\/logo\/image\/\",\"url\":\"https:\/\/normandielovers.fr\/wp-content\/uploads\/2022\/11\/Normandie-Lovers-Logo-Riesblog.png\",\"contentUrl\":\"https:\/\/normandielovers.fr\/wp-content\/uploads\/2022\/11\/Normandie-Lovers-Logo-Riesblog.png\",\"width\":2884,\"height\":864,\"caption\":\"Normandie Lovers\"},\"image\":{\"@id\":\"https:\/\/normandielovers.fr\/nl\/#\/schema\/logo\/image\/\"}},{\"@type\":\"Person\",\"@id\":\"https:\/\/normandielovers.fr\/nl\/#\/schema\/person\/185913b15460c48fa180794a4a17986c\",\"name\":\"Emmanuel ROBINSON\",\"image\":{\"@type\":\"ImageObject\",\"inLanguage\":\"nl-NL\",\"@id\":\"https:\/\/secure.gravatar.com\/avatar\/897632b7b4a4e190d0d38f0ad2f7acfbc9e8983aca4007a07fde256f9c794073?s=96&d=mm&r=g\",\"url\":\"https:\/\/secure.gravatar.com\/avatar\/897632b7b4a4e190d0d38f0ad2f7acfbc9e8983aca4007a07fde256f9c794073?s=96&d=mm&r=g\",\"contentUrl\":\"https:\/\/secure.gravatar.com\/avatar\/897632b7b4a4e190d0d38f0ad2f7acfbc9e8983aca4007a07fde256f9c794073?s=96&d=mm&r=g\",\"caption\":\"Emmanuel ROBINSON\"},\"sameAs\":[\"https:\/\/normandielovers.fr\/emmanuel-robinson\/\"],\"url\":\"https:\/\/normandielovers.fr\/nl\/author\/emmanuel\/\"}]}<\/script>\n<!-- \/ Yoast SEO plugin. -->","yoast_head_json":{"title":"Bezoek het Museum Memorial de Caen (tips + foto's)","description":"Bent u van plan om het Memorial de Caen te bezoeken? Ontdek deze gedenkplaats aan de hand van ons ervaringsverhaal en onze foto's!","robots":{"index":"index","follow":"follow","max-snippet":"max-snippet:-1","max-image-preview":"max-image-preview:large","max-video-preview":"max-video-preview:-1"},"canonical":"https:\/\/normandielovers.fr\/nl\/bezoek-memorial-caen-museum\/","og_locale":"nl_NL","og_type":"article","og_title":"Bezoek het Museum Memorial de Caen (tips + foto's)","og_description":"Bent u van plan om het Memorial de Caen te bezoeken? Ontdek deze gedenkplaats aan de hand van ons ervaringsverhaal en onze foto's!","og_url":"https:\/\/normandielovers.fr\/nl\/bezoek-memorial-caen-museum\/","og_site_name":"Normandie Lovers","article_published_time":"2023-07-25T12:22:51+00:00","article_modified_time":"2024-07-08T12:45:50+00:00","og_image":[{"width":800,"height":600,"url":"https:\/\/normandielovers.fr\/wp-content\/uploads\/2023\/07\/bezoek-museum-memorial-caen-nl.jpg","type":"image\/jpeg"}],"author":"Emmanuel ROBINSON","twitter_card":"summary_large_image","twitter_misc":{"Geschreven door":"Emmanuel ROBINSON","Geschatte leestijd":"21 minuten"},"schema":{"@context":"https:\/\/schema.org","@graph":[{"@type":"Article","@id":"https:\/\/normandielovers.fr\/nl\/bezoek-memorial-caen-museum\/#article","isPartOf":{"@id":"https:\/\/normandielovers.fr\/nl\/bezoek-memorial-caen-museum\/"},"author":{"name":"Emmanuel ROBINSON","@id":"https:\/\/normandielovers.fr\/nl\/#\/schema\/person\/185913b15460c48fa180794a4a17986c"},"headline":"Bezoek het Museum Memorial de Caen (tips + foto&#8217;s)","datePublished":"2023-07-25T12:22:51+00:00","dateModified":"2024-07-08T12:45:50+00:00","mainEntityOfPage":{"@id":"https:\/\/normandielovers.fr\/nl\/bezoek-memorial-caen-museum\/"},"wordCount":4243,"publisher":{"@id":"https:\/\/normandielovers.fr\/nl\/#organization"},"image":{"@id":"https:\/\/normandielovers.fr\/nl\/bezoek-memorial-caen-museum\/#primaryimage"},"thumbnailUrl":"https:\/\/normandielovers.fr\/wp-content\/uploads\/2023\/07\/bezoek-museum-memorial-caen-nl.jpg","articleSection":["Caen en omgeving"],"inLanguage":"nl-NL"},{"@type":"WebPage","@id":"https:\/\/normandielovers.fr\/nl\/bezoek-memorial-caen-museum\/","url":"https:\/\/normandielovers.fr\/nl\/bezoek-memorial-caen-museum\/","name":"Bezoek het Museum Memorial de Caen (tips + foto's)","isPartOf":{"@id":"https:\/\/normandielovers.fr\/nl\/#website"},"primaryImageOfPage":{"@id":"https:\/\/normandielovers.fr\/nl\/bezoek-memorial-caen-museum\/#primaryimage"},"image":{"@id":"https:\/\/normandielovers.fr\/nl\/bezoek-memorial-caen-museum\/#primaryimage"},"thumbnailUrl":"https:\/\/normandielovers.fr\/wp-content\/uploads\/2023\/07\/bezoek-museum-memorial-caen-nl.jpg","datePublished":"2023-07-25T12:22:51+00:00","dateModified":"2024-07-08T12:45:50+00:00","description":"Bent u van plan om het Memorial de Caen te bezoeken? Ontdek deze gedenkplaats aan de hand van ons ervaringsverhaal en onze foto's!","breadcrumb":{"@id":"https:\/\/normandielovers.fr\/nl\/bezoek-memorial-caen-museum\/#breadcrumb"},"inLanguage":"nl-NL","potentialAction":[{"@type":"ReadAction","target":["https:\/\/normandielovers.fr\/nl\/bezoek-memorial-caen-museum\/"]}]},{"@type":"ImageObject","inLanguage":"nl-NL","@id":"https:\/\/normandielovers.fr\/nl\/bezoek-memorial-caen-museum\/#primaryimage","url":"https:\/\/normandielovers.fr\/wp-content\/uploads\/2023\/07\/bezoek-museum-memorial-caen-nl.jpg","contentUrl":"https:\/\/normandielovers.fr\/wp-content\/uploads\/2023\/07\/bezoek-museum-memorial-caen-nl.jpg","width":800,"height":600,"caption":"Ontdek onze ervaring bij het Memorial van Caen!"},{"@type":"BreadcrumbList","@id":"https:\/\/normandielovers.fr\/nl\/bezoek-memorial-caen-museum\/#breadcrumb","itemListElement":[{"@type":"ListItem","position":1,"name":"Home","item":"https:\/\/normandielovers.fr\/nl\/"},{"@type":"ListItem","position":2,"name":"Caen en omgeving","item":"https:\/\/normandielovers.fr\/nl\/caen-omgeving\/"},{"@type":"ListItem","position":3,"name":"Bezoek het Museum Memorial de Caen (tips + foto&rsquo;s)"}]},{"@type":"WebSite","@id":"https:\/\/normandielovers.fr\/nl\/#website","url":"https:\/\/normandielovers.fr\/nl\/","name":"Normandie Lovers","description":"Uw zintuigen prikkelen in Normandi\u00eb - De blog van Claire en Manu","publisher":{"@id":"https:\/\/normandielovers.fr\/nl\/#organization"},"potentialAction":[{"@type":"SearchAction","target":{"@type":"EntryPoint","urlTemplate":"https:\/\/normandielovers.fr\/nl\/?s={search_term_string}"},"query-input":{"@type":"PropertyValueSpecification","valueRequired":true,"valueName":"search_term_string"}}],"inLanguage":"nl-NL"},{"@type":"Organization","@id":"https:\/\/normandielovers.fr\/nl\/#organization","name":"Normandie Lovers","url":"https:\/\/normandielovers.fr\/nl\/","logo":{"@type":"ImageObject","inLanguage":"nl-NL","@id":"https:\/\/normandielovers.fr\/nl\/#\/schema\/logo\/image\/","url":"https:\/\/normandielovers.fr\/wp-content\/uploads\/2022\/11\/Normandie-Lovers-Logo-Riesblog.png","contentUrl":"https:\/\/normandielovers.fr\/wp-content\/uploads\/2022\/11\/Normandie-Lovers-Logo-Riesblog.png","width":2884,"height":864,"caption":"Normandie Lovers"},"image":{"@id":"https:\/\/normandielovers.fr\/nl\/#\/schema\/logo\/image\/"}},{"@type":"Person","@id":"https:\/\/normandielovers.fr\/nl\/#\/schema\/person\/185913b15460c48fa180794a4a17986c","name":"Emmanuel ROBINSON","image":{"@type":"ImageObject","inLanguage":"nl-NL","@id":"https:\/\/secure.gravatar.com\/avatar\/897632b7b4a4e190d0d38f0ad2f7acfbc9e8983aca4007a07fde256f9c794073?s=96&d=mm&r=g","url":"https:\/\/secure.gravatar.com\/avatar\/897632b7b4a4e190d0d38f0ad2f7acfbc9e8983aca4007a07fde256f9c794073?s=96&d=mm&r=g","contentUrl":"https:\/\/secure.gravatar.com\/avatar\/897632b7b4a4e190d0d38f0ad2f7acfbc9e8983aca4007a07fde256f9c794073?s=96&d=mm&r=g","caption":"Emmanuel ROBINSON"},"sameAs":["https:\/\/normandielovers.fr\/emmanuel-robinson\/"],"url":"https:\/\/normandielovers.fr\/nl\/author\/emmanuel\/"}]}},"featured_image_src":"https:\/\/normandielovers.fr\/wp-content\/uploads\/2023\/07\/bezoek-museum-memorial-caen-nl-600x400.jpg","featured_image_src_square":"https:\/\/normandielovers.fr\/wp-content\/uploads\/2023\/07\/bezoek-museum-memorial-caen-nl-600x600.jpg","author_info":{"display_name":"Emmanuel ROBINSON","author_link":"https:\/\/normandielovers.fr\/nl\/author\/emmanuel\/"},"_links":{"self":[{"href":"https:\/\/normandielovers.fr\/nl\/wp-json\/wp\/v2\/posts\/10257","targetHints":{"allow":["GET"]}}],"collection":[{"href":"https:\/\/normandielovers.fr\/nl\/wp-json\/wp\/v2\/posts"}],"about":[{"href":"https:\/\/normandielovers.fr\/nl\/wp-json\/wp\/v2\/types\/post"}],"author":[{"embeddable":true,"href":"https:\/\/normandielovers.fr\/nl\/wp-json\/wp\/v2\/users\/2"}],"replies":[{"embeddable":true,"href":"https:\/\/normandielovers.fr\/nl\/wp-json\/wp\/v2\/comments?post=10257"}],"version-history":[{"count":0,"href":"https:\/\/normandielovers.fr\/nl\/wp-json\/wp\/v2\/posts\/10257\/revisions"}],"wp:featuredmedia":[{"embeddable":true,"href":"https:\/\/normandielovers.fr\/nl\/wp-json\/wp\/v2\/media\/9873"}],"wp:attachment":[{"href":"https:\/\/normandielovers.fr\/nl\/wp-json\/wp\/v2\/media?parent=10257"}],"wp:term":[{"taxonomy":"category","embeddable":true,"href":"https:\/\/normandielovers.fr\/nl\/wp-json\/wp\/v2\/categories?post=10257"},{"taxonomy":"post_tag","embeddable":true,"href":"https:\/\/normandielovers.fr\/nl\/wp-json\/wp\/v2\/tags?post=10257"}],"curies":[{"name":"wp","href":"https:\/\/api.w.org\/{rel}","templated":true}]}}