{"id":6372,"date":"2023-03-29T22:51:19","date_gmt":"2023-03-29T20:51:19","guid":{"rendered":"https:\/\/normandielovers.fr\/visita-museo-baron-gerard-mahb-bayeux\/"},"modified":"2024-04-17T09:25:04","modified_gmt":"2024-04-17T07:25:04","slug":"visitare-museo-baron-gerard-mahb-bayeux","status":"publish","type":"post","link":"https:\/\/normandielovers.fr\/it\/visitare-museo-baron-gerard-mahb-bayeux\/","title":{"rendered":"Visitare il Museo Baron G\u00e9rard di Bayeux (MAHB): consigli + foto"},"content":{"rendered":"\n<p>Sta pianificando un viaggio a Bayeux o nei suoi dintorni? Scopra il <strong>Museo Baron G\u00e9rard (MAHB<\/strong>), un riferimento in Normandia <strong>per l&#8217;arte e la storia<\/strong>. Questo museo, ospitato in un ex palazzo episcopale, \u00e8 una tappa obbligata se passa da questa famosa citt\u00e0 medievale alle porte delle spiagge del D-Day.<br\/>Ospita diverse <strong>collezioni dalla preistoria al XX<\/strong> secolo, con un tour cronologico in 14 tappe.<\/p>\n\n<p>In questo articolo, le diamo tutti i <strong>nostri consigli pratici<\/strong> su come organizzare la sua visita a questo museo affascinante e istruttivo, e soprattutto su come sfruttare <strong>al meglio <\/strong>il tempo a sua disposizione!<\/p>\n\n<figure class=\"wp-block-image size-large\"><img decoding=\"async\" src=\"https:\/\/normandielovers.fr\/wp-content\/uploads\/2023\/03\/visitare-museo-baron-gerard-mahb-bayeux.jpeg\" alt=\"Scopra il Museo Baron G&#xE9;rard (MAHB), un riferimento in Normandia per l'arte e la storia. Questo museo, ospitato in un palazzo episcopale, &#xE8; una tappa obbligata se visita Bayeux. Ospita diverse collezioni dalla preistoria al XX secolo, con un tour cronologico in 14 tappe.\" class=\"wp-image-6220\"\/><\/figure>\n\n<p>Questa recensione \u00e8 completamente <strong>indipendente<\/strong>, abbiamo visitato in modo anonimo e abbiamo pagato interamente il biglietto d&#8217;ingresso.<\/p>\n\n<h2 class=\"wp-block-heading\">Perch\u00e9 visitare il Museo Baron G\u00e9rard a Bayeux?<\/h2>\n\n<h3 class=\"wp-block-heading\">Vale la pena visitare MAHB?<\/h3>\n\n<p>Senza dubbio, questo \u00e8 stato uno dei nostri posti preferiti a Bayeux! Il Museo d&#8217;Arte e Storia Baron G\u00e9rard si trova nell&#8217;antico palazzo vescovile della citt\u00e0. Situato nel cuore del centro storico di Bayeux, questo museo offre una scenografia di altissima qualit\u00e0.<\/p>\n\n<ul class=\"wp-block-list\">\n<li>Il tour cronologico combina arte e storia, dalla preistoria con la comparsa dei primi esseri umani fino al periodo contemporaneo.<\/li>\n\n\n\n<li>L&#8217;architettura del palazzo vescovile, dove si trova il museo, merita una visita.<\/li>\n\n\n\n<li>Per gli amanti dell&#8217;arte, in questo museo sono esposti diversi tipi di opere e oggetti antichi: dipinti, ceramiche, cimeli, tessuti&#8230;<\/li>\n<\/ul>\n\n<figure class=\"wp-block-image size-large\"><img decoding=\"async\" src=\"https:\/\/photos.smugmug.com\/photos\/i-9567wpr\/1\/062be449\/L\/i-9567wpr-L.jpg\" alt=\"Elementi di una porta monumentale risalente al III secolo, scoperta durante gli scavi archeologici nella prima met&#xE0; del XIX secolo, esposti al MAHB di Bayeux.\"\/><figcaption class=\"wp-element-caption\">Elementi di un portale monumentale risalente al III secolo, scoperto durante gli scavi archeologici nella regione di Bayeux nella prima met\u00e0 del XIX secolo.<\/figcaption><\/figure>\n\n<h3 class=\"wp-block-heading\">Perch\u00e9 il Museo Baron G\u00e9rard \u00e8 famoso?<\/h3>\n\n<p>Considerato un luogo d&#8217;arte di riferimento nella regione, al Museo d&#8217;Arte e Storia Baron G\u00e9rard (MAHB) di Bayeux rimarr\u00e0 stupito:<\/p>\n\n<ul class=\"wp-block-list\">\n<li>quasi 600 opere d&#8217;arte,<\/li>\n\n\n\n<li>un migliaio di pezzi di porcellana e di pizzo disegnati a Bayeux,<\/li>\n\n\n\n<li>centinaia di resti archeologici ed etnologici.<\/li>\n<\/ul>\n\n<p>Il tour \u00e8 organizzato in 14 tappe per ripercorrere, in questo sontuoso palazzo episcopale, le diverse epoche dalla preistoria al XX secolo.<\/p>\n\n<figure class=\"wp-block-image size-large\"><img decoding=\"async\" src=\"https:\/\/photos.smugmug.com\/photos\/i-P4rVmND\/1\/4975dc7a\/L\/i-P4rVmND-L.jpg\" alt=\"Sala espositiva del XIX secolo presso il MAHB di Bayeux\"\/><\/figure>\n\n<h3 class=\"wp-block-heading\">I nostri momenti preferiti nel museo<\/h3>\n\n<p>Le diremo di pi\u00f9 pi\u00f9 avanti nell&#8217;articolo. Ma avendo amato molto questo museo, non potevamo resistere a darle un assaggio ora. Cosa ci \u00e8 piaciuto di pi\u00f9 della visita:<\/p>\n\n<ul class=\"wp-block-list\">\n<li>le stanze dell&#8217;antico Palazzo Episcopale con la cappella e la corte, i cui dettagli architettonici sono molto ben conservati,<\/li>\n\n\n\n<li>le sale dedicate alla storia del merletto, un&#8217;abilit\u00e0 tradizionale di Bayeux, con tutta la sua dimensione educativa e interattiva,<\/li>\n\n\n\n<li>la sezione del tour dedicata alla porcellana di Bayeux, con diversi stili in mostra a partire dall&#8217;inizio del XIX secolo.<\/li>\n<\/ul>\n\n<figure class=\"wp-block-image size-large\"><img decoding=\"async\" src=\"https:\/\/photos.smugmug.com\/photos\/i-wfcrpnx\/1\/39fb7f5d\/L\/i-wfcrpnx-L.jpg\" alt=\"Sala delle udienze vescovili del XVII secolo nel Palais &#xE9;piscopal de Bayeux al MAHB\"\/><figcaption class=\"wp-element-caption\">Sala delle udienze vescovili del XVII secolo nel Palais \u00e9piscopal de Bayeux al MAHB<\/figcaption><\/figure>\n\n<h3 class=\"wp-block-heading\">Un po&#8217; di storia<\/h3>\n\n<p>Bayeux \u00e8 una citt\u00e0 con un patrimonio storico e artistico molto ricco, che risale all&#8217;epoca romana, con nostra grande gioia! Fu solo dopo la Rivoluzione francese del 1789 che il comune costru\u00ec una collezione di oggetti e opere d&#8217;arte come misura di conservazione. L&#8217;obiettivo? Svelare al pubblico pezzi di patrimonio religioso e nobiliare per promuovere l&#8217;accesso alla storia e alla cultura.  <\/p>\n\n<figure class=\"wp-block-image size-large\"><img decoding=\"async\" src=\"https:\/\/photos.smugmug.com\/photos\/i-kXkqX5S\/1\/cf95fac6\/L\/i-kXkqX5S-L.jpg\" alt=\"Busto di Marianna nella corte dell'ex Palazzo Episcopale di Bayeux (MAHB)\"\/><figcaption class=\"wp-element-caption\">Busto di Marianna nella corte dell&#8217;ex Palazzo Episcopale di Bayeux<\/figcaption><\/figure>\n\n<p>Alla fine della prima met\u00e0 del XIX secolo, fu costruito un primo museo nel centro della citt\u00e0, che esponeva il famoso Arazzo di Bayeux. Nel corso di questo secolo, il Comune ha arricchito queste collezioni attraverso donazioni e lasciti, oltre all&#8217;acquisto di opere d&#8217;arte. Proprio alla fine di questo secolo di profondi cambiamenti e instabilit\u00e0 politica in Francia, fu il barone Henri-Alexandre G\u00e9rard a fare da guida. Con una donazione finanziaria e materiale di 37 dipinti della sua collezione personale, \u00e8 stato creato un primo spazio espositivo per gli oggetti d&#8217;arte.<\/p>\n\n<figure class=\"wp-block-image size-large\"><img decoding=\"async\" src=\"https:\/\/photos.smugmug.com\/photos\/i-ZcgchpF\/1\/2a88f5ea\/L\/i-ZcgchpF-L.jpg\" alt=\"Olio su tela della Cattedrale di Notre-Dame del 1845 circa di Alexandre Le Couteulx, esposto al MAHB di Bayeux.\"\/><figcaption class=\"wp-element-caption\">Olio su tela della Cattedrale di Notre-Dame, circa 1845 di Alexandre Le Couteulx  <\/figcaption><\/figure>\n\n<p>Nel 1901, il &#8220;Mus\u00e9e de l&#8217;H\u00f4tel de Ville&#8221; apr\u00ec le sue porte nell&#8217;ex Palazzo Episcopale di Bayeux. Si sta espandendo gradualmente con la crescita delle collezioni. Un secolo dopo, questo museo ha purtroppo chiuso i battenti. Solo 12 anni dopo, nel 2013, il percorso del tour \u00e8 stato completamente ridisegnato. Con fasi cronologiche riorganizzate, la scenografia mette in evidenza la sontuosit\u00e0 dell&#8217;edificio e la ricchezza delle collezioni d&#8217;arte.<\/p>\n\n<figure class=\"wp-block-image size-large\"><img decoding=\"async\" src=\"https:\/\/photos.smugmug.com\/photos\/i-HVkvx4V\/1\/e8a8aea4\/L\/i-HVkvx4V-L.jpg\" alt=\"Frammenti di un vaso con decorazione in rilievo dell'antichit&#xE0; esposti al MAHB di Bayeux.\"\/><figcaption class=\"wp-element-caption\">Frammenti di un vaso con decorazione a rilievo dell&#8217;antichit\u00e0<\/figcaption><\/figure>\n\n<h2 class=\"wp-block-heading\">Consigli pratici: Museo d&#8217;Arte e Storia Baron G\u00e9rard (MAHB), Bayeux, Francia<\/h2>\n\n<h3 class=\"wp-block-heading\">Dove si trova il MAHB?<\/h3>\n\n<p>Il Museo d&#8217;Arte e Storia Baron G\u00e9rard (MAHB) si trova al 37 di rue du Bienvenu a Bayeux (14400) in Normandia.<\/p>\n\n<figure class=\"wp-block-image size-large\"><img decoding=\"async\" src=\"https:\/\/normandielovers.fr\/wp-content\/uploads\/2023\/02\/Mappa-Bayeux-Normandia-1024x683.png\" alt=\"Mappa di Bayeux in Normandia\" class=\"wp-image-4289\"\/><\/figure>\n\n<ul class=\"wp-block-list\">\n<li>Tempo di guida da Le Havre: 1h45min.<\/li>\n\n\n\n<li>Tempo di guida da Deauville: 1h15min.<\/li>\n\n\n\n<li>Tempo di guida da Caen: 35min.<\/li>\n\n\n\n<li>Tempo da Cabourg: 1h05min.<\/li>\n\n\n\n<li>Tempo di guida da Mont-Saint-Michel: 1h35min.<\/li>\n\n\n\n<li>Tempo di guida da Ouistreham: 50min.<\/li>\n<\/ul>\n\n<h3 class=\"wp-block-heading\">Come arrivarci?<\/h3>\n\n<p>Il modo migliore per raggiungere Bayeux \u00e8 in auto, ma la citt\u00e0 dispone di una stazione ferroviaria con servizi giornalieri regolari.<\/p>\n\n<p><a href=\"https:\/\/track.effiliation.com\/servlet\/effi.redir?id_compteur=22819431&amp;url=https%3A%2F%2Fwww.sncf-connect.com%2Fit-it%2F&amp;effi_id=NL\" target=\"_blank\" rel=\"noreferrer noopener sponsored nofollow\">Consulti gli orari disponibili e prenoti subito i suoi biglietti per treni e pullman<\/a>.<\/p>\n\n<p>Il MAHB si trova nel cuore della vecchia Bayeux, a solo 1 minuto a piedi dalla Cattedrale di Notre-Dame de Bayeux e a 5 minuti a piedi dal Museo dell&#8217;Arazzo di Bayeux.  <\/p>\n\n<figure class=\"wp-block-image size-large\"><img decoding=\"async\" src=\"https:\/\/photos.smugmug.com\/photos\/i-wmJdps5\/1\/d0003b14\/L\/i-wmJdps5-L.jpg\" alt=\"Ingresso del MAHB a Bayeux\"\/><\/figure>\n\n<p>Una volta in citt\u00e0, le consigliamo di andare a piedi o con il trenino turistico, poich\u00e9 il museo si trova in strade un po&#8217; strette. Potrebbe trovare difficolt\u00e0 a parcheggiare in quest&#8217;area.<\/p>\n\n<p>Potr\u00e0 anche divertirsi a scoprire questa zona a piedi, con le sue case a graticcio e le piccole strade acciottolate!<\/p>\n\n<div style=\"margin-top:8%;margin-bottom:8%\" class=\"wp-block-genesis-blocks-gb-container box gb-block-container\"><div class=\"gb-container-inside\"><div class=\"gb-container-content\">\n<div class=\"wp-block-columns inverse box_planif is-layout-flex wp-container-core-columns-is-layout-9d6595d7 wp-block-columns-is-layout-flex\">\n<div class=\"wp-block-column texte_planif is-layout-flow wp-block-column-is-layout-flow\" style=\"flex-basis:58%\">\n<h5 class=\"titre_box\" style=\"padding-top:10px\">I NOSTRI CONSIGLI PER <span>NOLEGGIARE UN&#8217;AUTO<\/span> A<span class=\"titre_box_manuscrit\"> Normand\u00eda<\/span><\/h5>\n\n\n\n<ul class=\"wp-block-list\" style=\"font-size:14px\">\n<li>Confronti i prezzi sulla nostra piattaforma preferita: <a href=\"https:\/\/www.discovercars.com\/it\/france?a_aid=zigzag&amp;chan=NL\" target=\"_blank\" rel=\"noreferrer noopener\">DiscoverCars<\/a> &#8211; uno dei siti meglio valutati.<\/li>\n\n\n\n<li>Scelga un&#8217;<strong>auto abbastanza comoda <\/strong>(le distanze possono essere lunghe) ma <strong>compatta<\/strong> (alcuni parcheggi e villaggi sono stretti).<\/li>\n\n\n\n<li>Consideri un&#8217;<strong>assicurazione completa<\/strong> (alcune strade sono tortuose e strette).<\/li>\n\n\n\n<li>C&#8217;\u00e8 molta richiesta, quindi <strong>prenotate in anticipo<\/strong>.<\/li>\n<\/ul>\n<\/div>\n\n\n\n<div class=\"wp-block-column planif-radius-2 is-layout-flow wp-block-column-is-layout-flow\" style=\"flex-basis:42%\">\n<figure class=\"wp-block-image size-full voiture_image\"><img loading=\"lazy\" decoding=\"async\" width=\"421\" height=\"533\" src=\"https:\/\/normandielovers.fr\/wp-content\/uploads\/2023\/05\/Yport_Normandie-3328.png\" alt=\"\" class=\"wp-image-7241\" title=\"\" srcset=\"https:\/\/normandielovers.fr\/wp-content\/uploads\/2023\/05\/Yport_Normandie-3328.png 421w, https:\/\/normandielovers.fr\/wp-content\/uploads\/2023\/05\/Yport_Normandie-3328-237x300.png 237w\" sizes=\"auto, (max-width: 421px) 100vw, 421px\" \/><\/figure>\n<\/div>\n<\/div>\n\n\n\n<div class=\"wp-block-genesis-blocks-gb-container gb-block-container\"><div class=\"gb-container-inside\"><div class=\"gb-container-content\">\n<div class=\"wp-block-columns planif_bouton is-layout-flex wp-container-core-columns-is-layout-9d6595d7 wp-block-columns-is-layout-flex\">\n<div class=\"wp-block-column is-layout-flow wp-block-column-is-layout-flow\">\n<div class=\"wp-block-buttons is-content-justification-center is-layout-flex wp-container-core-buttons-is-layout-16018d1d wp-block-buttons-is-layout-flex\">\n<div class=\"wp-block-button has-custom-font-size\" style=\"font-size:14px\"><a class=\"wp-block-button__link has-white-color has-text-color wp-element-button\" href=\"https:\/\/www.discovercars.com\/it\/france?a_aid=zigzag&amp;amp;chan=NL\" style=\"border-radius:4px\" target=\"_blank\" rel=\"noreferrer noopener\">Veda le auto disponibili  <strong>   <\/strong><img decoding=\"async\" class=\"wp-image-3266 img_fleche\" style=\"width: 16px;  \" src=\"https:\/\/corsicalovers.fr\/wp-content\/uploads\/2023\/03\/ArrowRight.png\" alt=\"freccia\"\/><\/a><\/div>\n<\/div>\n<\/div>\n\n\n\n<div class=\"wp-block-column is-vertically-aligned-center is-layout-flow wp-block-column-is-layout-flow\">\n<p class=\"has-text-align-center\" style=\"font-size:14px\"><strong><a href=\"https:\/\/normandielovers.fr\/it\/noleggiare-auto-francia-consigli\/\" target=\"_blank\" rel=\"noreferrer noopener\">Veda tutti i nostri consigli<\/a><\/strong><\/p>\n<\/div>\n<\/div>\n<\/div><\/div><\/div>\n<\/div><\/div><\/div>\n\n<h3 class=\"wp-block-heading\">Orari e prezzi<\/h3>\n\n<p>Orario:<\/p>\n\n<ul class=\"wp-block-list\">\n<li>Da febbraio ad aprile: dalle 10.00 alle 12.30 e dalle 14.00 alle 18.00.<\/li>\n\n\n\n<li>Da maggio a settembre: dalle 9.30 alle 18.30.<\/li>\n\n\n\n<li>Da ottobre a dicembre: dalle 10:00 alle 12:30 e dalle 14:00 alle 18:00.<\/li>\n<\/ul>\n\n<p>Il museo \u00e8 chiuso nei pomeriggi del 24 e del 31 dicembre, il 25 dicembre e dal 1\u00b0 al 31 gennaio compresi.\nAperto dal 1\u00b0 febbraio al 31 dicembre. <\/p>\n\n<p>L&#8217;ultimo ingresso al museo \u00e8 45 minuti prima dell&#8217;orario di chiusura. E i biglietti sono disponibili solo in loco.  <\/p>\n\n<p>Tariffe:<\/p>\n\n<ul class=\"wp-block-list\">\n<li>Prezzo pieno: 7,50 euro<\/li>\n\n\n\n<li>Tariffa ridotta: 5,50 euro<\/li>\n\n\n\n<li>Tariffa scuole\/studenti: 5 euro<\/li>\n\n\n\n<li>Gratuito per i bambini sotto i 10 anni.<\/li>\n<\/ul>\n\n<p>I dettagli sugli orari di apertura e i prezzi (soprattutto per i gruppi) sono disponibili sul <a href=\"https:\/\/www.bayeuxmuseum.com\/musee-dart-et-dhistoire-baron-gerard\/infos-pratiques-mahb\/#horaires\" target=\"_blank\" rel=\"noreferrer noopener nofollow\">sito ufficiale<\/a> del museo.<\/p>\n\n<figure class=\"wp-block-image size-large\"><img decoding=\"async\" src=\"https:\/\/photos.smugmug.com\/photos\/i-gpbrMD8\/1\/acb454c7\/L\/i-gpbrMD8-L.jpg\" alt=\"Ritratto della tragedienne Marguerite Weimer esposto nella Salle G&#xE9;rard del MAHB di Bayeux.\"\/><figcaption class=\"wp-element-caption\">Ritratto della tragedienne Marguerite Weimer esposto nella Salle G\u00e9rard del MAHB di Bayeux.<\/figcaption><\/figure>\n\n<h3 class=\"wp-block-heading\">Il momento migliore per visitare<\/h3>\n\n<p>Al mattino o nel primo pomeriggio, il museo \u00e8 un po&#8217; meno affollato. Avr\u00e0 anche pi\u00f9 tempo per godersi le 14 tappe del percorso cronologico senza fretta. O semplicemente passeggiare tra le sale in base al tema del tour scelto!<\/p>\n\n<p>Come molte localit\u00e0 della Normandia, luglio e agosto sono alta stagione a Bayeux. Tuttavia, con oltre 500.000 turisti all&#8217;anno, vale la pena ricordare che, a prescindere dal periodo, si imbatter\u00e0 sempre in molti visitatori, anche in &#8220;bassa stagione&#8221;. D&#8217;altra parte, va notato che da aprile a giugno e da settembre a ottobre, le attrazioni turistiche sono un po&#8217; meno piene.<\/p>\n\n<figure class=\"wp-block-image size-large\"><img decoding=\"async\" src=\"https:\/\/photos.smugmug.com\/photos\/i-T3Hw9fb\/1\/2112abc5\/L\/i-T3Hw9fb-L.jpg\" alt=\"Le scale che conducono alle sale espositive dal XVII secolo in poi sul percorso MAHB a Bayeux\"\/><\/figure>\n\n<h3 class=\"wp-block-heading\">Durata della visita e informazioni pratiche<\/h3>\n\n<p>Le consigliamo di prevedere da 1h30 a 2h, a seconda della sua passione per l&#8217;arte e la storia. Ogni tappa dedicata a un periodo particolare pu\u00f2 essere composta da diverse stanze con numerosi pezzi e oggetti d&#8217;arte da scoprire.<\/p>\n\n<p>Infine, sebbene ci siano alcune scale, il museo \u00e8 accessibile alle persone a mobilit\u00e0 ridotta con rampe e ascensori.  <\/p>\n\n<p>I servizi igienici si trovano lungo tutto il percorso del tour. Li trover\u00e0, ad esempio, non appena entrer\u00e0 nel museo, poco prima della prima sala preistorica.<\/p>\n\n<p>Questo museo \u00e8 incluso nei tour della Vecchia Bayeux e del Trenino Turistico.<\/p>\n\n<figure class=\"wp-block-image size-large\"><img decoding=\"async\" src=\"https:\/\/photos.smugmug.com\/photos\/i-QFL3Mxn\/1\/499ecb10\/L\/i-QFL3Mxn-L.jpg\" alt=\"Le scale all'inizio del tour cronologico del MAHB a Bayeux\"\/><\/figure>\n\n<h3 class=\"wp-block-heading\">Consigli per la visita<\/h3>\n\n<p>Abbiamo scelto di seguire le 14 tappe cronologicamente dalle origini al XX secolo, ma la direzione della visita non \u00e8 imposta. Pu\u00f2 passare da una sala all&#8217;altra senza seguire il tour, e una guida \u00e8 disponibile se desidera visitare il museo da solo.<\/p>\n\n<p>Il MAHB la invita anche a seguire i suoi tour tematici, due in particolare intorno a:<\/p>\n\n<ul class=\"wp-block-list\">\n<li>donne artiste nelle collezioni del museo,<\/li>\n\n\n\n<li>stereotipi di genere nelle collezioni del museo.<\/li>\n<\/ul>\n\n<figure class=\"wp-block-image size-large\"><img decoding=\"async\" src=\"https:\/\/photos.smugmug.com\/photos\/i-fVHtWsr\/1\/7921c1b5\/L\/i-fVHtWsr-L.jpg\" alt=\"Opere del XVII secolo in mostra al Museo Baron G&#xE9;rard (MAHB) di Bayeux\"\/><\/figure>\n\n<p>Lungo il percorso sono disponibili anche degli opuscoli educativi. Le permetteranno di approfondire la comprensione di determinate opere o oggetti d&#8217;arte.  <\/p>\n\n<figure class=\"wp-block-image size-large\"><img decoding=\"async\" src=\"https:\/\/photos.smugmug.com\/photos\/i-4n6ht8X\/1\/c292eb91\/L\/i-4n6ht8X-L.jpg\" alt=\"Opuscoli educativi disponibili presso il MAHB di Bayeux\"\/><\/figure>\n\n<h3 class=\"wp-block-heading\">MAHB con i bambini<\/h3>\n\n<p>Con i bambini: in passeggino, marsupio o a piedi, la visita sar\u00e0 facile con i suoi piccoli.<\/p>\n\n<p>\u00c8 anche un luogo &#8220;adatto alle famiglie&#8221; in termini di scenografia e contenuti offerti, con tablet touch-screen installati in tutte le sale espositive. C&#8217;\u00e8 un quiz per i giovani. Il Museo Baron G\u00e9rard offre anche un libretto di giochi per i bambini dai 7 anni in su. L&#8217;obiettivo? Incoraggi la scoperta delle sue collezioni da parte di tutto il pubblico!<\/p>\n\n<div style=\"margin-top:8%;margin-bottom:8%\" class=\"wp-block-genesis-blocks-gb-container box gb-block-container\"><div class=\"gb-container-inside\"><div class=\"gb-container-content\" style=\"max-width:700px\">\n<div class=\"wp-block-genesis-blocks-gb-container box_titre gb-block-container\"><div class=\"gb-container-inside\"><div class=\"gb-container-content\">\n<h5 class=\"titre_box\" style=\"padding-top:10px;\"><span>DOVE ALLOGGIARE<\/span> A <span class=\"titre_box_manuscrit\">Bayeux<\/span><\/h5>\n<\/div><\/div><\/div>\n\n\n\n<hr class=\"wp-block-separator has-text-color has-alpha-channel-opacity has-background is-style-wide hr-box-planif\" style=\"background-color:#ccd3dd;color:#ccd3dd\"\/>\n\n\n\n<div class=\"wp-block-columns box_sans_border is-layout-flex wp-container-core-columns-is-layout-9d6595d7 wp-block-columns-is-layout-flex\">\n<div class=\"wp-block-column texte_planif is-layout-flow wp-block-column-is-layout-flow\" style=\"font-size:14px;flex-basis:60%\">\n<p style=\"font-size:16px;\" class=\"option_titre2\"><strong><span>Opzione 1:<\/span> Centrale e vicino al centro citt\u00e0<\/strong><\/p>\n\n\n\n<p style=\"font-size:14px\">Nel raggio di 5-10 minuti a piedi dal centro storico, trover\u00e0 splendidi palazzi trasformati in accoglienti hotel e B&amp;B. Consigliamo..:<\/p>\n\n\n\n<ul class=\"wp-block-list\">\n<li style=\"font-size:14px\"><strong>Hotel Domaine de Bayeux<\/strong> in una casa del <sup>XVIII<\/sup> secolo &#8211; <a href=\"https:\/\/www.booking.com\/hotel\/fr\/domaine-de-bayeux.html?aid=2281719\" target=\"_blank\" rel=\"noreferrer noopener sponsored nofollow\">vedi prezzi, foto e disponibilit\u00e0<\/a>.<\/li>\n\n\n\n<li style=\"font-size:14px\"><strong>H\u00f4tel le Lion d&#8217;Or <\/strong>in un ex edificio postale del XVIII secolo &#8211; <a href=\"https:\/\/www.booking.com\/hotel\/fr\/le-lion-d-or-bayeux.html?aid=2281719\" target=\"_blank\" rel=\"noreferrer noopener\">veda prezzi, foto, disponibilit\u00e0<\/a>.<\/li>\n<\/ul>\n<\/div>\n\n\n\n<div class=\"wp-block-column is-vertically-aligned-top planif-radius is-layout-flow wp-block-column-is-layout-flow\" style=\"flex-basis:40%\">\n<figure class=\"wp-block-image size-large img-portrait\"><img decoding=\"async\" src=\"https:\/\/photos.smugmug.com\/Normandie-Lovers\/Bayeux\/Hotels\/i-CxqSKxd\/1\/aae537a7\/L\/Domaine_Bayeux_hotel-08-L.jpg\" alt=\"Albergo Domaine de Bayeux\" title=\"\"\/><\/figure>\n<\/div>\n<\/div>\n\n\n\n<hr class=\"wp-block-separator has-text-color has-alpha-channel-opacity has-background is-style-wide hr-box-planif\" style=\"background-color:#ccd3dd;color:#ccd3dd\"\/>\n\n\n\n<div class=\"wp-block-columns box_sans_border is-layout-flex wp-container-core-columns-is-layout-9d6595d7 wp-block-columns-is-layout-flex\">\n<div class=\"wp-block-column texte_planif is-layout-flow wp-block-column-is-layout-flow\" style=\"flex-basis:60%\">\n<p style=\"font-size:16px\" class=\"option_titre\"><strong><span>Opzione 2:<\/span> in campagna<\/strong><\/p>\n\n\n\n<p style=\"font-size:14px\">La campagna della Normandia \u00e8 molto verde e stimolante. Nella curva della foresta o nei campi, i graziosi villaggi con i bellissimi edifici la trasportano in un altro mondo, o addirittura in un&#8217;altra epoca.<\/p>\n\n\n\n<ul class=\"wp-block-list\">\n<li class=\"ul_box\" style=\"font-size:14px\"><strong>H\u00f4tel <strong>Domaine de la Ran\u00e7onni\u00e8re<\/strong><\/strong>, a soli 20 minuti da Bayeux &#8211;<strong> <a href=\"https:\/\/www.booking.com\/hotel\/fr\/ferme-de-la-ranconniere.html?aid=2281719\" target=\"_blank\" rel=\"noreferrer noopener sponsored nofollow\">veda prezzi, foto e disponibilit\u00e0<\/a><\/strong>.<\/li>\n<\/ul>\n<\/div>\n\n\n\n<div class=\"wp-block-column is-vertically-aligned-top planif-radius is-layout-flow wp-block-column-is-layout-flow\" style=\"flex-basis:40%\">\n<figure class=\"wp-block-image size-large img-portrait\"><img decoding=\"async\" src=\"https:\/\/photos.smugmug.com\/Normandie-Lovers\/Deauville\/Hotels\/i-pLTZ5RC\/0\/1ab44beb\/L\/Deauville%20Hotel%20Luxe%20Barriere%20Normandie-L.jpghttps:\/\/photos.smugmug.com\/Normandie-Lovers\/Debarquement\/Hotel-Ranconniere\/i-cLWdf4M\/1\/fd901000\/L\/ferme_ranconniere-05-2-L.jpg\" alt=\"Hotel Domaine de la Ran&#xE7;onniere\" title=\"\"\/><\/figure>\n<\/div>\n<\/div>\n\n\n\n<hr class=\"wp-block-separator has-text-color has-alpha-channel-opacity has-background is-style-wide hr-box-planif\" style=\"background-color:#ccd3dd;color:#ccd3dd\"\/>\n\n\n\n<div class=\"wp-block-columns box_sans_border is-layout-flex wp-container-core-columns-is-layout-9d6595d7 wp-block-columns-is-layout-flex\">\n<div class=\"wp-block-column texte_planif is-layout-flow wp-block-column-is-layout-flow\" style=\"flex-basis:60%\">\n<p style=\"font-size:16px\" class=\"option_titre\"><strong><span>Opzione 3:<\/span> Al mare<\/strong><\/p>\n\n\n\n<p style=\"font-size:14px\">Il mare \u00e8 a soli 15 minuti di auto da Bayeux. Respiri l&#8217;aria del mare e goda di un facile accesso a Bayeux e alle spiagge del D-Day.<\/p>\n\n\n\n<ul class=\"wp-block-list\">\n<li class=\"ul_box\" style=\"font-size:14px\"><strong>H\u00f4tel Villas d&#8217;Arromanches<\/strong> &#8211; <a href=\"https:\/\/www.booking.com\/hotel\/fr\/le-chanteclair.fr.html?aid=2281719\" target=\"_blank\" rel=\"noreferrer noopener\">vedi prezzi, foto e disponibilit\u00e0<\/a>.<\/li>\n<\/ul>\n<\/div>\n\n\n\n<div class=\"wp-block-column is-vertically-aligned-top planif-radius is-layout-flow wp-block-column-is-layout-flow\" style=\"flex-basis:40%\">\n<figure class=\"wp-block-image size-large img-portrait\"><img decoding=\"async\" src=\"https:\/\/photos.smugmug.com\/Normandie-Lovers\/Arromanches-Gold-beach\/Villas-Arromanches\/i-73MvRzs\/1\/c0b55641\/L\/villas_Arromanches_hotel_bar-2-L.jpg\" alt=\"Villa d'Arromanches\" title=\"\"\/><\/figure>\n<\/div>\n<\/div>\n\n\n\n<p class=\"has-text-align-center liste_hotel\" style=\"font-size:14px\"><a href=\"https:\/\/normandielovers.fr\/it\/migliori-hotel-bayeux-dove-alloggiare-recensione\/\" target=\"_blank\" rel=\"noreferrer noopener\">Guardi tutte le nostre recensioni dei migliori hotel di Bayeux<\/a><\/p>\n\n\n\n<div class=\"wp-block-buttons planif_bouton is-content-justification-center is-layout-flex wp-container-core-buttons-is-layout-16018d1d wp-block-buttons-is-layout-flex\">\n<div class=\"wp-block-button has-custom-font-size\" style=\"font-size:14px\"><a class=\"wp-block-button__link has-white-color has-text-color wp-element-button\" href=\"https:\/\/www.booking.com\/searchresults.html?city=-1410836&amp;nflt=review_score%253D90%253Breview_score%253D80&amp;aid=2281719&amp;no_rooms=1&amp;group_adults=2\" style=\"border-radius:4px\" target=\"_blank\" rel=\"noreferrer noopener\">Vedi tutti gli hotel disponibili  <strong><img decoding=\"async\" class=\"wp-image-3266 img_fleche\" style=\"width: 16px;  \" src=\"https:\/\/corsicalovers.fr\/wp-content\/uploads\/2023\/03\/ArrowRight.png\" alt=\"freccia\"\/><\/strong><\/a><\/div>\n<\/div>\n<\/div><\/div><\/div>\n\n<h3 class=\"wp-block-heading\">Ristoranti nelle vicinanze<\/h3>\n\n<p>Bayeux \u00e8 una citt\u00e0 dove trover\u00e0 una buona gamma di ristoranti, per tutti i gusti e gli stili! Ecco la nostra piccola selezione:<\/p>\n\n<ul class=\"wp-block-list\">\n<li><strong>Ristorante l&#8217;Acte 2<\/strong> &#8211; cucina tradizionale e autentica normanna.<\/li>\n\n\n\n<li><strong>Ristorante L&#8217;Alchimie<\/strong> &#8211; una fusione di sapori locali e stranieri.<\/li>\n\n\n\n<li><strong>Ristorante L&#8217;Alc\u00f4ve<\/strong> &#8211; pasti gastronomici in un&#8217;atmosfera amichevole.<\/li>\n\n\n\n<li><strong>Ristorante Le Moulin de la Galette<\/strong> &#8211; prodotti freschi e locali in un locale nel cuore del centro storico di Bayeux.<\/li>\n\n\n\n<li><strong>Ristorante La Rapi\u00e8re <\/strong>&#8211; raffinata cucina stagionale in un ambiente del XVI secolo.<\/li>\n\n\n\n<li><strong>Sala da t\u00e8 della mensa Les volets roses<\/strong> &#8211; per uno spuntino generoso e gourmet.<\/li>\n<\/ul>\n\n<div style=\"margin-top:8%;margin-bottom:8%\" class=\"wp-block-genesis-blocks-gb-container box gb-block-container\"><div class=\"gb-container-inside\"><div class=\"gb-container-content\">\n<div style=\"background-color:#fefefe;margin-top:6%;margin-bottom:6%\" class=\"wp-block-genesis-blocks-gb-container box gb-block-container\"><div class=\"gb-container-inside\"><div class=\"gb-container-content\" style=\"max-width:700px\">\n<div class=\"wp-block-columns inverse is-layout-flex wp-container-core-columns-is-layout-9d6595d7 wp-block-columns-is-layout-flex\">\n<div class=\"wp-block-column texte_planif is-layout-flow wp-block-column-is-layout-flow\" style=\"flex-basis:58%\">\n<h5 class=\"titre_box\">Riceva la nostra <span class=\"titre_box_manuscrit\">Newsletter<\/span><\/h5>\n\n\n\n<ul class=\"wp-block-list\">\n<li>Una boccata d&#8217;aria fresca nella sua vita quotidiana nelle bellissime destinazioni di Region Lovers!<\/li>\n\n\n\n<li>Una volta al mese<\/li>\n\n\n\n<li>Senza pubblicit\u00e0<\/li>\n<\/ul>\n\n\n<script>\nvar gform;gform||(document.addEventListener(\"gform_main_scripts_loaded\",function(){gform.scriptsLoaded=!0}),document.addEventListener(\"gform\/theme\/scripts_loaded\",function(){gform.themeScriptsLoaded=!0}),window.addEventListener(\"DOMContentLoaded\",function(){gform.domLoaded=!0}),gform={domLoaded:!1,scriptsLoaded:!1,themeScriptsLoaded:!1,isFormEditor:()=>\"function\"==typeof InitializeEditor,callIfLoaded:function(o){return!(!gform.domLoaded||!gform.scriptsLoaded||!gform.themeScriptsLoaded&&!gform.isFormEditor()||(gform.isFormEditor()&&console.warn(\"The use of gform.initializeOnLoaded() is deprecated in the form editor context and will be removed in Gravity Forms 3.1.\"),o(),0))},initializeOnLoaded:function(o){gform.callIfLoaded(o)||(document.addEventListener(\"gform_main_scripts_loaded\",()=>{gform.scriptsLoaded=!0,gform.callIfLoaded(o)}),document.addEventListener(\"gform\/theme\/scripts_loaded\",()=>{gform.themeScriptsLoaded=!0,gform.callIfLoaded(o)}),window.addEventListener(\"DOMContentLoaded\",()=>{gform.domLoaded=!0,gform.callIfLoaded(o)}))},hooks:{action:{},filter:{}},addAction:function(o,r,e,t){gform.addHook(\"action\",o,r,e,t)},addFilter:function(o,r,e,t){gform.addHook(\"filter\",o,r,e,t)},doAction:function(o){gform.doHook(\"action\",o,arguments)},applyFilters:function(o){return gform.doHook(\"filter\",o,arguments)},removeAction:function(o,r){gform.removeHook(\"action\",o,r)},removeFilter:function(o,r,e){gform.removeHook(\"filter\",o,r,e)},addHook:function(o,r,e,t,n){null==gform.hooks[o][r]&&(gform.hooks[o][r]=[]);var d=gform.hooks[o][r];null==n&&(n=r+\"_\"+d.length),gform.hooks[o][r].push({tag:n,callable:e,priority:t=null==t?10:t})},doHook:function(r,o,e){var t;if(e=Array.prototype.slice.call(e,1),null!=gform.hooks[r][o]&&((o=gform.hooks[r][o]).sort(function(o,r){return o.priority-r.priority}),o.forEach(function(o){\"function\"!=typeof(t=o.callable)&&(t=window[t]),\"action\"==r?t.apply(null,e):e[0]=t.apply(null,e)})),\"filter\"==r)return e[0]},removeHook:function(o,r,t,n){var e;null!=gform.hooks[o][r]&&(e=(e=gform.hooks[o][r]).filter(function(o,r,e){return!!(null!=n&&n!=o.tag||null!=t&&t!=o.priority)}),gform.hooks[o][r]=e)}});\n<\/script>\n\n                <div class='gf_browser_gecko gform_wrapper gravity-theme gform-theme--no-framework waitlist_wrapper' data-form-theme='gravity-theme' data-form-index='0' id='gform_wrapper_3' >\n                        <div class='gform_heading'>\n                            <p class='gform_description'><\/p>\n                        <\/div><form method='post' enctype='multipart\/form-data'  id='gform_3' class='waitlist' action='\/it\/wp-json\/wp\/v2\/posts\/6372' data-formid='3' novalidate> \r\n <input type='hidden' class='gforms-pum' value='{\"closepopup\":false,\"closedelay\":0,\"openpopup\":false,\"openpopup_id\":0}' \/>\n                        <div class='gform-body gform_body'><div id='gform_fields_3' class='gform_fields top_label form_sublabel_below description_below validation_below'><div id=\"field_3_5\" class=\"gfield gfield--type-honeypot gform_validation_container field_sublabel_below gfield--has-description field_description_below field_validation_below gfield_visibility_visible\"  ><label class='gfield_label gform-field-label' for='input_3_5'>URL<\/label><div class='ginput_container'><input name='input_5' id='input_3_5' type='text' value='' autocomplete='new-password'\/><\/div><div class='gfield_description' id='gfield_description_3_5'>Questo campo serve per la convalida e dovrebbe essere lasciato inalterato.<\/div><\/div><div id=\"field_3_1\" class=\"gfield gfield--type-email gfield--input-type-email gfield_contains_required field_sublabel_below gfield--no-description field_description_below hidden_label field_validation_below gfield_visibility_visible\"  ><label class='gfield_label gform-field-label' for='input_3_1'>E-mail<span class=\"gfield_required\"><span class=\"gfield_required gfield_required_text\">(Obbligatorio)<\/span><\/span><\/label><div class='ginput_container ginput_container_email'>\n                            <input name='input_1' id='input_3_1' type='email' value='' class='large'    aria-required=\"true\" aria-invalid=\"false\"  \/>\n                        <\/div><\/div><fieldset id=\"field_3_3\" class=\"gfield gfield--type-consent gfield--type-choice gfield--input-type-consent gfield_contains_required field_sublabel_below gfield--no-description field_description_below hidden_label field_validation_below gfield_visibility_visible\"  ><legend class='gfield_label gform-field-label gfield_label_before_complex' >RGPD<span class=\"gfield_required\"><span class=\"gfield_required gfield_required_text\">(Obbligatorio)<\/span><\/span><\/legend><div class='ginput_container ginput_container_consent'><input name='input_3.1' id='input_3_3_1' type='checkbox' value='1'   aria-required=\"true\" aria-invalid=\"false\"   \/> <label class=\"gform-field-label gform-field-label--type-inline gfield_consent_label\" for='input_3_3_1' >S\u00ec, desidero abbonarmi alla newsletter mensile<span class=\"gfield_required gfield_required_text\">(Obbligatorio)<\/span><\/label><input type='hidden' name='input_3.2' value='S\u00ec, desidero abbonarmi alla newsletter mensile' class='gform_hidden' \/><input type='hidden' name='input_3.3' value='1' class='gform_hidden' \/><\/div><\/fieldset><div id=\"field_3_4\" class=\"gfield gfield--type-website gfield--input-type-website gfield--width-full field_sublabel_below gfield--no-description field_description_below field_validation_below gfield_visibility_hidden\"  ><div class=\"admin-hidden-markup\"><i class=\"gform-icon gform-icon--hidden\" aria-hidden=\"true\" title=\"Questo campo \u00e8 nascosto quando si visualizza il modulo\"><\/i><span>Questo campo \u00e8 nascosto quando si visualizza il modulo<\/span><\/div><label class='gfield_label gform-field-label' for='input_3_4'>Site Web<\/label><div class='ginput_container ginput_container_website'>\n                    <input name='input_4' id='input_3_4' type='url' value='https:\/\/normandielovers.fr\/it\/wp-json\/wp\/v2\/posts\/6372' class='large'    placeholder='https:\/\/'  aria-invalid=\"false\" \/>\n                <\/div><\/div><\/div><\/div>\n        <div class='gform-footer gform_footer top_label'> <input type='submit' id='gform_submit_button_3' class='gform_button button' onclick='gform.submission.handleButtonClick(this);' data-submission-type='submit' value='Abbonarsi'  \/> \n            <input type='hidden' class='gform_hidden' name='gform_submission_method' data-js='gform_submission_method_3' value='postback' \/>\n            <input type='hidden' class='gform_hidden' name='gform_theme' data-js='gform_theme_3' id='gform_theme_3' value='gravity-theme' \/>\n            <input type='hidden' class='gform_hidden' name='gform_style_settings' data-js='gform_style_settings_3' id='gform_style_settings_3' value='{&quot;inputPrimaryColor&quot;:&quot;#204ce5&quot;}' \/>\n            <input type='hidden' class='gform_hidden' name='is_submit_3' value='1' \/>\n            <input type='hidden' class='gform_hidden' name='gform_submit' value='3' \/>\n            \n            <input type='hidden' class='gform_hidden' name='gform_currency' data-currency='EUR' value='GEUOLlyIiPRhLyBMXFl5ZqvyELiFCpV8g6dIEnSR3NHIz1T4utIDfl1y9xvnWdlMjL08ujmCSmK4ngE66VPeHj2il\/SoWIBEHG6KHoKfM9iJRpU=' \/>\n            <input type='hidden' class='gform_hidden' name='gform_unique_id' value='' \/>\n            <input type='hidden' class='gform_hidden' name='state_3' value='WyJ7XCIzLjFcIjpcIjMxNjA2NDljOTQ4ZTZmNmVjNWZiNTY0Nzg5MTJjNGRkXCIsXCIzLjJcIjpcIjkxMmE4MGVkOGJjMmMwYjA1YjNlNDU1NWRlMzRlZWFhXCIsXCIzLjNcIjpcIjMxNjA2NDljOTQ4ZTZmNmVjNWZiNTY0Nzg5MTJjNGRkXCJ9IiwiNjcyNDY0ZGM4MTE5ZTU3M2E1ZDhjOTQ0NDUzNmFkODgiXQ==' \/>\n            <input type='hidden' autocomplete='off' class='gform_hidden' name='gform_target_page_number_3' id='gform_target_page_number_3' value='0' \/>\n            <input type='hidden' autocomplete='off' class='gform_hidden' name='gform_source_page_number_3' id='gform_source_page_number_3' value='1' \/>\n            <input type='hidden' name='gform_field_values' value='' \/>\n            \n        <\/div>\n                        <\/form>\n                        <\/div><script>\ngform.initializeOnLoaded( function() {gformInitSpinner( 3, 'https:\/\/normandielovers.fr\/wp-content\/plugins\/gravityforms\/images\/spinner.svg', true );jQuery('#gform_ajax_frame_3').on('load',function(){var contents = jQuery(this).contents().find('*').html();var is_postback = contents.indexOf('GF_AJAX_POSTBACK') >= 0;if(!is_postback){return;}var form_content = jQuery(this).contents().find('#gform_wrapper_3');var is_confirmation = jQuery(this).contents().find('#gform_confirmation_wrapper_3').length > 0;var is_redirect = contents.indexOf('gformRedirect(){') >= 0;var is_form = form_content.length > 0 && ! is_redirect && ! is_confirmation;var mt = parseInt(jQuery('html').css('margin-top'), 10) + parseInt(jQuery('body').css('margin-top'), 10) + 100;if(is_form){jQuery('#gform_wrapper_3').html(form_content.html());if(form_content.hasClass('gform_validation_error')){jQuery('#gform_wrapper_3').addClass('gform_validation_error');} else {jQuery('#gform_wrapper_3').removeClass('gform_validation_error');}setTimeout( function() { \/* delay the scroll by 50 milliseconds to fix a bug in chrome *\/  }, 50 );if(window['gformInitDatepicker']) {gformInitDatepicker();}if(window['gformInitPriceFields']) {gformInitPriceFields();}var current_page = jQuery('#gform_source_page_number_3').val();gformInitSpinner( 3, 'https:\/\/normandielovers.fr\/wp-content\/plugins\/gravityforms\/images\/spinner.svg', true );jQuery(document).trigger('gform_page_loaded', [3, current_page]);window['gf_submitting_3'] = false;}else if(!is_redirect){var confirmation_content = jQuery(this).contents().find('.GF_AJAX_POSTBACK').html();if(!confirmation_content){confirmation_content = contents;}jQuery('#gform_wrapper_3').replaceWith(confirmation_content);jQuery(document).trigger('gform_confirmation_loaded', [3]);window['gf_submitting_3'] = false;wp.a11y.speak(jQuery('#gform_confirmation_message_3').text());}else{jQuery('#gform_3').append(contents);if(window['gformRedirect']) {gformRedirect();}}jQuery(document).trigger(\"gform_pre_post_render\", [{ formId: \"3\", currentPage: \"current_page\", abort: function() { this.preventDefault(); } }]);        if (event && event.defaultPrevented) {                return;        }        const gformWrapperDiv = document.getElementById( \"gform_wrapper_3\" );        if ( gformWrapperDiv ) {            const visibilitySpan = document.createElement( \"span\" );            visibilitySpan.id = \"gform_visibility_test_3\";            gformWrapperDiv.insertAdjacentElement( \"afterend\", visibilitySpan );        }        const visibilityTestDiv = document.getElementById( \"gform_visibility_test_3\" );        let postRenderFired = false;        function triggerPostRender() {            if ( postRenderFired ) {                return;            }            postRenderFired = true;            gform.core.triggerPostRenderEvents( 3, current_page );            if ( visibilityTestDiv ) {                visibilityTestDiv.parentNode.removeChild( visibilityTestDiv );            }        }        function debounce( func, wait, immediate ) {            var timeout;            return function() {                var context = this, args = arguments;                var later = function() {                    timeout = null;                    if ( !immediate ) func.apply( context, args );                };                var callNow = immediate && !timeout;                clearTimeout( timeout );                timeout = setTimeout( later, wait );                if ( callNow ) func.apply( context, args );            };        }        const debouncedTriggerPostRender = debounce( function() {            triggerPostRender();        }, 200 );        if ( visibilityTestDiv && visibilityTestDiv.offsetParent === null ) {            const observer = new MutationObserver( ( mutations ) => {                mutations.forEach( ( mutation ) => {                    if ( mutation.type === 'attributes' && visibilityTestDiv.offsetParent !== null ) {                        debouncedTriggerPostRender();                        observer.disconnect();                    }                });            });            observer.observe( document.body, {                attributes: true,                childList: false,                subtree: true,                attributeFilter: [ 'style', 'class' ],            });        } else {            triggerPostRender();        }    } );} );\n<\/script>\n<\/div>\n\n\n\n<div class=\"wp-block-column is-layout-flow wp-block-column-is-layout-flow\" style=\"flex-basis:42%\">\n<div class=\"wp-block-genesis-blocks-gb-container aligncenter newsletter-radius gb-block-container\"><div class=\"gb-container-inside\"><div class=\"gb-container-content\"><div class=\"wp-block-image newsletter-image\">\n<figure class=\"aligncenter size-full\"><img loading=\"lazy\" decoding=\"async\" width=\"729\" height=\"792\" src=\"https:\/\/normandielovers.fr\/wp-content\/uploads\/2024\/01\/newsletter_FR_2.png\" alt=\"\" class=\"wp-image-12777\" srcset=\"https:\/\/normandielovers.fr\/wp-content\/uploads\/2024\/01\/newsletter_FR_2.png 729w, https:\/\/normandielovers.fr\/wp-content\/uploads\/2024\/01\/newsletter_FR_2-276x300.png 276w\" sizes=\"auto, (max-width: 729px) 100vw, 729px\" \/><\/figure>\n<\/div><\/div><\/div><\/div>\n<\/div>\n<\/div>\n<\/div><\/div><\/div>\n<\/div><\/div><\/div>\n\n<h2 class=\"wp-block-heading\">Situato in un palazzo episcopale dell&#8217;XI secolo<\/h2>\n\n<p>Innanzitutto, la particolarit\u00e0 del Museo d&#8217;Arte e Storia Baron G\u00e9rard (MAHB) \u00e8 la sua ubicazione nell&#8217;ex Palazzo Episcopale di Bayeux. Gli spazi conservati di questo antico palazzo risalgono a periodi diversi. Se si segue il percorso cronologico offerto dal museo, si arriva prima all&#8217;antica cappella medievale.  <\/p>\n\n<h3 class=\"wp-block-heading\">L&#8217;antica cappella medievale<\/h3>\n\n<p>Questo edificio religioso in stile gotico fu eretto nel XIII secolo. Appena scende per iniziare il tour, poco prima delle sale preistoriche, si ricordi di guardare alla sua destra. Le pareti della cappella sono molto ben conservate, con grondaie e finestre alte. In origine, ospitava una navata di oltre 100 m2 decorata con un rivestimento interno chiamato boiserie. All&#8217;inizio del Rinascimento, fu costruita una nuova cappella palaziale e due secoli dopo questo spazio religioso divenne una fonderia di campane.<\/p>\n\n<figure class=\"wp-block-image size-large\"><img decoding=\"async\" src=\"https:\/\/photos.smugmug.com\/photos\/i-kDrwDHF\/1\/eeb1fdab\/L\/i-kDrwDHF-L.jpg\" alt=\"Resti della cappella medievale risalente al XIII secolo presso il MAHB (Bayeux)\"\/><figcaption class=\"wp-element-caption\">Resti della cappella medievale risalente al XIII secolo<\/figcaption><\/figure>\n\n<h3 class=\"wp-block-heading\">L&#8217;aula si \u00e8 trasformata in un tribunale<\/h3>\n\n<p>Ritratti di vescovi come decorazioni murali, questa sala fu costruita nel XVII secolo. Dopo la Rivoluzione francese, il comune di Bayeux sequestr\u00f2 il palazzo come propriet\u00e0 nazionale. L&#8217;aula, a cui si accede al primo piano, divenne poi il tribunale di prima istanza e di commercio di Bayeux fino al 1987.<\/p>\n\n<figure class=\"wp-block-image size-large\"><img decoding=\"async\" src=\"https:\/\/photos.smugmug.com\/photos\/i-JR4WzHb\/1\/01ac8b40\/L\/i-JR4WzHb-L.jpg\" alt=\"L'ex tribunale episcopale divenne il tribunale di prima istanza e di commercio di Bayeux fino al 1987.\"\/><\/figure>\n\n<p>Si prenda il suo tempo in questa stanza dove ogni dettaglio ha la sua importanza e il suo significato. I mobili, le bilance, il busto di Marianna, la vetrata che evoca il Codice Civile&#8230; Tutti questi ornamenti risalgono al XIX secolo. Eravamo molto intimoriti dall&#8217;idea di calpestare questo pavimento storico. Se guarda in alto, pu\u00f2 vedere l&#8217;impressionante soffitto a cassettoni in quercia, costruito nel XVII secolo.<\/p>\n\n<figure class=\"wp-block-image size-large\"><img decoding=\"async\" src=\"https:\/\/photos.smugmug.com\/photos\/i-QZ7HX54\/1\/93fa4f47\/L\/i-QZ7HX54-L.jpg\" alt=\"Soffitto a cassettoni in quercia costruito nel XVII secolo nell'ex palazzo episcopale di Bayeux (MAHB)\"\/><\/figure>\n\n<h3 class=\"wp-block-heading\">La Cappella Rinascimentale<\/h3>\n\n<p>Se continua la sua visita, si imbatter\u00e0 nella cappella rinascimentale costruita dal vescovo Luigi di Canossa nel XVI secolo. Questa stanza divenne una sala di deliberazione per i giudici che sedevano in tribunale a partire dal XIX secolo.  <\/p>\n\n<p>Le vetrate hanno una fascia con un ciclo di motivi riprodotti intorno ai bordi di ogni finestra superiore. Queste finestre portano luce nella cappella e contrastano con le arcate pi\u00f9 scure.<\/p>\n\n<figure class=\"wp-block-image size-large\"><img decoding=\"async\" src=\"https:\/\/photos.smugmug.com\/photos\/i-4Mnfq6s\/1\/00ec66f7\/L\/i-4Mnfq6s-L.jpg\" alt=\"\"\/><figcaption class=\"wp-element-caption\">Vetrate colorate<\/figcaption><\/figure>\n\n<p>Guardando il soffitto, la struttura ottagonale della cappella presenta volte simili alle ogive intersecanti del periodo gotico. Ma al centro, era un balletto danzato da una nuvola di angioletti? Osservando pi\u00f9 da vicino i dipinti e il movimento delle figure, eravamo in realt\u00e0 testimoni di un concerto di angeli musicali. Esibendo i loro strumenti, sono posizionati intorno alle braccia della persona che ha commissionato questo affresco, Jacques d&#8217;Angennes, vescovo di Bayeux nel XVII secolo.<\/p>\n\n<figure class=\"wp-block-image size-large\"><img decoding=\"async\" src=\"https:\/\/photos.smugmug.com\/photos\/i-x7VPh97\/1\/ca54c5e3\/L\/i-x7VPh97-L.jpg\" alt=\"La decorazione del soffitto della cappella &#xE8; composta da 52 dipinti risalenti al XVII secolo, o Grand si&#xE8;cle, nel MAHB (Bayeux).\"\/><figcaption class=\"wp-element-caption\">Il soffitto della cappella \u00e8 decorato con 52 dipinti risalenti al Grande Secolo.<\/figcaption><\/figure>\n\n<p>Se continua la visita alla cappella, vedr\u00e0 due porte laterali che furono installate pi\u00f9 tardi nel XIX secolo. Si tratta di copie delle porte costruite per il palazzo d&#8217;Escoville, costruito in Place Saint-Pierre a Caen nel XVI secolo. Siamo rimasti affascinati da questa meticolosa lavorazione del legno. Vale la pena ricordare che i carpentieri realizzarono un frontone dedicato al Giudizio Universale e, se si osserva attentamente, il secondo presenta l&#8217;Apocalisse.  <\/p>\n\n<figure class=\"wp-block-image size-large\"><img decoding=\"async\" src=\"https:\/\/photos.smugmug.com\/photos\/i-fTnMvsx\/1\/12c33a8c\/L\/i-fTnMvsx-L.jpg\" alt=\"Porta laterale del XIX secolo nella cappella del Palazzo Episcopale di Bayeux\"\/><figcaption class=\"wp-element-caption\">Porta laterale del XIX secolo nella cappella del Palazzo Episcopale di Bayeux<\/figcaption><\/figure>\n\n<div style=\"background-color:#fefefe;margin-top:8%;margin-bottom:8%\" class=\"wp-block-genesis-blocks-gb-container box gb-block-container\"><div class=\"gb-container-inside\"><div class=\"gb-container-content\" style=\"max-width:700px\">\n<div class=\"wp-block-columns inverse is-layout-flex wp-container-core-columns-is-layout-9d6595d7 wp-block-columns-is-layout-flex\">\n<div class=\"wp-block-column texte_planif is-layout-flow wp-block-column-is-layout-flow\" style=\"flex-basis:58%\">\n<h5 class=\"titre_box\" style=\"padding-top:10px\">UTILIZZI LA NOSTRA GUIDA PER PIANIFICARE UN  <br\/><span>VIAGGIO DA SOGNO<\/span> IN <span class=\"titre_box_manuscrit\">Normandia<\/span><\/h5>\n\n\n\n<div class=\"wp-block-genesis-blocks-gb-container gb-block-container\"><div class=\"gb-container-inside\"><div class=\"gb-container-content\">\n<p style=\"font-size:14px\">Tutte le informazioni necessarie per il suo viaggio:<\/p>\n<\/div><\/div><\/div>\n\n\n\n<div class=\"wp-block-genesis-blocks-gb-container gb-block-container\"><div class=\"gb-container-inside\"><div class=\"gb-container-content\"><\/div><\/div><\/div>\n\n\n\n<ul style=\"font-size:14px\" id=\"liste_discover\" class=\"wp-block-list\">\n<li>8 mappe che facilitano la pianificazione<\/li>\n\n\n\n<li>160+ localit\u00e0 preselezionate<\/li>\n\n\n\n<li>Consigli pratici<\/li>\n\n\n\n<li>300+ foto per aiutarla a scegliere<\/li>\n<\/ul>\n\n\n\n<div class=\"wp-block-buttons has-custom-font-size bouton_10 is-content-justification-center is-layout-flex wp-container-core-buttons-is-layout-14c487f4 wp-block-buttons-is-layout-flex\" style=\"font-size:13px\">\n<div class=\"wp-block-button has-custom-font-size\" style=\"font-size:14px\"><a class=\"wp-block-button__link has-white-color has-text-color wp-element-button\" href=\"https:\/\/normandielovers.fr\/it\/ebook-guida-road-trip-normandia\/\" style=\"border-radius:4px\" target=\"_blank\" rel=\"noreferrer noopener\">Scoprire >><\/a><\/div>\n<\/div>\n<\/div>\n\n\n\n<div class=\"wp-block-column is-layout-flow wp-block-column-is-layout-flow\" style=\"flex-basis:42%\">\n<div class=\"wp-block-genesis-blocks-gb-container ebook-radius gb-block-container\"><div class=\"gb-container-inside\"><div class=\"gb-container-content\"><div class=\"wp-block-image ebook-image\">\n<figure class=\"aligncenter size-large is-resized\"><img decoding=\"async\" src=\"https:\/\/normandielovers.fr\/wp-content\/uploads\/2023\/03\/Box-Ebook-Normandia-IT.png\" alt=\"Box Ebook Corsica FR\" style=\"width:203px;height:157px\"\/><\/figure>\n<\/div><\/div><\/div><\/div>\n<\/div>\n<\/div>\n<\/div><\/div><\/div>\n\n<h2 class=\"wp-block-heading\">Le stanze dalla Preistoria al Medioevo<\/h2>\n\n<h3 class=\"wp-block-heading\">Viaggio nel tempo: la sezione preistorica della MAHB<\/h3>\n\n<p>Riavvolgiamo il nastro, se non le dispiace! Avete deciso di seguire il percorso seguendo la cronologia delle epoche? Si inizia con le collezioni preistoriche. Dagli affreschi murali ai resti archeologici scoperti vicino a Bayeux, queste collezioni abbracciano quasi 4000 anni! Una mappa della regione fornisce informazioni per aiutarla a comprendere le rivelazioni dell&#8217;esplorazione geologica.<\/p>\n\n<figure class=\"wp-block-image size-large\"><img decoding=\"async\" src=\"https:\/\/photos.smugmug.com\/photos\/i-xGGvr3D\/1\/7f0c7e2a\/L\/i-xGGvr3D-L.jpg\" alt=\"Pannelli esplicativi al MAHB di Bayeux\"\/><figcaption class=\"wp-element-caption\">Numerosi pannelli esplicativi le permettono di collocare le scoperte nell&#8217;universo spazio-temporale, come mostrato qui prima di entrare nella prima sala della preistoria.<\/figcaption><\/figure>\n\n<p>Pi\u00f9 di 250.000 anni fa, i cacciatori-raccoglitori del Paleolitico si riunivano vicino a Bayeux in modo intermittente. Fu solo dopo 8 millenni a.C. che l&#8217;insediamento divenne pi\u00f9 costante e evidente nella regione. La sedentarizzazione delle persone port\u00f2 allo sviluppo dell&#8217;agricoltura. Diversi resti attestano l&#8217;appropriazione del territorio da parte di questi popoli come comunit\u00e0. Resti di monumenti funerari neolitici, frammenti di asce o bracciali, selci, uncini, ceramiche di stabilimenti agricoli&#8230; Tanti oggetti preistorici che la faranno immergere in questo periodo ampiamente studiato dagli archeologi.<\/p>\n\n<figure class=\"wp-block-image size-large\"><img decoding=\"async\" src=\"https:\/\/photos.smugmug.com\/photos\/i-nC52gvH\/1\/4d2cbd44\/L\/i-nC52gvH-L.jpg\" alt=\"Sala della preistoria del Museo Baron G&#xE9;rard di Bayeux (MAHB)\"\/><\/figure>\n\n<h3 class=\"wp-block-heading\">Il periodo gallo-romano<\/h3>\n\n<p>Conosce <em>Augustodurum<\/em>? No, non \u00e8 il nome di un personaggio del famoso fumetto <em>Asterix e Obelix<\/em>, ma il nome dell&#8217;antica citt\u00e0 di Bayeux!  <\/p>\n\n<p>I Romani fondarono questa citt\u00e0 all&#8217;inizio del I secolo e le diedero il nome dell&#8217;imperatore romano Augusto. La sua posizione era strategica per le guarnigioni romane, all&#8217;incrocio delle coste della Manica e del Cotentin, vicino alle citt\u00e0 di <em>Rotomagus<\/em> (Rouen) e <em>Vindunum<\/em> (Le Mans).<\/p>\n\n<figure class=\"wp-block-image size-large is-resized\"><img loading=\"lazy\" decoding=\"async\" src=\"https:\/\/photos.smugmug.com\/photos\/i-Q4m5sgF\/1\/25ce32df\/L\/i-Q4m5sgF-L.jpg\" alt=\"Decorazione interna di una domus risalente alla fine del I secolo esposta al MAHB di Bayeux\" width=\"702\" height=\"526\"\/><figcaption class=\"wp-element-caption\">Decorazione interna di una <em>domus<\/em> risalente alla fine del I secolo<\/figcaption><\/figure>\n\n<p>Nella regione sono state portate alla luce diverse meraviglie archeologiche, la maggior parte delle quali sono esposte al MAHB di Bayeux. Per la gioia dei nostri occhi, abbiamo avuto la possibilit\u00e0 di ammirare questi resti millenari!  <\/p>\n\n<p>Ad esempio, questa decorazione interna di una <em>domus<\/em> nella fotografia qui sopra risale alla fine del I secolo. Restaurati e studiati per 11 anni a partire dal 1999, questi frammenti hanno permesso di ricostituire questa decorazione con i suoi colori ocra e terra quasi intatti, formando almeno tre stanze. Si tratta di un adattamento dello stile delle grandi case italiane dell&#8217;epoca.<\/p>\n\n<figure class=\"wp-block-image size-large\"><img decoding=\"async\" src=\"https:\/\/photos.smugmug.com\/photos\/i-rKJ5LtQ\/1\/276e607a\/L\/i-rKJ5LtQ-L.jpg\" alt=\"\"\/><\/figure>\n\n<p>Il Museo Baron G\u00e9rard (MAHB) \u00e8 davvero educativo, sia per i giovani che per i meno giovani, e noi lo abbiamo trovato molto piacevole! Inoltre, lungo il percorso sono disponibili dei touch screen. Potr\u00e0 trovare maggiori dettagli su determinati periodi o reperti, come sopra nella sezione Gallo-Romana.<\/p>\n\n<h3 class=\"wp-block-heading\">Medioevo: dal declino dell&#8217;Impero Romano al Rinascimento<\/h3>\n\n<p>Quando siamo entrati in questa sala dedicata al Medioevo, siamo rimasti piacevolmente sorpresi dall&#8217;armonia tra il passato e il presente in questa stanza. Infatti, ha conservato la sua decorazione a volta dell&#8217;XI e XII secolo, oltre agli oggetti d&#8217;arte e ai resti archeologici esposti. Gli archi delle volte sono stati restaurati e ricoperti con un rivestimento recente, ma le colonne in pietra che sostengono la sala sono autentiche.  <\/p>\n\n<figure class=\"wp-block-image size-large\"><img decoding=\"async\" src=\"https:\/\/photos.smugmug.com\/photos\/i-GVZ6Tq4\/1\/3bbf9718\/L\/i-GVZ6Tq4-L.jpg\" alt=\"Sala Medievale al MAHB di Bayeux\"\/><\/figure>\n\n<p>In questa sala dell&#8217;ex Palazzo Vescovile, le collezioni medievali, archeologiche e religiose sono accompagnate da dipinti del XIX secolo. Perch\u00e9? Questi dipinti, contemporanei ai pezzi e agli oggetti d&#8217;arte esposti in questa sezione, illustrano eventi storici del periodo medievale. Una scenografia molto originale, dove le opere d&#8217;arte evidenziano una parte della narrazione storica in modo diverso.<\/p>\n\n<figure class=\"wp-block-image size-large\"><img decoding=\"async\" src=\"https:\/\/photos.smugmug.com\/photos\/i-MHKFGfv\/1\/e15d5c3e\/L\/i-MHKFGfv-L.jpg\" alt=\"Un tempo nelle antiche terme di Bayeux, la testa della dea Minerva &#xE8; esposta al MAHB.\"\/><figcaption class=\"wp-element-caption\">Un tempo nelle antiche terme di Bayeux, la testa della dea Minerva \u00e8 esposta al MAHB.<\/figcaption><\/figure>\n\n<p>Un altro imponente elemento centrale di questo percorso medievale \u00e8 l&#8217;emblematica campana di Fontenailles. Sapeva che questa \u00e8 la campana con iscrizione pi\u00f9 antica della Francia? La campana \u00e8 interamente fusa in bronzo e ci siamo concentrati sulla sua iscrizione. Di significato religioso, il testo consiste in lodi seguite dalla data di fusione della campana, avvenuta nel 1202.  <\/p>\n\n<figure class=\"wp-block-image size-large\"><img decoding=\"async\" src=\"https:\/\/photos.smugmug.com\/photos\/i-BHRWjdP\/1\/b1d6d043\/L\/i-BHRWjdP-L.jpg\" alt=\"La campana di Fontenailles &#xE8; esposta nella sala medievale del MAHB di Bayeux.\"\/><figcaption class=\"wp-element-caption\">Esposizione della campana di Fontenailles fusa nel 1202<\/figcaption><\/figure>\n\n<p>Chiudere gli occhi. Si immagini nell&#8217;abbazia di Longues-sur-Mer o nella chiesa di Fontenailles, che ospitava questo (grande) gioiello. In questo ambiente bucolico, il suono delle campane di bronzo tintinnanti e dei gabbiani la accompagner\u00e0. Ci sei?<\/p>\n\n<figure class=\"wp-block-image size-large\"><img decoding=\"async\" src=\"https:\/\/photos.smugmug.com\/photos\/i-V86C3gj\/1\/e9ce114d\/L\/i-V86C3gj-L.jpg\" alt=\"La campana di Fontenailles del XIII secolo &#xE8; esposta al MAHB di Bayeux.\"\/><\/figure>\n\n<p>Il Medioevo fu anche l&#8217;epoca della cristianizzazione, come si pu\u00f2 vedere negli oggetti d&#8217;arte scoperti pi\u00f9 avanti nel nostro tour! Il cristianesimo si afferm\u00f2 gradualmente tra gli abitanti di Bayeux. Inoltre, l&#8217;eredit\u00e0 dell&#8217;Impero Romano nelle pratiche liturgiche e funerarie pu\u00f2 essere percepita in alcuni dei pezzi che vedr\u00e0 in mostra, come le tombe e i sarcofagi. Al contrario, gli edifici religiosi si sono evoluti a partire dall&#8217;VIII secolo.  <\/p>\n\n<figure class=\"wp-block-image size-large\"><img decoding=\"async\" src=\"https:\/\/photos.smugmug.com\/photos\/i-KxzCK39\/1\/9fc47f83\/L\/i-KxzCK39-L.jpg\" alt=\"Modelli in scala delle chiese parrocchiali della regione di Bayeux nel Medioevo, realizzati in pietra calcarea nel XIX secolo, in mostra al MAHB di Bayeux.\"\/><figcaption class=\"wp-element-caption\">Modelli di chiese parrocchiali medievali della regione di Bayeux, progettati in pietra calcarea nel XIX secolo.<\/figcaption><\/figure>\n\n<p>Ad esempio, questi modelli di chiese parrocchiali le permettono di visualizzare l&#8217;architettura dell&#8217;epoca. Immagini l&#8217;importanza di questo luogo nel cuore della vita della citt\u00e0, un ritmo quotidiano di cerimonie religiose e altri eventi celebrati nella chiesa.  <\/p>\n\n<div style=\"margin-top:8%;margin-bottom:8%\" class=\"wp-block-genesis-blocks-gb-container box texte_planif gb-block-container\"><div class=\"gb-container-inside\"><div class=\"gb-container-content\" style=\"max-width:700px\">\n<div class=\"wp-block-genesis-blocks-gb-container gb-block-container\"><div class=\"gb-container-inside\"><div class=\"gb-container-content\">\n<h5 class=\"titre_box\" style=\"padding-top:10px;\"><span>SCOPRIRE <\/span> <span class=\"titre_box_manuscrit\">Bayeux<\/span><\/h5>\n<\/div><\/div><\/div>\n\n\n\n<ul class=\"ul_box wp-block-list\">\n<li style=\"font-size:14px\"><a href=\"https:\/\/normandielovers.fr\/it\/cosa-vedere-bayeux-visitare\/\" target=\"_blank\" rel=\"noreferrer noopener\">Cosa vedere a Bayeux<\/a><\/li>\n\n\n\n<li style=\"font-size:14px\">Dove alloggiare a Bayeux: <a href=\"https:\/\/normandielovers.fr\/it\/migliori-hotel-bayeux-dove-alloggiare-recensione\/\" target=\"_blank\" rel=\"noreferrer noopener\">i nostri migliori hotel<\/a><\/li>\n\n\n\n<li style=\"font-size:14px\"><a href=\"https:\/\/normandielovers.fr\/it\/noleggio-auto-bayeux\/\" target=\"_blank\" rel=\"noreferrer noopener\">Noleggia un&#8217;auto a Bayeux<\/a><\/li>\n\n\n\n<li style=\"font-size:14px\">Dove mangiare a Bayeux: <a href=\"https:\/\/normandielovers.fr\/it\/migliori-ristoranti-bayeux-mangiare\/\" target=\"_blank\" rel=\"noreferrer noopener\">i nostri migliori ristoranti<\/a><\/li>\n\n\n\n<li style=\"font-size:14px\">Visiti il <a href=\"https:\/\/normandielovers.fr\/it\/visitare-museo-arazzo-bayeux\/\" target=\"_blank\" rel=\"noreferrer noopener\">Museo degli Arazzi di Bayeux<\/a><\/li>\n\n\n\n<li style=\"font-size:14px\">Visiti il <a href=\"https:\/\/normandielovers.fr\/it\/visitare-museo-baron-gerard-mahb-bayeux\/\" target=\"_blank\" rel=\"noreferrer noopener\">Museo Baron G\u00e9rard di Arte e Storia<\/a><\/li>\n\n\n\n<li style=\"font-size:14px\">Visiti il <a href=\"https:\/\/normandielovers.fr\/it\/museo-memoriale-battaglia-normandia-bayeux\/\" target=\"_blank\" rel=\"noreferrer noopener\">Museo della Battaglia di Normandia<\/a><\/li>\n\n\n\n<li style=\"font-size:14px\">Scoprire la <a href=\"https:\/\/normandielovers.fr\/it\/cattedrale-notre-dame-bayeux\/\" target=\"_blank\" rel=\"noreferrer noopener\">Cattedrale di Notre-Dame a Bayeux<\/a><\/li>\n\n\n\n<li style=\"font-size:14px\">Scopra il <a href=\"https:\/\/normandielovers.fr\/it\/cimitero-militare-britannico-bayeux\/\" target=\"_blank\" rel=\"noreferrer noopener\">Cimitero Militare Britannico<\/a> <\/li>\n<\/ul>\n<\/div><\/div><\/div>\n\n<h2 class=\"wp-block-heading\">Al piano superiore, dal Rinascimento al Secolo dei Lumi<\/h2>\n\n<h3 class=\"wp-block-heading\">Il Rinascimento, o l&#8217;esplosione artistica<\/h3>\n\n<p>Si passa poi al periodo di influenza artistica, il Rinascimento, che inizi\u00f2 nel XIV secolo in Italia e si concluse in Europa verso la fine del XVI secolo. Noter\u00e0 che questo movimento nella storia europea si riflette molto nei dipinti, infatti diversi quadri sono esposti in questa sezione del museo. Inoltre, l&#8217;ascesa della ritrattistica rivela l&#8217;importanza attribuita all&#8217;individuo.<\/p>\n\n<figure class=\"wp-block-image size-large\"><img decoding=\"async\" src=\"https:\/\/photos.smugmug.com\/photos\/i-ZZvrhnb\/1\/b04ba91d\/L\/i-ZZvrhnb-L.jpg\" alt=\"\"\/><figcaption class=\"wp-element-caption\">Opere della scuola olandese di uno dei pittori fiamminghi pi\u00f9 importanti e innovativi del Rinascimento, Hugo Van Der Goes.<\/figcaption><\/figure>\n\n<p>In questa sala, la disposizione delle varie opere evidenziate dai pannelli esplicativi del museo ci ha permesso di percepire questa impronta culturale umanista sulla corte episcopale di Bayeux. Una dimostrazione di questa rinascita intellettuale! Il Rinascimento fu anche sinonimo di circolazione della conoscenza grazie allo sviluppo della stampa.<\/p>\n\n<figure class=\"wp-block-image size-large\"><img decoding=\"async\" src=\"https:\/\/photos.smugmug.com\/photos\/i-qZ43N3C\/1\/ff8b70a7\/L\/i-qZ43N3C-L.jpg\" alt=\"Le tombe del Signore di Ryes Jacques Andr&#xE9; de Sainte-Croix e di sua moglie Marie Davoust sono esposte al MAHB di Bayeux.\"\/><figcaption class=\"wp-element-caption\">Recumbents del Signore di Ryes Jacques Andr\u00e9 de Sainte-Croix e di sua moglie Marie Davoust<\/figcaption><\/figure>\n\n<p>La scenografia di questa parte della mostra \u00e8 una chiara indicazione della rinnovata enfasi sulla letteratura, la filosofia e le arti dell&#8217;antichit\u00e0 greco-romana. Come in questo caso, grazie all&#8217;arte della scultura, siamo stati sopraffatti dalla finezza di queste statue funerarie in pietra calcarea dell&#8217;inizio del XVI secolo. Le meticolose abilit\u00e0 scultoree e le mani giunte in preghiera del defunto rivelano una forma di serenit\u00e0 che emana da questi coniugi della nobilt\u00e0 del Calvados. Veri capolavori di bellezza per il piacere degli occhi!  <\/p>\n\n<figure class=\"wp-block-image size-large\"><img decoding=\"async\" src=\"https:\/\/photos.smugmug.com\/photos\/i-wCvXvCh\/1\/6330e89d\/L\/i-wCvXvCh-L.jpg\" alt=\"Proseguimento del corso presso il MAHB di Bayeux\"\/><\/figure>\n\n<h3 class=\"wp-block-heading\">Il revival classico del XVII secolo<\/h3>\n\n<p>Il XVII secolo, conosciuto anche come il Grande Secolo dal movimento intellettuale e artistico, vide la citt\u00e0 di Bayeux acquisita dalle autorit\u00e0 episcopali e un piano di urbanizzazione su larga scala. Vedr\u00e0 che ci\u00f2 che \u00e8 affascinante in queste diverse stanze, al di l\u00e0 della meraviglia artistica, \u00e8 che le opere d&#8217;arte e gli oggetti raccontano davvero una storia. In particolare, quelli che hanno avuto un impatto sulla citt\u00e0 di Bayeux. Su questo piano trover\u00e0 una ricostruzione della pianta urbana di questa citt\u00e0 normanna nel XVII secolo.<\/p>\n\n<figure class=\"wp-block-image size-large\"><img decoding=\"async\" src=\"https:\/\/photos.smugmug.com\/photos\/i-8MxWgbW\/1\/ef405565\/L\/i-8MxWgbW-L.jpg\" alt=\"Mappa di Bayeux nel XVII secolo in mostra al MAHB di Bayeux\"\/><\/figure>\n\n<p>Nelle scuole di pittura del XVII secolo, emerse un nuovo stile, guidato dagli artisti Caravaggio in Italia e Rembrandt nei Paesi Bassi: il chiaroscuro. Dietro l&#8217;obiettivo della nostra macchina fotografica, abbiamo cercato di individuare i contrasti tra le parti pi\u00f9 o meno illuminate di alcune opere, per catturarne tutta la sostanza. Il Chiaroscuro \u00e8 infatti un&#8217;eredit\u00e0 dell&#8217;antica Grecia che fu abbandonata nel Medioevo prima di essere riesplorata, come vedr\u00e0 in questa sezione del museo, durante il Rinascimento.  <\/p>\n\n<figure class=\"wp-block-image size-large\"><img decoding=\"async\" src=\"https:\/\/photos.smugmug.com\/photos\/i-fVHtWsr\/1\/7921c1b5\/L\/i-fVHtWsr-L.jpg\" alt=\"Dipinti esposti al MAHB di Bayeux\"\/><\/figure>\n\n<p>Su questo piano \u00e8 anche possibile visitare le stanze dell&#8217;ex Palazzo Vescovile, come il tribunale e la cappella, se si percorrono le varie stanze del piano. Grazie ad un touch screen e ad un libretto dettagliato, scoprir\u00e0 i segreti di queste stanze dove persone di alto rango hanno circolato e deliberato per segnare la storia di Bayeux.  <\/p>\n\n<figure class=\"wp-block-image size-large\"><img decoding=\"async\" src=\"https:\/\/photos.smugmug.com\/photos\/i-M9Q8bDT\/1\/86541b60\/L\/i-M9Q8bDT-L.jpg\" alt=\"Aula di tribunale dell'ex Palazzo Episcopale di Bayeux (MAHB)\"\/><\/figure>\n\n<h3 class=\"wp-block-heading\">Tolleranza, libert\u00e0, uguaglianza: le parole d&#8217;ordine dell&#8217;Illuminismo.<\/h3>\n\n<p>Ora siamo nella nona stanza del tour. Sei ancora qui? Il XVIII secolo a Bayeux \u00e8 sinonimo di una vita economica e artistica molto attiva. La classe borghese di Bayeux sta gradualmente emergendo per partecipare alle decisioni centrali che hanno un impatto quotidiano sulla citt\u00e0 e sulla sua popolazione. La nobilt\u00e0 di Bayeux, invece, era pi\u00f9 orientata verso il campo militare. In particolare, alcuni ufficiali parteciparono alle manovre presso il campo di Vaussieux, nella Bassa Normandia, per influenzare il corso della Guerra d&#8217;Indipendenza americana nel 1778 a favore di Washington e degli Insorti.  <\/p>\n\n<figure class=\"wp-block-image size-large\"><img decoding=\"async\" src=\"https:\/\/photos.smugmug.com\/photos\/i-hxr8L5X\/1\/0d5d352f\/L\/i-hxr8L5X-L.jpg\" alt=\"\"\/><\/figure>\n\n<p>Il Secolo dei Lumi fu anche un&#8217;epoca di rinnovamento artistico in termini di ornamento e decorazione. In questa sezione, scoprir\u00e0 che molti mobili antichi, segni di ricchezza della casa, sono perfettamente conservati e sottolineano la moda dei saloni. Come questa magnifica cassettiera d&#8217;epoca Luigi XVI, che combina legno, metallo basso di rame e marmo per far brillare la sua raffinatezza.<\/p>\n\n<figure class=\"wp-block-image size-large\"><img decoding=\"async\" src=\"https:\/\/photos.smugmug.com\/photos\/i-8nVLSFL\/1\/91a2a704\/L\/i-8nVLSFL-L.jpg\" alt=\"Cassettiera d'epoca Luigi XVI che combina legno, metallo basso di rame e marmo, esposta al MAHB di Bayeux.\"\/><\/figure>\n\n<p>Un&#8217;altra tradizione di Bayeux \u00e8 l&#8217;arte della ceramica, apprezzata sia per il suo estetismo che per la sua funzione pratica. Prenda questi vasi di terracotta che pu\u00f2 vedere nella finestra. Costituiscono la farmacopea dello speziale dell&#8217;antico ospedale di Bayeux. Perch\u00e9 queste forme differiscono da un contenitore all&#8217;altro, si potrebbe chiedere? Al di l\u00e0 della volont\u00e0 artistica che guida l&#8217;artigiano, la forma del vaso \u00e8 determinata dal materiale che conterr\u00e0. L&#8217;ingegnosit\u00e0 artistica dell&#8217;epoca \u00e8 piuttosto accattivante da osservare in questa collezione di terracotta. E s\u00ec, l&#8217;arte non \u00e8 solo un oggetto di contemplazione!<\/p>\n\n<figure class=\"wp-block-image size-large\"><img decoding=\"async\" src=\"https:\/\/photos.smugmug.com\/photos\/i-2Vd4K33\/1\/a82c22dc\/L\/i-2Vd4K33-L.jpg\" alt=\"Vasi di terracotta del XVIII secolo in mostra al MAHB di Bayeux\"\/><\/figure>\n\n<h2 class=\"wp-block-heading\">Una passeggiata nella Sala G\u00e9rard nel XIX secolo<\/h2>\n\n<p>Si entra ora nella parte del museo dedicata al XIX secolo, che \u00e8 sinonimo di instabilit\u00e0 politica, rivoluzione, ma anche di modernizzazione e sviluppo dell&#8217;industria. Il movimento artistico dell&#8217;epoca sentiva il bisogno di esplorare i misteri dell&#8217;anima e della sensibilit\u00e0 umana, il che diede origine al romanticismo. Una sensazione che abbiamo provato quando abbiamo scoperto la Camera Gerard.<\/p>\n\n<figure class=\"wp-block-image size-large\"><img decoding=\"async\" src=\"https:\/\/photos.smugmug.com\/photos\/i-gQF4MXG\/1\/5314bf17\/L\/i-gQF4MXG-L.jpg\" alt=\"Dipinto &quot;Hylas e la Ninfa&quot;, olio su tela di Fran&#xE7;ois G&#xE9;rard del 1826, esposto al MAHB di Bayeux.\"\/><figcaption class=\"wp-element-caption\"><em>Hylas e la Ninfa<\/em>, olio su tela di Fran\u00e7ois G\u00e9rard, 1826<\/figcaption><\/figure>\n\n<p>La sala G\u00e9rard presenta diversi pittori, ma il lavoro di Fran\u00e7ois G\u00e9rard, zio del generoso donatore del museo e pittore ufficiale di Napoleone, ha attirato la nostra attenzione. Questo ritrattista della famiglia imperiale si \u00e8 ispirato alla mitologia greca, raffigurando una delle ninfe che si innamora di Hylas, uno dei compagni di Giasone nella sua ricerca del Vello d&#8217;Oro. La dolcezza di quest&#8217;opera ci ha abbagliato. Si noti come l&#8217;artista sottolinea brillantemente il romanticismo della scena. Riesce a fermare il tempo per rendere visibili questi due esseri sul bordo della cascata. Una passione che ora \u00e8 sotto i riflettori.  <\/p>\n\n<figure class=\"wp-block-image size-large\"><img decoding=\"async\" src=\"https:\/\/photos.smugmug.com\/photos\/i-VrdhLcp\/1\/9d3e8ce7\/L\/i-VrdhLcp-L.jpg\" alt=\"Ritratti e mobili antichi nella Salle G&#xE9;rard risalenti al XIX secolo, in mostra al MAHB di Bayeux.\"\/><figcaption class=\"wp-element-caption\">Ritratti e mobili antichi nella Sala G\u00e9rard, risalenti al XIX secolo.<\/figcaption><\/figure>\n\n<h2 class=\"wp-block-heading\">La Normandia nel XIX secolo tra merletti e porcellana<\/h2>\n\n<p>Uscendo dalla Salle G\u00e9rard, si trover\u00e0 prima nell&#8217;antico salone di Paul Albert de Luynes, vescovo di Bayeux all&#8217;et\u00e0 di 26 anni. Prima di dirigersi verso le vetrine, si prenda il tempo di guardarsi intorno. Il legno del XVIII secolo adorna tutte le pareti della stanza.<\/p>\n\n<figure class=\"wp-block-image size-large\"><img decoding=\"async\" src=\"https:\/\/photos.smugmug.com\/photos\/i-mvWK3gF\/1\/8fd2729f\/L\/i-mvWK3gF-L.jpg\" alt=\"L'ex salotto di Paul Albert de Luynes, vescovo di Bayeux, nel MAHB di Bayeux.\"\/><\/figure>\n\n<p>Come pu\u00f2 passare da Bayeux senza sperimentare le sue abilit\u00e0 tradizionali: il pizzo e l&#8217;arte della ceramica! I processi di produzione, la storia di queste attivit\u00e0 economiche, la meccanica della produzione, tutti questi oggetti antichi raccontano i misteri di queste competenze prestigiose e riconosciute a livello internazionale.<\/p>\n\n<h3 class=\"wp-block-heading\">Pizzo di Bayeux<\/h3>\n\n<p>Questa \u00e8 una delle sezioni del tour che abbiamo particolarmente apprezzato! La scenografia \u00e8 molto estetica e davvero educativa. Comprender\u00e0 come l&#8217;attivit\u00e0 di merletto sia stata stabilita a Bayeux a partire dal XVII secolo su iniziativa delle autorit\u00e0 episcopali. Potr\u00e0 anche conoscere meglio il processo di produzione di pezzi eccezionali, come questa gonna disegnata nel 1870 per la borghesia dell&#8217;epoca. Il cosiddetto pizzo ombr\u00e9 d\u00e0 una forma di rilievo a peonie, margherite e altre piante ricamate in seta nera. Un lavoro di precisione impressionante!<\/p>\n\n<figure class=\"wp-block-image size-large\"><img decoding=\"async\" src=\"https:\/\/photos.smugmug.com\/photos\/i-BpbB2dN\/1\/c38a8094\/L\/i-BpbB2dN-L.jpg\" alt=\"\"\/><figcaption class=\"wp-element-caption\">Ammiri la finezza delle rose, delle margherite e delle peonie su questo pezzo unico in seta e pizzo realizzato dalla Maison Lef\u00e9bure.<\/figcaption><\/figure>\n\n<p>La stanza successiva, altrettanto spettacolare nei pezzi di pizzo e ricamo esposti, \u00e8 molto giocosa. Di fronte a lei, quando entra nella stanza, dei pannelli spiegano le 5 fasi del processo di merletto, dalla progettazione all&#8217;assemblaggio.  <\/p>\n\n<figure class=\"wp-block-image size-large\"><img decoding=\"async\" src=\"https:\/\/photos.smugmug.com\/photos\/i-SsKRKLm\/1\/ec4f8f8c\/L\/i-SsKRKLm-L.jpg\" alt=\"Pannelli che spiegano il processo di lavorazione del merletto al MAHB di Bayeux\"\/><\/figure>\n\n<p>Se si guarda alle spalle, una libreria con cassetti rivela frammenti del repertorio decorativo del merletto dell&#8217;epoca, ma anche le principali famiglie di merletti esistenti. Chantilly in seta nera, Bayeux in lino o cotone bianco, o Blonde in seta non sbiancata&#8230; Davvero istruttivo, non crede?<\/p>\n\n<figure class=\"wp-block-image size-large\"><img decoding=\"async\" src=\"https:\/\/photos.smugmug.com\/photos\/i-RS5wnqD\/1\/75ff6a63\/L\/i-RS5wnqD-L.jpg\" alt=\"Un frammento di merletto del XIX secolo esposto al MAHB di Bayeux.\"\/><figcaption class=\"wp-element-caption\">Frammento di pizzo Chantilly in seta nera del XIX secolo esposto al MAHB di Bayeux.<\/figcaption><\/figure>\n\n<h3 class=\"wp-block-heading\">Una visita alla Salle Caillebotte<\/h3>\n\n<p>Dopo queste stanze, si entra in una sala con oggetti del XIX secolo, la sala Caillebotte. Questi oggetti decorativi e di uso quotidiano, numerosi dipinti dell&#8217;artista Gustave Caillebotte e mobili antichi danno un&#8217;immagine pi\u00f9 tradizionale della Normandia dell&#8217;epoca.<\/p>\n\n<figure class=\"wp-block-image size-large\"><img decoding=\"async\" src=\"https:\/\/photos.smugmug.com\/photos\/i-RFb3stW\/1\/4961fdd7\/L\/i-RFb3stW-L.jpg\" alt=\"Salle Caillebotte presso il MAHB di Bayeux\"\/><\/figure>\n\n<h3 class=\"wp-block-heading\">La porcellana di Bayeux, un&#8217;abilit\u00e0 essenziale<\/h3>\n\n<p>Un&#8217;altra tradizione della citt\u00e0 di Bayeux \u00e8 la porcellana. Nel 1812, la fabbrica di porcellana si trasfer\u00ec in citt\u00e0, dove la produzione si svilupp\u00f2 fortemente fino al 1951, mentre le vendite di pezzi di porcellana avvenivano a Parigi. La regione di Bayeux \u00e8 infatti una fonte di materie prime essenziali per la produzione di porcellana.<\/p>\n\n<figure class=\"wp-block-image size-large\"><img decoding=\"async\" src=\"https:\/\/photos.smugmug.com\/photos\/i-fXdwqWq\/1\/4f6416f5\/L\/i-fXdwqWq-L.jpg\" alt=\"Tazze da t&#xE8;, piattini, barattoli, caffettiere, piatti a forma di lumaca e persino calamai da tavolo in porcellana al MAHB di Bayeux.\"\/><figcaption class=\"wp-element-caption\">Tazze da t\u00e8, piattini, barattoli, caffettiere, piatti a forma di lumaca e persino calamai da scrivania in porcellana sono esposti in questa sala del MAHB.<\/figcaption><\/figure>\n\n<p>Immergendosi improvvisamente al centro delle vetrine che espongono questi preziosi set di porcellana, consideri di confrontare i diversi stili, colori, incisioni e decorazioni. Questi oggetti sono davvero una vetrina del know-how unico di Bayeux.  <\/p>\n\n<figure class=\"wp-block-image size-large\"><img decoding=\"async\" src=\"https:\/\/photos.smugmug.com\/photos\/i-KPv9mSR\/1\/a371270a\/L\/i-KPv9mSR-L.jpg\" alt=\"Servizio da t&#xE8; in porcellana, esposto al MAHB di Bayeux\"\/><figcaption class=\"wp-element-caption\">Le prime produzioni di Fran\u00e7ois Gosse risalgono alla met\u00e0 del XIX secolo, a capo di una delle pi\u00f9 importanti aziende di porcellana di Parigi, &#8220;la Maison Deroche&#8221;, che in seguito lasci\u00f2 per stabilirsi a Bayeux.<\/figcaption><\/figure>\n\n<p>Una serie di pannelli riveleranno la storia di questi pezzi unici e le fonti di ispirazione dei loro artigiani.  <\/p>\n\n<figure class=\"wp-block-image size-large\"><img decoding=\"async\" src=\"https:\/\/photos.smugmug.com\/photos\/i-NMb5HrJ\/1\/a0a0b8e2\/L\/i-NMb5HrJ-L.jpg\" alt=\"Sala dedicata alla porcellana presso il MAHB di Bayeux\"\/><\/figure>\n\n<div style=\"margin-top:8%;margin-bottom:8%\" class=\"wp-block-genesis-blocks-gb-container box gb-block-container\"><div class=\"gb-container-inside\"><div class=\"gb-container-content\" style=\"max-width:700px\">\n<div class=\"wp-block-genesis-blocks-gb-container box_titre gb-block-container\"><div class=\"gb-container-inside\"><div class=\"gb-container-content\">\n<h5 class=\"titre_box\"><span>PIANIFICHI IL SUO VIAGGIO<\/span> IN <span class=\"titre_box_manuscrit\">Normandia<\/span><\/h5>\n<\/div><\/div><\/div>\n\n\n\n<hr class=\"wp-block-separator has-text-color has-alpha-channel-opacity has-background is-style-wide hr-box-planif\" style=\"background-color:#ccd3dd;color:#ccd3dd\"\/>\n\n\n\n<div class=\"wp-block-columns box_sans_border is-layout-flex wp-container-core-columns-is-layout-9d6595d7 wp-block-columns-is-layout-flex\">\n<div class=\"wp-block-column texte_planif is-layout-flow wp-block-column-is-layout-flow\" style=\"flex-basis:60%\">\n<p style=\"font-size:16px;margin-top:10px;\" class=\"option_titre2\"><strong><span><\/span>Destinazioni di ispirazione<\/strong><\/p>\n\n\n\n<ul class=\"wp-block-list\">\n<li style=\"font-size:14px\">Decidere <a href=\"https:\/\/normandielovers.fr\/it\/normandia-destinazioni\/\" target=\"_blank\" rel=\"noreferrer noopener\">dove andare in Normandia<\/a> &#8211; destinazioni top<\/li>\n\n\n\n<li style=\"font-size:14px\">Le nostre idee per il weekend: <a href=\"https:\/\/normandielovers.fr\/it\/idee-weekend-normandia\/\" target=\"_blank\" rel=\"noreferrer noopener\">best-of<\/a>, <a href=\"https:\/\/normandielovers.fr\/it\/idee-weekend-romantico-normandia\/\" target=\"_blank\" rel=\"noreferrer noopener\">romantico<\/a>, <a href=\"https:\/\/normandielovers.fr\/it\/weekend-insolito-normandia\/\" target=\"_blank\" rel=\"noreferrer noopener\">insolito<\/a>, <a href=\"https:\/\/normandielovers.fr\/it\/weekend-mare-normandia\/\" target=\"_blank\" rel=\"noreferrer noopener\">al mare<\/a>, di <a href=\"https:\/\/normandielovers.fr\/it\/weekend-lusso-normandia\/\" target=\"_blank\" rel=\"noreferrer noopener\">lusso<\/a>, <a href=\"https:\/\/normandielovers.fr\/it\/idee-weekend-famiglia-normandia\/\" target=\"_blank\" rel=\"noreferrer noopener\">in famiglia<\/a><\/li>\n\n\n\n<li style=\"font-size:14px\"><a href=\"https:\/\/normandielovers.fr\/it\/hotel-sul-mare-normandia-spaggia\/\" target=\"_blank\" rel=\"noreferrer noopener\">16 hotel sul mare in Normandia<\/a><\/li>\n\n\n\n<li style=\"font-size:14px\"><a href=\"https:\/\/normandielovers.fr\/plus-beaux-hotels-charme-normandie-avis\/\" target=\"_blank\" rel=\"noreferrer noopener\">Gli hotel di charme pi\u00f9 belli della Normandia<\/a><\/li>\n<\/ul>\n<\/div>\n\n\n\n<div class=\"wp-block-column is-vertically-aligned-top planif-radius is-layout-flow wp-block-column-is-layout-flow\" style=\"flex-basis:40%\">\n<figure class=\"wp-block-image size-large img-portrait\"><img decoding=\"async\" src=\"https:\/\/photos.smugmug.com\/Travel\/Normandie\/Honfleur\/i-9B7t4h8\/0\/768041c8\/L\/Honfleur_coucher_soleil-15-L.jpg\" alt=\"\" title=\"\"\/><\/figure>\n<\/div>\n<\/div>\n\n\n\n<hr class=\"wp-block-separator has-text-color has-alpha-channel-opacity has-background is-style-wide hr-box-planif\" style=\"background-color:#ccd3dd;color:#ccd3dd\"\/>\n\n\n\n<div class=\"wp-block-columns box_sans_border is-layout-flex wp-container-core-columns-is-layout-9d6595d7 wp-block-columns-is-layout-flex\">\n<div class=\"wp-block-column texte_planif is-layout-flow wp-block-column-is-layout-flow\" style=\"flex-basis:60%\">\n<p style=\"font-size:16px;margin-top:10px;\" class=\"option_titre\"><strong><span s=\"\"><\/span>  Il meglio di<\/strong><\/p>\n\n\n\n<ul class=\"wp-block-list\">\n<li style=\"font-size:14px\"><a href=\"https:\/\/normandielovers.fr\/it\/cosa-vedere-normandia\/\" target=\"_blank\" rel=\"noreferrer noopener\">Cosa vedere in Normandia<\/a><\/li>\n\n\n\n<li style=\"font-size:14px\"><a href=\"https:\/\/normandielovers.fr\/it\/citta-della-normandia\/\" target=\"_blank\" rel=\"noreferrer noopener\">Le citt\u00e0 pi\u00f9 belle della Normandia<\/a><\/li>\n\n\n\n<li style=\"font-size:14px\"><a href=\"https:\/\/normandielovers.fr\/it\/piu-belle-spaggie-normandia\/\" target=\"_blank\" rel=\"noreferrer noopener\">Le spiagge pi\u00f9 belle della Normandia<\/a><\/li>\n\n\n\n<li style=\"font-size:14px\"><a href=\"https:\/\/normandielovers.fr\/it\/piu-belli-villaggi-normandia\/\" target=\"_blank\" rel=\"noreferrer noopener\">I villaggi pi\u00f9 belli della Normandia<\/a><\/li>\n\n\n\n<li style=\"font-size:14px\"><a href=\"https:\/\/normandielovers.fr\/it\/castelli-normandia\/\" target=\"_blank\" rel=\"noreferrer noopener\">I castelli pi\u00f9 belli della Normandia<\/a><\/li>\n\n\n\n<li style=\"font-size:14px\"><a href=\"https:\/\/normandielovers.fr\/it\/abbazie-normandia\/\" target=\"_blank\" rel=\"noreferrer noopener\">Le abbazie pi\u00f9 belle della Normandia<\/a><\/li>\n\n\n\n<li style=\"font-size:14px\">Legga la nostra guida completa per <a href=\"https:\/\/normandielovers.fr\/it\/visitare-mont-saint-michel-consigli\/\" target=\"_blank\" rel=\"noreferrer noopener\">visitare Mont-Saint-Michel<\/a><\/li>\n\n\n\n<li style=\"font-size:14px\">Scopra i <a href=\"https:\/\/normandielovers.fr\/it\/sbarco-normandia-siti-visitare\/\" target=\"_blank\" rel=\"noreferrer noopener\">siti del D-Day Sbarco<\/a><\/li>\n<\/ul>\n<\/div>\n\n\n\n<div class=\"wp-block-column is-vertically-aligned-top planif-radius is-layout-flow wp-block-column-is-layout-flow\" style=\"flex-basis:40%\">\n<figure class=\"wp-block-image size-large img-portrait\"><img decoding=\"async\" src=\"https:\/\/photos.smugmug.com\/Travel\/Normandie\/Etretat-falaise-aval\/i-T9X65rq\/7\/d9bf1b0c\/L\/falaises_etretat_normandie-6956-L.jpg\" alt=\"\" title=\"\"\/><\/figure>\n<\/div>\n<\/div>\n\n\n\n<hr class=\"wp-block-separator has-text-color has-alpha-channel-opacity has-background is-style-wide hr-box-planif\" style=\"background-color:#ccd3dd;color:#ccd3dd\"\/>\n\n\n\n<div class=\"wp-block-columns box_sans_border is-layout-flex wp-container-core-columns-is-layout-9d6595d7 wp-block-columns-is-layout-flex\">\n<div class=\"wp-block-column texte_planif is-layout-flow wp-block-column-is-layout-flow\" style=\"flex-basis:60%\">\n<p style=\"font-size:16px;margin-top:10px;\" class=\"option_titre\"><strong><span><\/span>  Pratica<\/strong><\/p>\n\n\n\n<ul class=\"wp-block-list\">\n<li style=\"font-size:14px\"><a href=\"https:\/\/normandielovers.fr\/it\/dove-dormire-normandy-best-hotels\/\" target=\"_blank\" rel=\"noreferrer noopener\">Dove alloggiare in Normandia<\/a> &#8211; luoghi e hotel migliori<\/li>\n\n\n\n<li style=\"font-size:14px\">Veda i nostri consigli per noleggiare un&#8217;auto all&#8217;<a href=\"https:\/\/normandielovers.fr\/it\/noleggio-auto-cdg-aeroporto-parigi\/\" target=\"_blank\" rel=\"noreferrer noopener\">aeroporto di CDG<\/a>, <a href=\"https:\/\/normandielovers.fr\/it\/noleggio-auto-orly-aeroporto-parigi\/\" target=\"_blank\" rel=\"noreferrer noopener\">Orly<\/a>, <a href=\"https:\/\/normandielovers.fr\/it\/noleggio-auto-beauvais-aeroporto\/\" target=\"_blank\" rel=\"noreferrer noopener\">Beauvais<\/a>, <a href=\"https:\/\/normandielovers.fr\/it\/noleggio-auto-caen\/\" target=\"_blank\" rel=\"noreferrer noopener\">Caen<\/a>, <a href=\"https:\/\/normandielovers.fr\/it\/noleggio-auto-rouen\/\" target=\"_blank\" rel=\"noreferrer noopener\">Rouen<\/a>, <a href=\"https:\/\/normandielovers.fr\/it\/noleggio-auto-bayeux\/\" target=\"_blank\" rel=\"noreferrer noopener\">Bayeux<\/a>&#8230;<\/li>\n<\/ul>\n<\/div>\n\n\n\n<div class=\"wp-block-column is-vertically-aligned-top planif-radius is-layout-flow wp-block-column-is-layout-flow\" style=\"flex-basis:40%\">\n<figure class=\"wp-block-image size-large img-portrait\"><img decoding=\"async\" src=\"https:\/\/photos.smugmug.com\/Normandie-Lovers\/Bayeux\/Ville\/i-7m2kFVR\/1\/ca62aa6c\/L\/Bayeux_ville-12-3-L.jpg\" alt=\"\" title=\"\"\/><\/figure>\n<\/div>\n<\/div>\n\n\n\n<div class=\"wp-block-buttons planif_bouton is-content-justification-center is-layout-flex wp-container-core-buttons-is-layout-16018d1d wp-block-buttons-is-layout-flex\">\n<div class=\"wp-block-button has-custom-font-size\" style=\"font-size:14px\"><a class=\"wp-block-button__link has-white-color has-text-color wp-element-button\" href=\"https:\/\/normandielovers.fr\/it\/viaggio-normandia-road-trip-consigli\/\" style=\"border-radius:4px\" target=\"_blank\" rel=\"noreferrer noopener\">Veda tutti i nostri consigli  <img decoding=\"async\" class=\"wp-image-3266 img_fleche\" style=\"width: 16px;  \" src=\"https:\/\/corsicalovers.fr\/wp-content\/uploads\/2023\/03\/ArrowRight.png\" alt=\"freccia\"\/><\/a><\/div>\n<\/div>\n\n\n\n<div class=\"wp-block-genesis-blocks-gb-container box-texte gb-block-container\"><div class=\"gb-container-inside\"><div class=\"gb-container-content\"><\/div><\/div><\/div>\n<\/div><\/div><\/div>\n\n<h2 class=\"wp-block-heading\">Si chiude con i grandi sconvolgimenti del 20\u00b0 secolo.<\/h2>\n\n<p>Ora entrer\u00e0 nell&#8217;ultima grande sezione del tour cronologico: la sezione dedicata al XX secolo. Un secolo di grandi sconvolgimenti segnato dalle due guerre mondiali, dall&#8217;industrializzazione e dalle crisi economiche, l&#8217;eclettismo delle arti la aiuter\u00e0 a decifrare questi grandi cambiamenti attraverso una prospettiva contemporanea.  <\/p>\n\n<figure class=\"wp-block-image size-large\"><img decoding=\"async\" src=\"https:\/\/photos.smugmug.com\/photos\/i-Kqcm8kC\/1\/a75e2841\/L\/i-Kqcm8kC-L.jpg\" alt=\"Sala del 20&#xB0; secolo al MAHB di Bayeux\"\/><\/figure>\n\n<p>Tra ceramica, pittura e fotografia, avr\u00e0 a disposizione una serie di opere artistiche per immaginare la vita a Bayeux nei primi anni del 1900. Una citt\u00e0 di meno di 8.000 abitanti, Bayeux \u00e8 stata fortemente colpita dall&#8217;esodo delle classi rurali e lavoratrici. Prima della Der des Der, o Prima Guerra Mondiale, la citt\u00e0 entra nel mondo moderno. L&#8217;arrivo dell&#8217;elettricit\u00e0, dell&#8217;acqua corrente e l&#8217;installazione di una rete ferroviaria segnarono l&#8217;inizio di una nuova era e lo sviluppo del turismo.<\/p>\n\n<figure class=\"wp-block-image size-large\"><img decoding=\"async\" src=\"https:\/\/photos.smugmug.com\/photos\/i-mjjZcM9\/1\/dcc114ef\/L\/i-mjjZcM9-L.jpg\" alt=\"Fotografie di Bayeux nel XX secolo in mostra al MAHB di Bayeux\"\/><\/figure>\n\n<p>Come vedr\u00e0 qui sopra e mentre percorre questa sala, una serie di fotografie mostra l&#8217;evoluzione della citt\u00e0 in tempi diversi.<\/p>\n\n<p>Le due Guerre Mondiali hanno risparmiato la citt\u00e0 di Bayeux, che ha evitato i bombardamenti, ma questi due conflitti mondiali senza precedenti hanno lasciato il segno nella mente delle persone. I dipinti di Roland Lefranc, pittore e litografo del Calvados della met\u00e0 del XX secolo, che vedr\u00e0 esposti nella sala, parlano da soli.<\/p>\n\n<figure class=\"wp-block-image size-large\"><img decoding=\"async\" src=\"https:\/\/photos.smugmug.com\/photos\/i-bWNZqxN\/1\/fd9e7b52\/L\/i-bWNZqxN-L.jpg\" alt=\"\"\/><\/figure>\n\n<div style=\"background-color:#fefefe;margin-top:8%;margin-bottom:8%\" class=\"wp-block-genesis-blocks-gb-container box gb-block-container\"><div class=\"gb-container-inside\"><div class=\"gb-container-content\" style=\"max-width:700px\">\n<div class=\"wp-block-columns inverse is-layout-flex wp-container-core-columns-is-layout-9d6595d7 wp-block-columns-is-layout-flex\">\n<div class=\"wp-block-column texte_planif is-layout-flow wp-block-column-is-layout-flow\" style=\"flex-basis:58%\">\n<h5 class=\"titre_box\" style=\"padding-top:10px\">UTILIZZI LA NOSTRA GUIDA PER PIANIFICARE UN  <br\/><span>VIAGGIO DA SOGNO<\/span> IN <span class=\"titre_box_manuscrit\">Normandia<\/span><\/h5>\n\n\n\n<div class=\"wp-block-genesis-blocks-gb-container gb-block-container\"><div class=\"gb-container-inside\"><div class=\"gb-container-content\">\n<p style=\"font-size:14px\">Tutte le informazioni necessarie per il suo viaggio:<\/p>\n<\/div><\/div><\/div>\n\n\n\n<div class=\"wp-block-genesis-blocks-gb-container gb-block-container\"><div class=\"gb-container-inside\"><div class=\"gb-container-content\"><\/div><\/div><\/div>\n\n\n\n<ul style=\"font-size:14px\" id=\"liste_discover\" class=\"wp-block-list\">\n<li>8 mappe che facilitano la pianificazione<\/li>\n\n\n\n<li>160+ localit\u00e0 preselezionate<\/li>\n\n\n\n<li>Consigli pratici<\/li>\n\n\n\n<li>300+ foto per aiutarla a scegliere<\/li>\n<\/ul>\n\n\n\n<div class=\"wp-block-buttons has-custom-font-size bouton_10 is-content-justification-center is-layout-flex wp-container-core-buttons-is-layout-14c487f4 wp-block-buttons-is-layout-flex\" style=\"font-size:13px\">\n<div class=\"wp-block-button has-custom-font-size\" style=\"font-size:14px\"><a class=\"wp-block-button__link has-white-color has-text-color wp-element-button\" href=\"https:\/\/normandielovers.fr\/it\/ebook-guida-road-trip-normandia\/\" style=\"border-radius:4px\" target=\"_blank\" rel=\"noreferrer noopener\">Scoprire >><\/a><\/div>\n<\/div>\n<\/div>\n\n\n\n<div class=\"wp-block-column is-layout-flow wp-block-column-is-layout-flow\" style=\"flex-basis:42%\">\n<div class=\"wp-block-genesis-blocks-gb-container ebook-radius gb-block-container\"><div class=\"gb-container-inside\"><div class=\"gb-container-content\"><div class=\"wp-block-image ebook-image\">\n<figure class=\"aligncenter size-large is-resized\"><img decoding=\"async\" src=\"https:\/\/normandielovers.fr\/wp-content\/uploads\/2023\/03\/Box-Ebook-Normandia-IT.png\" alt=\"Box Ebook Corsica FR\" style=\"width:203px;height:157px\"\/><\/figure>\n<\/div><\/div><\/div><\/div>\n<\/div>\n<\/div>\n<\/div><\/div><\/div>\n\n<h2 class=\"wp-block-heading\">I tour tematici di MAHB<\/h2>\n\n<h3 class=\"wp-block-heading\">Scopra le collezioni da solo<\/h3>\n\n<p>Abbiamo scelto di percorrere il museo seguendo la direzione cronologica delle 14 fasi della storia. Tuttavia, pu\u00f2 anche scegliere di esplorare le collezioni del museo da solo. Non esiti a chiedere maggiori informazioni alla reception al suo arrivo al MAHB.<\/p>\n\n<figure class=\"wp-block-image size-large\"><img decoding=\"async\" src=\"https:\/\/photos.smugmug.com\/photos\/i-mSfqCN4\/1\/f1e1ce95\/L\/i-mSfqCN4-L.jpg\" alt=\"Olio su tela &quot;Vanit&#xE0;&quot; del pittore rinascimentale Gillis Coignet, un dipinto proveniente dal castello di Torigny, nella Manche.\"\/><figcaption class=\"wp-element-caption\">Scopra l&#8217;olio su tela <em>Vanit\u00e0<\/em> del pittore Gillis Coignet, risalente al Rinascimento, un dipinto proveniente dal castello di Torigny, nella Manche.<\/figcaption><\/figure>\n\n<h3 class=\"wp-block-heading\">Le donne artiste nelle collezioni del MAHB<\/h3>\n\n<p>Anche il Museo Baron G\u00e9rard onora l&#8217;arte femminile nelle sue collezioni. Questo \u00e8 uno dei percorsi tematici che pu\u00f2 scegliere di seguire per tracciare la storia di queste donne artiste su scala europea. Invisibili fino alla met\u00e0 del XVII secolo, le donne rimasero piuttosto emarginate nel mondo artistico. Nella societ\u00e0 medievale fino alla Rivoluzione del 1789, hanno lottato per trovare un posto nell&#8217;arte. MAHB celebra il loro genio creativo con una serie di pezzi e oggetti d&#8217;arte indossati dalle donne.<\/p>\n\n<figure class=\"wp-block-image size-large\"><img decoding=\"async\" src=\"https:\/\/photos.smugmug.com\/photos\/i-grGcxJn\/1\/9ab33f44\/L\/i-grGcxJn-L.jpg\" alt=\"Olio su tela &quot;Lo scialle rosso&quot; di Amy Katherine Browning, realizzato intorno al 1912, esposto al MAHB di Bayeux.\"\/><figcaption class=\"wp-element-caption\">Olio su tela <em>Lo scialle rosso<\/em> di Amy Katherine Browning, 1912 circa.<\/figcaption><\/figure>\n\n<h3 class=\"wp-block-heading\">Stereotipi di genere nelle collezioni<\/h3>\n\n<p>L&#8217;arte riflette anche la storia delle societ\u00e0 e la sua evoluzione. D\u00e0 forma a modelli o quadri, alcuni dei quali sono pi\u00f9 o meno radicati. Questo tour, originale ma non esaustivo, illustra gli stereotipi di genere di cui siamo stati testimoni durante la nostra visita alle collezioni del museo. Tentatrice, santa, madre&#8230; Noter\u00e0 che le donne sono talvolta soggette alle norme e ai pregiudizi della societ\u00e0, ridotte a un unico tratto della personalit\u00e0. Quindi, quale strada sceglier\u00e0?<\/p>\n\n<figure class=\"wp-block-image size-large\"><img decoding=\"async\" src=\"https:\/\/photos.smugmug.com\/photos\/i-Qh7kmbk\/1\/93a7f10f\/L\/i-Qh7kmbk-L.jpg\" alt=\"Olio su tela Ritratti in campagna di Gustave Caillebotte del 1876, esposto al MAHB di Bayeux.\"\/><figcaption class=\"wp-element-caption\">Olio su tela <em>Ritratti in campagna<\/em> di Gustave Caillebotte, 1876<\/figcaption><\/figure>\n","protected":false},"excerpt":{"rendered":"<p>Sta pianificando un viaggio a Bayeux o nei suoi dintorni? Scopra il Museo Baron G\u00e9rard (MAHB), un riferimento in Normandia per l&#8217;arte e la storia. Questo museo, ospitato in un ex palazzo episcopale, \u00e8 una tappa obbligata se passa da questa famosa citt\u00e0 medievale alle porte delle spiagge del D-Day.Ospita diverse collezioni dalla preistoria al [&hellip;]<\/p>\n","protected":false},"author":6,"featured_media":6224,"comment_status":"closed","ping_status":"closed","sticky":false,"template":"","format":"standard","meta":{"_genesis_hide_title":false,"_genesis_hide_breadcrumbs":false,"_genesis_hide_singular_image":false,"_genesis_hide_footer_widgets":false,"_genesis_custom_body_class":"","_genesis_custom_post_class":"","_genesis_layout":"","footnotes":""},"categories":[70],"tags":[],"class_list":{"0":"post-6372","1":"post","2":"type-post","3":"status-publish","4":"format-standard","5":"has-post-thumbnail","7":"category-spiagge-sbarco","8":"entry"},"yoast_head":"<!-- This site is optimized with the Yoast SEO plugin v27.2 - https:\/\/yoast.com\/product\/yoast-seo-wordpress\/ -->\n<title>Visitare il Museo Baron G\u00e9rard di Bayeux (MAHB): consigli + foto<\/title>\n<meta name=\"description\" content=\"Scopra il Museo d&#039;Arte e Storia Baron G\u00e9rard (MAHB) nell&#039;ex palazzo episcopale di Bayeux: consigli + foto\" \/>\n<meta name=\"robots\" content=\"index, follow, max-snippet:-1, max-image-preview:large, max-video-preview:-1\" \/>\n<link rel=\"canonical\" href=\"https:\/\/normandielovers.fr\/it\/visitare-museo-baron-gerard-mahb-bayeux\/\" \/>\n<meta property=\"og:locale\" content=\"it_IT\" \/>\n<meta property=\"og:type\" content=\"article\" \/>\n<meta property=\"og:title\" content=\"Visitare il Museo Baron G\u00e9rard di Bayeux (MAHB): consigli + foto\" \/>\n<meta property=\"og:description\" content=\"Scopra il Museo d&#039;Arte e Storia Baron G\u00e9rard (MAHB) nell&#039;ex palazzo episcopale di Bayeux: consigli + foto\" \/>\n<meta property=\"og:url\" content=\"https:\/\/normandielovers.fr\/it\/visitare-museo-baron-gerard-mahb-bayeux\/\" \/>\n<meta property=\"og:site_name\" content=\"Normandie Lovers\" \/>\n<meta property=\"article:published_time\" content=\"2023-03-29T20:51:19+00:00\" \/>\n<meta property=\"article:modified_time\" content=\"2024-04-17T07:25:04+00:00\" \/>\n<meta property=\"og:image\" content=\"https:\/\/normandielovers.fr\/wp-content\/uploads\/2023\/03\/visitare-museo-baron-gerard-mahb-bayeux.jpeg\" \/>\n\t<meta property=\"og:image:width\" content=\"1024\" \/>\n\t<meta property=\"og:image:height\" content=\"768\" \/>\n\t<meta property=\"og:image:type\" content=\"image\/jpeg\" \/>\n<meta name=\"author\" content=\"Myriam BENDRISS MUDIBU\" \/>\n<meta name=\"twitter:card\" content=\"summary_large_image\" \/>\n<meta name=\"twitter:label1\" content=\"Scritto da\" \/>\n\t<meta name=\"twitter:data1\" content=\"Myriam BENDRISS MUDIBU\" \/>\n\t<meta name=\"twitter:label2\" content=\"Tempo di lettura stimato\" \/>\n\t<meta name=\"twitter:data2\" content=\"23 minuti\" \/>\n<script type=\"application\/ld+json\" class=\"yoast-schema-graph\">{\"@context\":\"https:\/\/schema.org\",\"@graph\":[{\"@type\":\"Article\",\"@id\":\"https:\/\/normandielovers.fr\/it\/visitare-museo-baron-gerard-mahb-bayeux\/#article\",\"isPartOf\":{\"@id\":\"https:\/\/normandielovers.fr\/it\/visitare-museo-baron-gerard-mahb-bayeux\/\"},\"author\":{\"name\":\"Myriam BENDRISS MUDIBU\",\"@id\":\"https:\/\/normandielovers.fr\/it\/#\/schema\/person\/bb4e06c6218e5c61b0914a8ecf4d26cb\"},\"headline\":\"Visitare il Museo Baron G\u00e9rard di Bayeux (MAHB): consigli + foto\",\"datePublished\":\"2023-03-29T20:51:19+00:00\",\"dateModified\":\"2024-04-17T07:25:04+00:00\",\"mainEntityOfPage\":{\"@id\":\"https:\/\/normandielovers.fr\/it\/visitare-museo-baron-gerard-mahb-bayeux\/\"},\"wordCount\":4727,\"publisher\":{\"@id\":\"https:\/\/normandielovers.fr\/it\/#organization\"},\"image\":{\"@id\":\"https:\/\/normandielovers.fr\/it\/visitare-museo-baron-gerard-mahb-bayeux\/#primaryimage\"},\"thumbnailUrl\":\"https:\/\/normandielovers.fr\/wp-content\/uploads\/2023\/03\/visitare-museo-baron-gerard-mahb-bayeux.jpeg\",\"articleSection\":[\"Spiagge Sbarco\"],\"inLanguage\":\"it-IT\"},{\"@type\":\"WebPage\",\"@id\":\"https:\/\/normandielovers.fr\/it\/visitare-museo-baron-gerard-mahb-bayeux\/\",\"url\":\"https:\/\/normandielovers.fr\/it\/visitare-museo-baron-gerard-mahb-bayeux\/\",\"name\":\"Visitare il Museo Baron G\u00e9rard di Bayeux (MAHB): consigli + foto\",\"isPartOf\":{\"@id\":\"https:\/\/normandielovers.fr\/it\/#website\"},\"primaryImageOfPage\":{\"@id\":\"https:\/\/normandielovers.fr\/it\/visitare-museo-baron-gerard-mahb-bayeux\/#primaryimage\"},\"image\":{\"@id\":\"https:\/\/normandielovers.fr\/it\/visitare-museo-baron-gerard-mahb-bayeux\/#primaryimage\"},\"thumbnailUrl\":\"https:\/\/normandielovers.fr\/wp-content\/uploads\/2023\/03\/visitare-museo-baron-gerard-mahb-bayeux.jpeg\",\"datePublished\":\"2023-03-29T20:51:19+00:00\",\"dateModified\":\"2024-04-17T07:25:04+00:00\",\"description\":\"Scopra il Museo d'Arte e Storia Baron G\u00e9rard (MAHB) nell'ex palazzo episcopale di Bayeux: consigli + foto\",\"breadcrumb\":{\"@id\":\"https:\/\/normandielovers.fr\/it\/visitare-museo-baron-gerard-mahb-bayeux\/#breadcrumb\"},\"inLanguage\":\"it-IT\",\"potentialAction\":[{\"@type\":\"ReadAction\",\"target\":[\"https:\/\/normandielovers.fr\/it\/visitare-museo-baron-gerard-mahb-bayeux\/\"]}]},{\"@type\":\"ImageObject\",\"inLanguage\":\"it-IT\",\"@id\":\"https:\/\/normandielovers.fr\/it\/visitare-museo-baron-gerard-mahb-bayeux\/#primaryimage\",\"url\":\"https:\/\/normandielovers.fr\/wp-content\/uploads\/2023\/03\/visitare-museo-baron-gerard-mahb-bayeux.jpeg\",\"contentUrl\":\"https:\/\/normandielovers.fr\/wp-content\/uploads\/2023\/03\/visitare-museo-baron-gerard-mahb-bayeux.jpeg\",\"width\":1024,\"height\":768,\"caption\":\"visitare museo baron gerard mahb bayeux\"},{\"@type\":\"BreadcrumbList\",\"@id\":\"https:\/\/normandielovers.fr\/it\/visitare-museo-baron-gerard-mahb-bayeux\/#breadcrumb\",\"itemListElement\":[{\"@type\":\"ListItem\",\"position\":1,\"name\":\"Home\",\"item\":\"https:\/\/normandielovers.fr\/it\/\"},{\"@type\":\"ListItem\",\"position\":2,\"name\":\"Spiagge Sbarco\",\"item\":\"https:\/\/normandielovers.fr\/it\/spiagge-sbarco\/\"},{\"@type\":\"ListItem\",\"position\":3,\"name\":\"Visitare il Museo Baron G\u00e9rard di Bayeux (MAHB): consigli + foto\"}]},{\"@type\":\"WebSite\",\"@id\":\"https:\/\/normandielovers.fr\/it\/#website\",\"url\":\"https:\/\/normandielovers.fr\/it\/\",\"name\":\"Normandie Lovers\",\"description\":\"Per risvegliare i suoi sensi in Normandia - Il blog di Claire e Manu\",\"publisher\":{\"@id\":\"https:\/\/normandielovers.fr\/it\/#organization\"},\"potentialAction\":[{\"@type\":\"SearchAction\",\"target\":{\"@type\":\"EntryPoint\",\"urlTemplate\":\"https:\/\/normandielovers.fr\/it\/?s={search_term_string}\"},\"query-input\":{\"@type\":\"PropertyValueSpecification\",\"valueRequired\":true,\"valueName\":\"search_term_string\"}}],\"inLanguage\":\"it-IT\"},{\"@type\":\"Organization\",\"@id\":\"https:\/\/normandielovers.fr\/it\/#organization\",\"name\":\"Normandie Lovers\",\"url\":\"https:\/\/normandielovers.fr\/it\/\",\"logo\":{\"@type\":\"ImageObject\",\"inLanguage\":\"it-IT\",\"@id\":\"https:\/\/normandielovers.fr\/it\/#\/schema\/logo\/image\/\",\"url\":\"https:\/\/normandielovers.fr\/wp-content\/uploads\/2022\/11\/Normandie-Lovers-Logo-Blog-di-viaggi.png\",\"contentUrl\":\"https:\/\/normandielovers.fr\/wp-content\/uploads\/2022\/11\/Normandie-Lovers-Logo-Blog-di-viaggi.png\",\"width\":2884,\"height\":863,\"caption\":\"Normandie Lovers\"},\"image\":{\"@id\":\"https:\/\/normandielovers.fr\/it\/#\/schema\/logo\/image\/\"}},{\"@type\":\"Person\",\"@id\":\"https:\/\/normandielovers.fr\/it\/#\/schema\/person\/bb4e06c6218e5c61b0914a8ecf4d26cb\",\"name\":\"Myriam BENDRISS MUDIBU\",\"image\":{\"@type\":\"ImageObject\",\"inLanguage\":\"it-IT\",\"@id\":\"https:\/\/secure.gravatar.com\/avatar\/b12daa667e6163c3e2e69624e17f9252a84ae1a553487ee656723e55b4eae853?s=96&d=mm&r=g\",\"url\":\"https:\/\/secure.gravatar.com\/avatar\/b12daa667e6163c3e2e69624e17f9252a84ae1a553487ee656723e55b4eae853?s=96&d=mm&r=g\",\"contentUrl\":\"https:\/\/secure.gravatar.com\/avatar\/b12daa667e6163c3e2e69624e17f9252a84ae1a553487ee656723e55b4eae853?s=96&d=mm&r=g\",\"caption\":\"Myriam BENDRISS MUDIBU\"},\"sameAs\":[\"https:\/\/normandielovers.fr\/myriam-bendriss-mudibu\/\"],\"url\":\"https:\/\/normandielovers.fr\/it\/author\/myriam\/\"}]}<\/script>\n<!-- \/ Yoast SEO plugin. -->","yoast_head_json":{"title":"Visitare il Museo Baron G\u00e9rard di Bayeux (MAHB): consigli + foto","description":"Scopra il Museo d'Arte e Storia Baron G\u00e9rard (MAHB) nell'ex palazzo episcopale di Bayeux: consigli + foto","robots":{"index":"index","follow":"follow","max-snippet":"max-snippet:-1","max-image-preview":"max-image-preview:large","max-video-preview":"max-video-preview:-1"},"canonical":"https:\/\/normandielovers.fr\/it\/visitare-museo-baron-gerard-mahb-bayeux\/","og_locale":"it_IT","og_type":"article","og_title":"Visitare il Museo Baron G\u00e9rard di Bayeux (MAHB): consigli + foto","og_description":"Scopra il Museo d'Arte e Storia Baron G\u00e9rard (MAHB) nell'ex palazzo episcopale di Bayeux: consigli + foto","og_url":"https:\/\/normandielovers.fr\/it\/visitare-museo-baron-gerard-mahb-bayeux\/","og_site_name":"Normandie Lovers","article_published_time":"2023-03-29T20:51:19+00:00","article_modified_time":"2024-04-17T07:25:04+00:00","og_image":[{"width":1024,"height":768,"url":"https:\/\/normandielovers.fr\/wp-content\/uploads\/2023\/03\/visitare-museo-baron-gerard-mahb-bayeux.jpeg","type":"image\/jpeg"}],"author":"Myriam BENDRISS MUDIBU","twitter_card":"summary_large_image","twitter_misc":{"Scritto da":"Myriam BENDRISS MUDIBU","Tempo di lettura stimato":"23 minuti"},"schema":{"@context":"https:\/\/schema.org","@graph":[{"@type":"Article","@id":"https:\/\/normandielovers.fr\/it\/visitare-museo-baron-gerard-mahb-bayeux\/#article","isPartOf":{"@id":"https:\/\/normandielovers.fr\/it\/visitare-museo-baron-gerard-mahb-bayeux\/"},"author":{"name":"Myriam BENDRISS MUDIBU","@id":"https:\/\/normandielovers.fr\/it\/#\/schema\/person\/bb4e06c6218e5c61b0914a8ecf4d26cb"},"headline":"Visitare il Museo Baron G\u00e9rard di Bayeux (MAHB): consigli + foto","datePublished":"2023-03-29T20:51:19+00:00","dateModified":"2024-04-17T07:25:04+00:00","mainEntityOfPage":{"@id":"https:\/\/normandielovers.fr\/it\/visitare-museo-baron-gerard-mahb-bayeux\/"},"wordCount":4727,"publisher":{"@id":"https:\/\/normandielovers.fr\/it\/#organization"},"image":{"@id":"https:\/\/normandielovers.fr\/it\/visitare-museo-baron-gerard-mahb-bayeux\/#primaryimage"},"thumbnailUrl":"https:\/\/normandielovers.fr\/wp-content\/uploads\/2023\/03\/visitare-museo-baron-gerard-mahb-bayeux.jpeg","articleSection":["Spiagge Sbarco"],"inLanguage":"it-IT"},{"@type":"WebPage","@id":"https:\/\/normandielovers.fr\/it\/visitare-museo-baron-gerard-mahb-bayeux\/","url":"https:\/\/normandielovers.fr\/it\/visitare-museo-baron-gerard-mahb-bayeux\/","name":"Visitare il Museo Baron G\u00e9rard di Bayeux (MAHB): consigli + foto","isPartOf":{"@id":"https:\/\/normandielovers.fr\/it\/#website"},"primaryImageOfPage":{"@id":"https:\/\/normandielovers.fr\/it\/visitare-museo-baron-gerard-mahb-bayeux\/#primaryimage"},"image":{"@id":"https:\/\/normandielovers.fr\/it\/visitare-museo-baron-gerard-mahb-bayeux\/#primaryimage"},"thumbnailUrl":"https:\/\/normandielovers.fr\/wp-content\/uploads\/2023\/03\/visitare-museo-baron-gerard-mahb-bayeux.jpeg","datePublished":"2023-03-29T20:51:19+00:00","dateModified":"2024-04-17T07:25:04+00:00","description":"Scopra il Museo d'Arte e Storia Baron G\u00e9rard (MAHB) nell'ex palazzo episcopale di Bayeux: consigli + foto","breadcrumb":{"@id":"https:\/\/normandielovers.fr\/it\/visitare-museo-baron-gerard-mahb-bayeux\/#breadcrumb"},"inLanguage":"it-IT","potentialAction":[{"@type":"ReadAction","target":["https:\/\/normandielovers.fr\/it\/visitare-museo-baron-gerard-mahb-bayeux\/"]}]},{"@type":"ImageObject","inLanguage":"it-IT","@id":"https:\/\/normandielovers.fr\/it\/visitare-museo-baron-gerard-mahb-bayeux\/#primaryimage","url":"https:\/\/normandielovers.fr\/wp-content\/uploads\/2023\/03\/visitare-museo-baron-gerard-mahb-bayeux.jpeg","contentUrl":"https:\/\/normandielovers.fr\/wp-content\/uploads\/2023\/03\/visitare-museo-baron-gerard-mahb-bayeux.jpeg","width":1024,"height":768,"caption":"visitare museo baron gerard mahb bayeux"},{"@type":"BreadcrumbList","@id":"https:\/\/normandielovers.fr\/it\/visitare-museo-baron-gerard-mahb-bayeux\/#breadcrumb","itemListElement":[{"@type":"ListItem","position":1,"name":"Home","item":"https:\/\/normandielovers.fr\/it\/"},{"@type":"ListItem","position":2,"name":"Spiagge Sbarco","item":"https:\/\/normandielovers.fr\/it\/spiagge-sbarco\/"},{"@type":"ListItem","position":3,"name":"Visitare il Museo Baron G\u00e9rard di Bayeux (MAHB): consigli + foto"}]},{"@type":"WebSite","@id":"https:\/\/normandielovers.fr\/it\/#website","url":"https:\/\/normandielovers.fr\/it\/","name":"Normandie Lovers","description":"Per risvegliare i suoi sensi in Normandia - Il blog di Claire e Manu","publisher":{"@id":"https:\/\/normandielovers.fr\/it\/#organization"},"potentialAction":[{"@type":"SearchAction","target":{"@type":"EntryPoint","urlTemplate":"https:\/\/normandielovers.fr\/it\/?s={search_term_string}"},"query-input":{"@type":"PropertyValueSpecification","valueRequired":true,"valueName":"search_term_string"}}],"inLanguage":"it-IT"},{"@type":"Organization","@id":"https:\/\/normandielovers.fr\/it\/#organization","name":"Normandie Lovers","url":"https:\/\/normandielovers.fr\/it\/","logo":{"@type":"ImageObject","inLanguage":"it-IT","@id":"https:\/\/normandielovers.fr\/it\/#\/schema\/logo\/image\/","url":"https:\/\/normandielovers.fr\/wp-content\/uploads\/2022\/11\/Normandie-Lovers-Logo-Blog-di-viaggi.png","contentUrl":"https:\/\/normandielovers.fr\/wp-content\/uploads\/2022\/11\/Normandie-Lovers-Logo-Blog-di-viaggi.png","width":2884,"height":863,"caption":"Normandie Lovers"},"image":{"@id":"https:\/\/normandielovers.fr\/it\/#\/schema\/logo\/image\/"}},{"@type":"Person","@id":"https:\/\/normandielovers.fr\/it\/#\/schema\/person\/bb4e06c6218e5c61b0914a8ecf4d26cb","name":"Myriam BENDRISS MUDIBU","image":{"@type":"ImageObject","inLanguage":"it-IT","@id":"https:\/\/secure.gravatar.com\/avatar\/b12daa667e6163c3e2e69624e17f9252a84ae1a553487ee656723e55b4eae853?s=96&d=mm&r=g","url":"https:\/\/secure.gravatar.com\/avatar\/b12daa667e6163c3e2e69624e17f9252a84ae1a553487ee656723e55b4eae853?s=96&d=mm&r=g","contentUrl":"https:\/\/secure.gravatar.com\/avatar\/b12daa667e6163c3e2e69624e17f9252a84ae1a553487ee656723e55b4eae853?s=96&d=mm&r=g","caption":"Myriam BENDRISS MUDIBU"},"sameAs":["https:\/\/normandielovers.fr\/myriam-bendriss-mudibu\/"],"url":"https:\/\/normandielovers.fr\/it\/author\/myriam\/"}]}},"featured_image_src":"https:\/\/normandielovers.fr\/wp-content\/uploads\/2023\/03\/visitare-museo-baron-gerard-mahb-bayeux-600x400.jpeg","featured_image_src_square":"https:\/\/normandielovers.fr\/wp-content\/uploads\/2023\/03\/visitare-museo-baron-gerard-mahb-bayeux-600x600.jpeg","author_info":{"display_name":"Myriam BENDRISS MUDIBU","author_link":"https:\/\/normandielovers.fr\/it\/author\/myriam\/"},"_links":{"self":[{"href":"https:\/\/normandielovers.fr\/it\/wp-json\/wp\/v2\/posts\/6372","targetHints":{"allow":["GET"]}}],"collection":[{"href":"https:\/\/normandielovers.fr\/it\/wp-json\/wp\/v2\/posts"}],"about":[{"href":"https:\/\/normandielovers.fr\/it\/wp-json\/wp\/v2\/types\/post"}],"author":[{"embeddable":true,"href":"https:\/\/normandielovers.fr\/it\/wp-json\/wp\/v2\/users\/6"}],"replies":[{"embeddable":true,"href":"https:\/\/normandielovers.fr\/it\/wp-json\/wp\/v2\/comments?post=6372"}],"version-history":[{"count":0,"href":"https:\/\/normandielovers.fr\/it\/wp-json\/wp\/v2\/posts\/6372\/revisions"}],"wp:featuredmedia":[{"embeddable":true,"href":"https:\/\/normandielovers.fr\/it\/wp-json\/wp\/v2\/media\/6224"}],"wp:attachment":[{"href":"https:\/\/normandielovers.fr\/it\/wp-json\/wp\/v2\/media?parent=6372"}],"wp:term":[{"taxonomy":"category","embeddable":true,"href":"https:\/\/normandielovers.fr\/it\/wp-json\/wp\/v2\/categories?post=6372"},{"taxonomy":"post_tag","embeddable":true,"href":"https:\/\/normandielovers.fr\/it\/wp-json\/wp\/v2\/tags?post=6372"}],"curies":[{"name":"wp","href":"https:\/\/api.w.org\/{rel}","templated":true}]}}