{"id":9971,"date":"2023-07-20T10:59:36","date_gmt":"2023-07-20T08:59:36","guid":{"rendered":"https:\/\/normandielovers.fr\/visit-abbaye-aux-hommes-caen\/"},"modified":"2025-03-31T10:56:55","modified_gmt":"2025-03-31T08:56:55","slug":"visitar-abbaye-aux-hommes-caen","status":"publish","type":"post","link":"https:\/\/normandielovers.fr\/es\/visitar-abbaye-aux-hommes-caen\/","title":{"rendered":"Visitar la Abbaye-aux-Hommes de Caen (consejos + fotos)"},"content":{"rendered":"\n<p>\u00bfEst\u00e1 de paso por Caen? Aproveche para <strong>visitar la Abbaye-aux-Hommes<\/strong>. Esta <strong>abad\u00eda benedictina<\/strong> fue fundada en 1063 por <strong>Guillermo el Conquistador<\/strong> y consagrada en 1077. La <strong>iglesia abacial<\/strong> alberga la <strong>tumba<\/strong> de este famoso duque de Normand\u00eda y rey de Inglaterra. Tambi\u00e9n puede explorar los <strong>edificios mon\u00e1sticos<\/strong>: alrededor de un soberbio claustro de estilo toscano, \u00a1puede pasear por las salas que ahora forman parte del <strong>Ayuntamiento<\/strong>!<\/p>\n\n<p>En este <strong>art\u00edculo<\/strong>, examinaremos m\u00e1s de cerca <strong>la Abbaye-aux-Hommes<\/strong>, \u00a1para que este <strong>emblem\u00e1tico monumento<\/strong> de Caen deje de tener secretos para usted!<\/p>\n\n<figure class=\"wp-block-image size-full\"><img decoding=\"async\" src=\"https:\/\/normandielovers.fr\/wp-content\/uploads\/2023\/07\/visitar-abbaye-aux-hommes-caen.jpg\" alt=\"Conozca de cerca la Abad&#xED;a de los Hombres, fundada por Guillermo el Conquistador y que hoy alberga el ayuntamiento de Caen.\" class=\"wp-image-9701\"\/><\/figure>\n\n<p>Esta rese\u00f1a es completamente <strong>independiente<\/strong>, la visitamos de forma an\u00f3nima y pagamos nuestra entrada en su totalidad.<\/p>\n\n<h2 class=\"wp-block-heading\">\u00bfPor qu\u00e9 visitar la Abbaye-aux-Hommes de Caen?<\/h2>\n\n<h3 class=\"wp-block-heading\">\u00bfMerece la pena visitar la abad\u00eda?<\/h3>\n\n<p>S\u00ed, \u00a1estamos convencidos! El complejo mon\u00e1stico situado junto al Ayuntamiento nos dej\u00f3 boquiabiertos. Lo incluimos en nuestro art\u00edculo sobre las <a href=\"https:\/\/normandielovers.fr\/es\/que-ver-caen-visitar\/\" target=\"_blank\" rel=\"noreferrer noopener\">mejores cosas que hacer en Caen<\/a>. Tambi\u00e9n nos pareci\u00f3 muy interesante visitar un lugar tan importante para los habitantes de Caen: la abad\u00eda es la sede del ayuntamiento y tambi\u00e9n fue escuela secundaria durante muchos a\u00f1os.<\/p>\n\n<figure class=\"wp-block-image size-large\"><img decoding=\"async\" src=\"https:\/\/photos.smugmug.com\/Travel\/Normandie\/R20e-Abbaye-Hommes\/i-BtsTpxp\/4\/e8f15563\/L\/abbaye_hommes_caen_Normandie-5987-L.jpg\" alt=\"Vista de la abad&#xED;a desde la explanada.  \"\/><\/figure>\n\n<h3 class=\"wp-block-heading\">\u00bfPor qu\u00e9 es famosa la Abbaye-aux-Hommes?<\/h3>\n\n<p>La abad\u00eda es famosa por su iglesia abacial, que alberga la tumba de Guillermo el Conquistador. Tambi\u00e9n se la conoce como la contrapartida masculina de la Abbaye-aux-Dames, construida en la misma \u00e9poca al norte de Caen. Detr\u00e1s de estos edificios se esconde la historia de amor de Guillermo el Conquistador por su prima, con la que se cas\u00f3 en 1050 a pesar de la oposici\u00f3n del Papa. La pareja obtuvo el perd\u00f3n del Papa Nicol\u00e1s II en 1059, pero cada uno tuvo que construir una abad\u00eda.<\/p>\n\n<figure class=\"wp-block-image size-large\"><img decoding=\"async\" src=\"https:\/\/photos.smugmug.com\/Travel\/Normandie\/R20e-Abbaye-Hommes\/i-7M4Kw37\/4\/438deb4b\/L\/abbaye_hommes_caen_Normandie-4553-L.jpg\" alt=\"Vista de los campanarios de la iglesia abacial.  \"\/><\/figure>\n\n<h3 class=\"wp-block-heading\">Lo que m\u00e1s nos gust\u00f3<\/h3>\n\n<p>Realmente nos enamoramos de ella durante nuestra visita. Y aqu\u00ed est\u00e1n:<\/p>\n\n<ul class=\"wp-block-list\">\n<li><strong>La explanada Jean-Marie-Louvel:<\/strong> \u00a1la vista panor\u00e1mica del imponente ayuntamiento, su jard\u00edn formal y la abad\u00eda nos pareci\u00f3 impresionante y \u00fanica!<\/li>\n<\/ul>\n\n<ul class=\"wp-block-list\">\n<li><strong>El claustro:<\/strong> este claustro de estilo toscano, emblem\u00e1tico de la vida mon\u00e1stica, \u00a1nos parece magn\u00edfico!<\/li>\n<\/ul>\n\n<ul class=\"wp-block-list\">\n<li><strong>La Sala Capitular:<\/strong> esta sala es nuestra favorita del recorrido: \u00a1es raro tener la oportunidad de visitar los salones de bodas de los ayuntamientos sin ser uno de los invitados!<\/li>\n<\/ul>\n\n<figure class=\"wp-block-image size-large\"><img decoding=\"async\" src=\"https:\/\/photos.smugmug.com\/Travel\/Normandie\/R20e-Abbaye-Hommes\/i-XPkR75w\/4\/c1e348cb\/L\/abbaye_hommes_caen_Normandie-4508-L.jpg\" alt=\"Vista del claustro.\"\/><\/figure>\n\n<div style=\"margin-top:8%;margin-bottom:8%\" class=\"wp-block-genesis-blocks-gb-container box gb-block-container\"><div class=\"gb-container-inside\"><div class=\"gb-container-content\">\n<div style=\"background-color:#fefefe;margin-top:6%;margin-bottom:6%\" class=\"wp-block-genesis-blocks-gb-container box gb-block-container\"><div class=\"gb-container-inside\"><div class=\"gb-container-content\" style=\"max-width:700px\">\n<div class=\"wp-block-columns inverse is-layout-flex wp-container-core-columns-is-layout-9d6595d7 wp-block-columns-is-layout-flex\">\n<div class=\"wp-block-column texte_planif is-layout-flow wp-block-column-is-layout-flow\" style=\"flex-basis:58%\">\n<h5 class=\"titre_box\">Reciba nuestro <span class=\"titre_box_manuscrit\">bolet\u00edn<\/span><\/h5>\n\n\n\n<ul class=\"wp-block-list\">\n<li>\u00a1Un soplo de aire fresco en su vida cotidiana en los bellos destinos de Region Lovers!<\/li>\n\n\n\n<li>Una vez al mes<\/li>\n\n\n\n<li>Sin publicidad<\/li>\n<\/ul>\n\n\n<script>\nvar gform;gform||(document.addEventListener(\"gform_main_scripts_loaded\",function(){gform.scriptsLoaded=!0}),document.addEventListener(\"gform\/theme\/scripts_loaded\",function(){gform.themeScriptsLoaded=!0}),window.addEventListener(\"DOMContentLoaded\",function(){gform.domLoaded=!0}),gform={domLoaded:!1,scriptsLoaded:!1,themeScriptsLoaded:!1,isFormEditor:()=>\"function\"==typeof InitializeEditor,callIfLoaded:function(o){return!(!gform.domLoaded||!gform.scriptsLoaded||!gform.themeScriptsLoaded&&!gform.isFormEditor()||(gform.isFormEditor()&&console.warn(\"The use of gform.initializeOnLoaded() is deprecated in the form editor context and will be removed in Gravity Forms 3.1.\"),o(),0))},initializeOnLoaded:function(o){gform.callIfLoaded(o)||(document.addEventListener(\"gform_main_scripts_loaded\",()=>{gform.scriptsLoaded=!0,gform.callIfLoaded(o)}),document.addEventListener(\"gform\/theme\/scripts_loaded\",()=>{gform.themeScriptsLoaded=!0,gform.callIfLoaded(o)}),window.addEventListener(\"DOMContentLoaded\",()=>{gform.domLoaded=!0,gform.callIfLoaded(o)}))},hooks:{action:{},filter:{}},addAction:function(o,r,e,t){gform.addHook(\"action\",o,r,e,t)},addFilter:function(o,r,e,t){gform.addHook(\"filter\",o,r,e,t)},doAction:function(o){gform.doHook(\"action\",o,arguments)},applyFilters:function(o){return gform.doHook(\"filter\",o,arguments)},removeAction:function(o,r){gform.removeHook(\"action\",o,r)},removeFilter:function(o,r,e){gform.removeHook(\"filter\",o,r,e)},addHook:function(o,r,e,t,n){null==gform.hooks[o][r]&&(gform.hooks[o][r]=[]);var d=gform.hooks[o][r];null==n&&(n=r+\"_\"+d.length),gform.hooks[o][r].push({tag:n,callable:e,priority:t=null==t?10:t})},doHook:function(r,o,e){var t;if(e=Array.prototype.slice.call(e,1),null!=gform.hooks[r][o]&&((o=gform.hooks[r][o]).sort(function(o,r){return o.priority-r.priority}),o.forEach(function(o){\"function\"!=typeof(t=o.callable)&&(t=window[t]),\"action\"==r?t.apply(null,e):e[0]=t.apply(null,e)})),\"filter\"==r)return e[0]},removeHook:function(o,r,t,n){var e;null!=gform.hooks[o][r]&&(e=(e=gform.hooks[o][r]).filter(function(o,r,e){return!!(null!=n&&n!=o.tag||null!=t&&t!=o.priority)}),gform.hooks[o][r]=e)}});\n<\/script>\n\n                <div class='gf_browser_gecko gform_wrapper gravity-theme gform-theme--no-framework waitlist_wrapper' data-form-theme='gravity-theme' data-form-index='0' id='gform_wrapper_3' >\n                        <div class='gform_heading'>\n                            <p class='gform_description'><\/p>\n                        <\/div><form method='post' enctype='multipart\/form-data'  id='gform_3' class='waitlist' action='\/es\/wp-json\/wp\/v2\/posts\/9971' data-formid='3' novalidate> \r\n <input type='hidden' class='gforms-pum' value='{\"closepopup\":false,\"closedelay\":0,\"openpopup\":false,\"openpopup_id\":0}' \/>\n                        <div class='gform-body gform_body'><div id='gform_fields_3' class='gform_fields top_label form_sublabel_below description_below validation_below'><div id=\"field_3_5\" class=\"gfield gfield--type-honeypot gform_validation_container field_sublabel_below gfield--has-description field_description_below field_validation_below gfield_visibility_visible\"  ><label class='gfield_label gform-field-label' for='input_3_5'>Comments<\/label><div class='ginput_container'><input name='input_5' id='input_3_5' type='text' value='' autocomplete='new-password'\/><\/div><div class='gfield_description' id='gfield_description_3_5'>Este campo es un campo de validaci\u00f3n y debe quedar sin cambios.<\/div><\/div><div id=\"field_3_1\" class=\"gfield gfield--type-email gfield--input-type-email gfield_contains_required field_sublabel_below gfield--no-description field_description_below hidden_label field_validation_below gfield_visibility_visible\"  ><label class='gfield_label gform-field-label' for='input_3_1'>E-mail<span class=\"gfield_required\"><span class=\"gfield_required gfield_required_text\">(Obligatorio)<\/span><\/span><\/label><div class='ginput_container ginput_container_email'>\n                            <input name='input_1' id='input_3_1' type='email' value='' class='large'    aria-required=\"true\" aria-invalid=\"false\"  \/>\n                        <\/div><\/div><fieldset id=\"field_3_3\" class=\"gfield gfield--type-consent gfield--type-choice gfield--input-type-consent gfield_contains_required field_sublabel_below gfield--no-description field_description_below hidden_label field_validation_below gfield_visibility_visible\"  ><legend class='gfield_label gform-field-label gfield_label_before_complex' >RGPD<span class=\"gfield_required\"><span class=\"gfield_required gfield_required_text\">(Obligatorio)<\/span><\/span><\/legend><div class='ginput_container ginput_container_consent'><input name='input_3.1' id='input_3_3_1' type='checkbox' value='1'   aria-required=\"true\" aria-invalid=\"false\"   \/> <label class=\"gform-field-label gform-field-label--type-inline gfield_consent_label\" for='input_3_3_1' >S\u00ed, deseo suscribirme al bolet\u00edn mensual<span class=\"gfield_required gfield_required_text\">(Obligatorio)<\/span><\/label><input type='hidden' name='input_3.2' value='S\u00ed, deseo suscribirme al bolet\u00edn mensual' class='gform_hidden' \/><input type='hidden' name='input_3.3' value='1' class='gform_hidden' \/><\/div><\/fieldset><div id=\"field_3_4\" class=\"gfield gfield--type-website gfield--input-type-website gfield--width-full field_sublabel_below gfield--no-description field_description_below field_validation_below gfield_visibility_hidden\"  ><div class=\"admin-hidden-markup\"><i class=\"gform-icon gform-icon--hidden\" aria-hidden=\"true\" title=\"Este campo est\u00e1 oculto cuando se visualiza el formulario\"><\/i><span>Este campo est\u00e1 oculto cuando se visualiza el formulario<\/span><\/div><label class='gfield_label gform-field-label' for='input_3_4'>Site Web<\/label><div class='ginput_container ginput_container_website'>\n                    <input name='input_4' id='input_3_4' type='url' value='https:\/\/normandielovers.fr\/es\/wp-json\/wp\/v2\/posts\/9971' class='large'    placeholder='https:\/\/'  aria-invalid=\"false\" \/>\n                <\/div><\/div><\/div><\/div>\n        <div class='gform-footer gform_footer top_label'> <input type='submit' id='gform_submit_button_3' class='gform_button button' onclick='gform.submission.handleButtonClick(this);' data-submission-type='submit' value='Suscribirse'  \/> \n            <input type='hidden' class='gform_hidden' name='gform_submission_method' data-js='gform_submission_method_3' value='postback' \/>\n            <input type='hidden' class='gform_hidden' name='gform_theme' data-js='gform_theme_3' id='gform_theme_3' value='gravity-theme' \/>\n            <input type='hidden' class='gform_hidden' name='gform_style_settings' data-js='gform_style_settings_3' id='gform_style_settings_3' value='{&quot;inputPrimaryColor&quot;:&quot;#204ce5&quot;}' \/>\n            <input type='hidden' class='gform_hidden' name='is_submit_3' value='1' \/>\n            <input type='hidden' class='gform_hidden' name='gform_submit' value='3' \/>\n            \n            <input type='hidden' class='gform_hidden' name='gform_currency' data-currency='EUR' value='Bf6tnetvCHbvzCesRWqDhxgyp5sLa4dUsjvyAtCwmjl3rsIuUVDJKpxbP9kMDOPT0aQkWWQRlSsLOY0nL0WDN6RY36431kLzsnrvziHhtM1zrgo=' \/>\n            <input type='hidden' class='gform_hidden' name='gform_unique_id' value='' \/>\n            <input type='hidden' class='gform_hidden' name='state_3' value='WyJ7XCIzLjFcIjpcIjMxNjA2NDljOTQ4ZTZmNmVjNWZiNTY0Nzg5MTJjNGRkXCIsXCIzLjJcIjpcImU1YWIzNmNmZGFiMTM3NGU4ZTRlZmRiY2MwZTU4ZGI0XCIsXCIzLjNcIjpcIjMxNjA2NDljOTQ4ZTZmNmVjNWZiNTY0Nzg5MTJjNGRkXCJ9IiwiYTFiODQ0NmJlOWQ2YjYyNTI4NzNhOTA2MjJmNTc2NTYiXQ==' \/>\n            <input type='hidden' autocomplete='off' class='gform_hidden' name='gform_target_page_number_3' id='gform_target_page_number_3' value='0' \/>\n            <input type='hidden' autocomplete='off' class='gform_hidden' name='gform_source_page_number_3' id='gform_source_page_number_3' value='1' \/>\n            <input type='hidden' name='gform_field_values' value='' \/>\n            \n        <\/div>\n                        <\/form>\n                        <\/div><script>\ngform.initializeOnLoaded( function() {gformInitSpinner( 3, 'https:\/\/normandielovers.fr\/wp-content\/plugins\/gravityforms\/images\/spinner.svg', true );jQuery('#gform_ajax_frame_3').on('load',function(){var contents = jQuery(this).contents().find('*').html();var is_postback = contents.indexOf('GF_AJAX_POSTBACK') >= 0;if(!is_postback){return;}var form_content = jQuery(this).contents().find('#gform_wrapper_3');var is_confirmation = jQuery(this).contents().find('#gform_confirmation_wrapper_3').length > 0;var is_redirect = contents.indexOf('gformRedirect(){') >= 0;var is_form = form_content.length > 0 && ! is_redirect && ! is_confirmation;var mt = parseInt(jQuery('html').css('margin-top'), 10) + parseInt(jQuery('body').css('margin-top'), 10) + 100;if(is_form){jQuery('#gform_wrapper_3').html(form_content.html());if(form_content.hasClass('gform_validation_error')){jQuery('#gform_wrapper_3').addClass('gform_validation_error');} else {jQuery('#gform_wrapper_3').removeClass('gform_validation_error');}setTimeout( function() { \/* delay the scroll by 50 milliseconds to fix a bug in chrome *\/  }, 50 );if(window['gformInitDatepicker']) {gformInitDatepicker();}if(window['gformInitPriceFields']) {gformInitPriceFields();}var current_page = jQuery('#gform_source_page_number_3').val();gformInitSpinner( 3, 'https:\/\/normandielovers.fr\/wp-content\/plugins\/gravityforms\/images\/spinner.svg', true );jQuery(document).trigger('gform_page_loaded', [3, current_page]);window['gf_submitting_3'] = false;}else if(!is_redirect){var confirmation_content = jQuery(this).contents().find('.GF_AJAX_POSTBACK').html();if(!confirmation_content){confirmation_content = contents;}jQuery('#gform_wrapper_3').replaceWith(confirmation_content);jQuery(document).trigger('gform_confirmation_loaded', [3]);window['gf_submitting_3'] = false;wp.a11y.speak(jQuery('#gform_confirmation_message_3').text());}else{jQuery('#gform_3').append(contents);if(window['gformRedirect']) {gformRedirect();}}jQuery(document).trigger(\"gform_pre_post_render\", [{ formId: \"3\", currentPage: \"current_page\", abort: function() { this.preventDefault(); } }]);        if (event && event.defaultPrevented) {                return;        }        const gformWrapperDiv = document.getElementById( \"gform_wrapper_3\" );        if ( gformWrapperDiv ) {            const visibilitySpan = document.createElement( \"span\" );            visibilitySpan.id = \"gform_visibility_test_3\";            gformWrapperDiv.insertAdjacentElement( \"afterend\", visibilitySpan );        }        const visibilityTestDiv = document.getElementById( \"gform_visibility_test_3\" );        let postRenderFired = false;        function triggerPostRender() {            if ( postRenderFired ) {                return;            }            postRenderFired = true;            gform.core.triggerPostRenderEvents( 3, current_page );            if ( visibilityTestDiv ) {                visibilityTestDiv.parentNode.removeChild( visibilityTestDiv );            }        }        function debounce( func, wait, immediate ) {            var timeout;            return function() {                var context = this, args = arguments;                var later = function() {                    timeout = null;                    if ( !immediate ) func.apply( context, args );                };                var callNow = immediate && !timeout;                clearTimeout( timeout );                timeout = setTimeout( later, wait );                if ( callNow ) func.apply( context, args );            };        }        const debouncedTriggerPostRender = debounce( function() {            triggerPostRender();        }, 200 );        if ( visibilityTestDiv && visibilityTestDiv.offsetParent === null ) {            const observer = new MutationObserver( ( mutations ) => {                mutations.forEach( ( mutation ) => {                    if ( mutation.type === 'attributes' && visibilityTestDiv.offsetParent !== null ) {                        debouncedTriggerPostRender();                        observer.disconnect();                    }                });            });            observer.observe( document.body, {                attributes: true,                childList: false,                subtree: true,                attributeFilter: [ 'style', 'class' ],            });        } else {            triggerPostRender();        }    } );} );\n<\/script>\n<\/div>\n\n\n\n<div class=\"wp-block-column is-layout-flow wp-block-column-is-layout-flow\" style=\"flex-basis:42%\">\n<div class=\"wp-block-genesis-blocks-gb-container aligncenter newsletter-radius gb-block-container\"><div class=\"gb-container-inside\"><div class=\"gb-container-content\"><div class=\"wp-block-image newsletter-image\">\n<figure class=\"aligncenter size-full\"><img loading=\"lazy\" decoding=\"async\" width=\"729\" height=\"792\" src=\"https:\/\/normandielovers.fr\/wp-content\/uploads\/2024\/01\/newsletter_FR_2.png\" alt=\"\" class=\"wp-image-12777\" srcset=\"https:\/\/normandielovers.fr\/wp-content\/uploads\/2024\/01\/newsletter_FR_2.png 729w, https:\/\/normandielovers.fr\/wp-content\/uploads\/2024\/01\/newsletter_FR_2-276x300.png 276w\" sizes=\"auto, (max-width: 729px) 100vw, 729px\" \/><\/figure>\n<\/div><\/div><\/div><\/div>\n<\/div>\n<\/div>\n<\/div><\/div><\/div>\n<\/div><\/div><\/div>\n\n<h2 class=\"wp-block-heading\">Consejos pr\u00e1cticos y mapa: Abbaye-aux-Hommes, Caen, Francia.<\/h2>\n\n<h3 class=\"wp-block-heading\">\u00bfD\u00f3nde est\u00e1 la abad\u00eda?<\/h3>\n\n<p>La Abbaye-aux-Hommes est\u00e1 situada en la explanada Jean-Marie Louvel, en Caen (14027), en el departamento de Calvados, Normand\u00eda.<\/p>\n\n<figure class=\"wp-block-image size-large\"><img decoding=\"async\" src=\"https:\/\/normandielovers.fr\/wp-content\/uploads\/2023\/07\/mapa-caen-abadia-es-1024x683.png\" alt=\"mapa del centro de caen con abbaye aux hommes\" class=\"wp-image-9722\"\/><\/figure>\n\n<ul class=\"wp-block-list\">\n<li>Tiempo en coche desde Rouen: 1h30min.  <\/li>\n\n\n\n<li>Tiempo en coche desde Evreux: 1h45min.<\/li>\n\n\n\n<li>Tiempo en coche desde Alen\u00e7on: 1h25min.<\/li>\n\n\n\n<li>Tiempo en coche desde Cherburgo: 1h30min.<\/li>\n\n\n\n<li>Tiempo en coche desde el Mont-Saint-Michel: 1h30min.<\/li>\n<\/ul>\n\n<h3 class=\"wp-block-heading\">\u00bfC\u00f3mo puedo llegar?<\/h3>\n\n<p>Le recomendamos que conduzca hasta Caen si tambi\u00e9n desea visitar el resto de Normand\u00eda sin limitaciones de tiempo. Si no, es mejor ir en tren. Las carreteras de circunvalaci\u00f3n de Caen est\u00e1n especialmente congestionadas en horas punta, al igual que el centro hist\u00f3rico, que puede resultar dif\u00edcil de recorrer.<\/p>\n\n<p><a href=\"https:\/\/track.effiliation.com\/servlet\/effi.redir?id_compteur=22819431&amp;url=https%3A%2F%2Fwww.sncf-connect.com%2Fes-es%2F&amp;effi_id=NL\" target=\"_blank\" rel=\"noreferrer noopener sponsored nofollow\">Consulte los horarios disponibles y reserve ya sus billetes de tren y autocar<\/a>.<\/p>\n\n<p>Las l\u00edneas regulares TER llegan a Caen desde Par\u00eds Saint-Lazare, as\u00ed como desde Le Mans y Rennes.<\/p>\n\n<p>Tardar\u00e1 unos treinta minutos a pie y veinte en transporte p\u00fablico en llegar a la abad\u00eda desde la estaci\u00f3n.<\/p>\n\n<figure class=\"wp-block-image size-large\"><img decoding=\"async\" src=\"https:\/\/photos.smugmug.com\/photos\/i-kKMwtSF\/1\/9fe423ee\/L\/i-kKMwtSF-L.jpg\" alt=\"Vista de la estaci&#xF3;n.  \"\/><\/figure>\n\n<p>Puede tomar las rutas de autob\u00fas:<\/p>\n\n<ul class=\"wp-block-list\">\n<li>N\u00f3mada 107, 115 \u00f3 116: parada del Liceo Malherbe.<\/li>\n\n\n\n<li>L\u00edneas 1 \u00f3 3: parada H\u00f4tel de Ville, and\u00e9n 2.<\/li>\n\n\n\n<li>L\u00edneas 6A u 11: parada H\u00f4tel de Ville, and\u00e9n 3.<\/li>\n<\/ul>\n\n<p>Si prefiere el tranv\u00eda, puede tomar la l\u00ednea 1 \u00f3 3 y bajarse en la parada \u00abCh\u00e2teau Quatrans\u00bb.<\/p>\n\n<p>Para planificar su itinerario, visite la p\u00e1gina oficial de la red de transportes de Caen <a href=\"https:\/\/www.twisto.fr\/se-deplacer\/itineraires\/mon-itineraire.html?no_cache=1\" target=\"_blank\" rel=\"noreferrer noopener nofollow\">aqu\u00ed<\/a>.<\/p>\n\n<p>Tambi\u00e9n puede optar por ir en bicicleta. Justo al lado de la abad\u00eda (26 Place de l&#8217;Ancienne Boucherie) hay una estaci\u00f3n de autoservicio para bicicletas. Para saber m\u00e1s, <a href=\"https:\/\/www.twisto.fr\/carte-interactive-velolib.html?no_cache=1\" target=\"_blank\" rel=\"noreferrer noopener nofollow\">pulse aqu\u00ed<\/a>.<\/p>\n\n<figure class=\"wp-block-image size-large\"><img decoding=\"async\" src=\"https:\/\/photos.smugmug.com\/photos\/i-Fm4GwFZ\/1\/6f299595\/L\/i-Fm4GwFZ-L.jpg\" alt=\"Vista del aparcamiento de bicicletas.  \"\/><\/figure>\n\n<h3 class=\"wp-block-heading\">Aparcamiento<\/h3>\n\n<p>La abad\u00eda no dispone de un aparcamiento espec\u00edfico para visitantes. Sin embargo, puede aparcar f\u00e1cilmente en estos aparcamientos cercanos:<\/p>\n\n<ul class=\"wp-block-list\">\n<li><strong>Aparcamiento Guillouard<\/strong>: aparcamiento p\u00fablico de pago al aire libre con aseos p\u00fablicos.<\/li>\n\n\n\n<li><strong>Parking Indigo Caen H\u00f4tel de Ville <\/strong>: aparcamiento subterr\u00e1neo de pago, abierto las 24 horas.<\/li>\n<\/ul>\n\n<div style=\"margin-top:8%;margin-bottom:8%\" class=\"wp-block-genesis-blocks-gb-container box gb-block-container\"><div class=\"gb-container-inside\"><div class=\"gb-container-content\">\n<div class=\"wp-block-columns inverse box_planif is-layout-flex wp-container-core-columns-is-layout-9d6595d7 wp-block-columns-is-layout-flex\">\n<div class=\"wp-block-column texte_planif is-layout-flow wp-block-column-is-layout-flow\" style=\"flex-basis:58%\">\n<h5 class=\"titre_box\" style=\"padding-top:10px\">NUESTROS CONSEJOS PARA <span>ALQUILAR UN COCHE<\/span> EN<span class=\"titre_box_manuscrit\"> Normand\u00eda<\/span><\/h5>\n\n\n\n<ul class=\"wp-block-list\" style=\"font-size:14px\">\n<li>Compare precios en nuestra plataforma preferida: <a href=\"https:\/\/www.discovercars.com\/es\/france?a_aid=zigzag&amp;chan=NL\" target=\"_blank\" rel=\"noreferrer noopener\">DiscoverCars<\/a>, uno de los sitios mejor valorados.<\/li>\n\n\n\n<li>Elija un <strong>coche lo suficientemente c\u00f3modo <\/strong>(las distancias pueden ser largas) pero <strong>compacto<\/strong> (algunos aparcamientos y pueblos son estrechos).<\/li>\n\n\n\n<li>Considere la posibilidad de<strong>contratar un seguro a todo riesgo<\/strong> (algunas carreteras son sinuosas y estrechas).<\/li>\n\n\n\n<li>Hay mucha demanda, as\u00ed que <strong>reserve con antelaci\u00f3n<\/strong>.<\/li>\n<\/ul>\n<\/div>\n\n\n\n<div class=\"wp-block-column planif-radius-2 is-layout-flow wp-block-column-is-layout-flow\" style=\"flex-basis:42%\">\n<figure class=\"wp-block-image size-full voiture_image\"><img loading=\"lazy\" decoding=\"async\" width=\"421\" height=\"533\" src=\"https:\/\/normandielovers.fr\/wp-content\/uploads\/2023\/05\/Yport_Normandie-3328.png\" alt=\"\" class=\"wp-image-7241\" title=\"\" srcset=\"https:\/\/normandielovers.fr\/wp-content\/uploads\/2023\/05\/Yport_Normandie-3328.png 421w, https:\/\/normandielovers.fr\/wp-content\/uploads\/2023\/05\/Yport_Normandie-3328-237x300.png 237w\" sizes=\"auto, (max-width: 421px) 100vw, 421px\" \/><\/figure>\n<\/div>\n<\/div>\n\n\n\n<div class=\"wp-block-genesis-blocks-gb-container gb-block-container\"><div class=\"gb-container-inside\"><div class=\"gb-container-content\">\n<div class=\"wp-block-columns planif_bouton is-layout-flex wp-container-core-columns-is-layout-9d6595d7 wp-block-columns-is-layout-flex\">\n<div class=\"wp-block-column is-layout-flow wp-block-column-is-layout-flow\">\n<div class=\"wp-block-buttons is-content-justification-center is-layout-flex wp-container-core-buttons-is-layout-16018d1d wp-block-buttons-is-layout-flex\">\n<div class=\"wp-block-button has-custom-font-size\" style=\"font-size:14px\"><a class=\"wp-block-button__link has-white-color has-text-color wp-element-button\" href=\"https:\/\/www.discovercars.com\/es\/france?a_aid=zigzag&amp;amp;chan=NL\" style=\"border-radius:4px\" target=\"_blank\" rel=\"noreferrer noopener\">Ver coches disponibles  <strong>   <\/strong><img decoding=\"async\" class=\"wp-image-3266 img_fleche\" style=\"width: 16px;  \" src=\"https:\/\/corsicalovers.fr\/wp-content\/uploads\/2023\/03\/ArrowRight.png\" alt=\"flecha\"\/><\/a><\/div>\n<\/div>\n<\/div>\n\n\n\n<div class=\"wp-block-column is-vertically-aligned-center is-layout-flow wp-block-column-is-layout-flow\">\n<p class=\"has-text-align-center\" style=\"font-size:14px\"><strong><a href=\"https:\/\/normandielovers.fr\/es\/alquilar-coche-france\/\" target=\"_blank\" rel=\"noreferrer noopener\">Ver todos nuestros consejos<\/a><\/strong><\/p>\n<\/div>\n<\/div>\n<\/div><\/div><\/div>\n<\/div><\/div><\/div>\n\n<h3 class=\"wp-block-heading\">Horarios y precios<\/h3>\n\n<p>La Abbaye-aux-Hommes est\u00e1 abierta todo el a\u00f1o:<\/p>\n\n<ul class=\"wp-block-list\">\n<li><strong>Del 2 de octubre al 2 de abril<\/strong>: de lunes a jueves de 8.00 a 18.00 horas, viernes de 8.00 a 17.00 horas, s\u00e1bados, domingos durante las vacaciones escolares y d\u00edas festivos de 9.00 a 13.00 horas y de 14.00 a 17.30 horas.<\/li>\n\n\n\n<li><strong>Del 3 de abril al 30 de mayo<\/strong>: de lunes a jueves de 8.00 a 18.00 h, viernes de 8.00 a 17.00 h, fines de semana y festivos de 9.30 a 13.00 h y de 14.00 a 18.00 h.<\/li>\n\n\n\n<li><strong>Del<sup>1 de<\/sup> junio al 1 de octubre<\/strong>: de lunes a viernes, de 8.00 a 19.00 horas; fines de semana y festivos, de 9.30 a 19.00 horas.  <\/li>\n\n\n\n<li><strong>Cerrado el 25 de diciembre, el 1 de enero, los fines de semana de enero y el 1 de mayo.<\/strong><\/li>\n<\/ul>\n\n<p>La taquilla cierra 30 minutos antes del final de la sesi\u00f3n.<\/p>\n\n<p>Estos son los precios:<\/p>\n\n<ul class=\"wp-block-list\">\n<li>Tarifa de adulto (durante las exposiciones temporales): 5<\/li>\n\n\n\n<li>Tarifa adulto (excluidas las exposiciones temporales): 3<\/li>\n\n\n\n<li>Gratuito: menores de 18 a\u00f1os, solicitantes de empleo, residentes en Caen&#8230;<\/li>\n<\/ul>\n\n<p>Para ver la lista completa de beneficiarios, visite el sitio web oficial <a href=\"https:\/\/caen.fr\/abbaye-aux-hommes\" target=\"_blank\" rel=\"noreferrer noopener nofollow\">aqu\u00ed<\/a>.<\/p>\n\n<p>Esta visita est\u00e1 incluida en el City Pass de la ciudad <a href=\"https:\/\/www.caenlamer-tourisme.fr\/a-voir-a-faire\/visites-et-activites\/city-pass\/\" target=\"_blank\" rel=\"noreferrer noopener nofollow\">,<\/a> que le da derecho a descuentos durante un periodo de 24 a 72 horas (restaurantes, tiendas, lugares de ocio, lugares culturales de Caen, etc.).<\/p>\n\n<figure class=\"wp-block-image size-large\"><img decoding=\"async\" src=\"https:\/\/photos.smugmug.com\/Travel\/Normandie\/R20e-Abbaye-Hommes\/i-3hwst2T\/4\/3c7afa73\/L\/abbaye_hommes_caen_Normandie-4491-L.jpg\" alt=\"Vista del p&#xFA;lpito de la sala capitular.  \"\/><\/figure>\n\n<p>Si prefiere las visitas guiadas, elija un<a href=\"https:\/\/www.getyourguide.es\/caen-l315\/caen-visite-privee-personnalisee-avec-un-guide-local-t469729\/?partner_id=R3GYW4V&amp;cmp=NL\" target=\"_blank\" rel=\"noreferrer noopener sponsored nofollow\"> recorrido por la ciudad con un gu\u00eda<\/a> local: \u00a1el patrimonio de Caen ya no tendr\u00e1 secretos para usted!<\/p>\n\n<p>De vez en cuando se organizan visitas guiadas a los prestigiosos lugares de la abad\u00eda y a su evoluci\u00f3n a lo largo de los siglos, que pueden concertarse previamente. Le invitamos a consultar el orden del d\u00eda en la p\u00e1gina web oficial<a href=\"https:\/\/caen.fr\/abbaye-aux-hommes\" target=\"_blank\" rel=\"noreferrer noopener nofollow\"> aqu\u00ed<\/a>.<\/p>\n\n<div class=\"wp-block-group\"><div class=\"wp-block-group__inner-container is-layout-constrained wp-block-group-is-layout-constrained\">\n<figure class=\"wp-block-image size-large\"><img decoding=\"async\" src=\"https:\/\/photos.smugmug.com\/Travel\/Normandie\/R20e-Abbaye-Hommes\/i-jb6VBcv\/4\/492c04c3\/L\/abbaye_hommes_caen_Normandie-4539-L.jpg\" alt=\"Vista del cartel de visitas guiadas.  \"\/><\/figure>\n<\/div><\/div>\n\n<h3 class=\"wp-block-heading\">La mejor \u00e9poca para visitar la abad\u00eda<\/h3>\n\n<p>Para disfrutar plenamente de la paz y la tranquilidad de la abad\u00eda, le recomendamos que la visite fuera de las vacaciones escolares, si puede, y entre semana. La hora de mayor afluencia es entre las 14.00 y las 15.00 horas, por lo que le recomendamos que acuda durante el horario de apertura o justo antes de la hora de cierre.<\/p>\n\n<figure class=\"wp-block-image size-large\"><img decoding=\"async\" src=\"https:\/\/photos.smugmug.com\/Travel\/Normandie\/R20e-Abbaye-Hommes\/i-d62jP3Z\/4\/1a2b62ac\/L\/abbaye_hommes_caen_Normandie-5993-L.jpg\" alt=\"Vista del corredor del claustro.  \"\/><\/figure>\n\n<h3 class=\"wp-block-heading\">\u00bfCu\u00e1nto tiempo tardar\u00e1 en visitar la abad\u00eda y cu\u00e1les son las principales dificultades?<\/h3>\n\n<p>Dedique entre una hora y una hora y media a su visita. Esto var\u00eda seg\u00fan el periodo de su visita (con o sin exposiciones temporales). La abad\u00eda no es muy dif\u00edcil. El recorrido es accesible para personas con movilidad reducida (rampa&#8230;). S\u00f3lo la sala de guardia y el lagar, que s\u00f3lo pueden verse en visitas guiadas, no son accesibles.<\/p>\n\n<p>Hay una serie de facilidades para las personas con discapacidad auditiva (bucle magn\u00e9tico, tableta con v\u00eddeos en LSF, etc.), visual (paneles en braille, relieve, etc.) y mental (documentaci\u00f3n iconogr\u00e1fica, etc.). Para m\u00e1s informaci\u00f3n, p\u00f3ngase en contacto con la recepci\u00f3n de la abad\u00eda.<\/p>\n\n<figure class=\"wp-block-image size-large\"><img decoding=\"async\" src=\"https:\/\/photos.smugmug.com\/Travel\/Normandie\/R20e-Abbaye-Hommes\/i-tJbVmxn\/4\/32836c24\/L\/abbaye_hommes_caen_Normandie-4517-L.jpg\" alt=\"Vista de la rampa de acceso.\"\/><\/figure>\n\n<h3 class=\"wp-block-heading\">Consejos para la visita<\/h3>\n\n<p>Le recomendamos que siga el itinerario recomendado, que comienza en el interior de los edificios mon\u00e1sticos, desde el chauffoir hasta el Scriptorium, pasando por el claustro. Para visitar la iglesia de Saint-Etienne, debe salir y entrar por el lado del chevet.<\/p>\n\n<figure class=\"wp-block-image size-large\"><img decoding=\"async\" src=\"https:\/\/photos.smugmug.com\/Travel\/Normandie\/R20e-Abbaye-Hommes\/i-P3GTph4\/4\/e4a97c93\/L\/abbaye_hommes_caen_Normandie-5991-L.jpg\" alt=\"Vista del plano.  \"\/><\/figure>\n\n<h3 class=\"wp-block-heading\">La abad\u00eda con ni\u00f1os<\/h3>\n\n<p>No hay ning\u00fan sendero especial para ni\u00f1os en la abad\u00eda. Para que su descubrimiento de este monumento sea a\u00fan m\u00e1s divertido, le recomendamos que opte por una visita guiada. La ciudad de Caen organiza una visita familiar tem\u00e1tica, disponible s\u00f3lo con reserva previa, titulada \u00abLes Petits Secrets de l&#8217;Abbaye-aux-Hommes\u00bb (Los peque\u00f1os secretos de la Abad\u00eda de los Hombres). Podr\u00e1 explorar el monumento con la ayuda de un folleto que contiene acertijos, c\u00f3digos y \u00a1muchas an\u00e9cdotas! Para m\u00e1s informaci\u00f3n, consulte la agenda en la p\u00e1gina web oficial <a href=\"https:\/\/caen.fr\/abbaye-aux-hommes\" target=\"_blank\" rel=\"noreferrer noopener nofollow\">aqu\u00ed<\/a>.<\/p>\n\n<figure class=\"wp-block-image size-large\"><img decoding=\"async\" src=\"https:\/\/photos.smugmug.com\/Travel\/Normandie\/R20e-Abbaye-Hommes\/i-mnsfghT\/4\/cdbefc2b\/L\/abbaye_hommes_caen_Normandie-4529-L.jpg\" alt=\"Vista de la Gran Escalera.  \"\/><\/figure>\n\n<div style=\"margin-top:8%;margin-bottom:8%\" class=\"wp-block-genesis-blocks-gb-container box gb-block-container\"><div class=\"gb-container-inside\"><div class=\"gb-container-content\">\n<div class=\"wp-block-columns inverse is-layout-flex wp-container-core-columns-is-layout-9d6595d7 wp-block-columns-is-layout-flex\">\n<div class=\"wp-block-column texte_planif is-layout-flow wp-block-column-is-layout-flow\" style=\"flex-basis:58%\">\n<h5 class=\"titre_box\" style=\"padding-top:10px\"><span>DESCUBRA <\/span><span class=\"titre_box_manuscrit\">Caen<\/span><\/h5>\n\n\n\n<ul class=\"wp-block-list\">\n<li style=\"font-size:14px\"><a href=\"https:\/\/normandielovers.fr\/es\/que-ver-caen-visitar\/\" target=\"_blank\" rel=\"noreferrer noopener\">Qu\u00e9 hacer en Caen<\/a><\/li>\n\n\n\n<li style=\"font-size:14px\">D\u00f3nde alojarse en Caen: <a href=\"https:\/\/normandielovers.fr\/meilleur-hotel-caen-ou-dormir\/\" target=\"_blank\" rel=\"noreferrer noopener\">nuestros mejores hoteles<\/a><\/li>\n\n\n\n<li style=\"font-size:14px\"><a href=\"https:\/\/normandielovers.fr\/es\/mejores-restaurantes-caen-comer\/\" target=\"_blank\" rel=\"noreferrer noopener\">D\u00f3nde comer en Caen: nuestros mejores restaurantes<\/a> <\/li>\n\n\n\n<li style=\"font-size:14px\"><a href=\"https:\/\/normandielovers.fr\/es\/mejores-museos-caen-visitar\/\" target=\"_blank\" rel=\"noreferrer noopener\">Los mejores museos de Caen<\/a><\/li>\n\n\n\n<li style=\"font-size:14px\">Itinerarios: <a href=\"https:\/\/normandielovers.fr\/es\/visitar-1-dia-caen-itinerario\/\" target=\"_blank\" rel=\"noreferrer noopener\">1 d\u00eda<\/a> &#8211; <a href=\"https:\/\/normandielovers.fr\/es\/visitar-2-dias-caen-itinerario\/\" target=\"_blank\" rel=\"noreferrer noopener\">2 d\u00edas<\/a><\/li>\n\n\n\n<li style=\"font-size:14px\"><a href=\"https:\/\/normandielovers.fr\/es\/visitar-chateau-caen-castillo\/\" target=\"_blank\" rel=\"noreferrer noopener\">Castillo de Caen<\/a><\/li>\n\n\n\n<li style=\"font-size:14px\"><a href=\"https:\/\/normandielovers.fr\/es\/visitar-memorial-caen-museo\/\" target=\"_blank\" rel=\"noreferrer noopener\">Museo Conmemorativo de Caen<\/a><\/li>\n\n\n\n<li style=\"font-size:14px\">Alquilar un coche en Caen: <a href=\"https:\/\/normandielovers.fr\/es\/alquilar-coche-caen\/\" target=\"_blank\" rel=\"noreferrer noopener\">nuestros consejos<\/a><\/li>\n<\/ul>\n<\/div>\n\n\n\n<div class=\"wp-block-column ville-radius is-layout-flow wp-block-column-is-layout-flow\" style=\"flex-basis:42%\">\n<figure class=\"wp-block-image size-large img-portrait\"><img decoding=\"async\" src=\"https:\/\/photos.smugmug.com\/Travel\/Normandie\/R20g-Caen\/i-PtCTs2r\/4\/ce3c5182\/L\/caen_Normandie-4484-L.jpg\" alt=\"\" title=\"\"\/><\/figure>\n<\/div>\n<\/div>\n<\/div><\/div><\/div>\n\n<h3 class=\"wp-block-heading\">Restaurantes cercanos<\/h3>\n\n<p>Caen es una ciudad con muchos restaurantes variados y sabrosos. He aqu\u00ed una selecci\u00f3n de tres de los restaurantes que figuran en nuestro art\u00edculo sobre los <a href=\"https:\/\/normandielovers.fr\/es\/mejores-restaurantes-caen-comer\/\" target=\"_blank\" rel=\"noreferrer noopener\">mejores lugares para comer en Caen<\/a>:<\/p>\n\n<ul class=\"wp-block-list\">\n<li><strong>La Vraie Vie:<\/strong> este restaurante, a 5 minutos a pie de la abad\u00eda, ofrece una cocina refinada que cambia con las estaciones, en un ambiente acogedor.<\/li>\n\n\n\n<li><strong>Restaurante L&#8217;Aromate:<\/strong> la cocina bistron\u00f3mica de Axel de Caseneuve e In\u00e8s de Saint Jores es una aut\u00e9ntica invitaci\u00f3n al viaje, \u00a1y nos transport\u00f3!<\/li>\n\n\n\n<li><strong>Moon &amp; Sons bar y restaurante:<\/strong> este discreto pub inspirado en el mundo de Harry Potter ofrece un men\u00fa 100% vegetal (platos, reposter\u00eda y tentempi\u00e9s).<\/li>\n<\/ul>\n\n<div style=\"margin-top:8%;margin-bottom:8%\" class=\"wp-block-genesis-blocks-gb-container box gb-block-container\"><div class=\"gb-container-inside\"><div class=\"gb-container-content\" style=\"max-width:700px\">\n<div class=\"wp-block-genesis-blocks-gb-container box_titre gb-block-container\"><div class=\"gb-container-inside\"><div class=\"gb-container-content\">\n<h5 class=\"titre_box\" style=\"padding-top:10px;\"><span>D\u00d3NDE ALOJARSE<\/span> EN <span class=\"titre_box_manuscrit\">Caen<\/span><\/h5>\n<\/div><\/div><\/div>\n\n\n\n<hr class=\"wp-block-separator has-text-color has-alpha-channel-opacity has-background is-style-wide hr-box-planif\" style=\"background-color:#ccd3dd;color:#ccd3dd\"\/>\n\n\n\n<div class=\"wp-block-columns box_sans_border is-layout-flex wp-container-core-columns-is-layout-9d6595d7 wp-block-columns-is-layout-flex\">\n<div class=\"wp-block-column texte_planif is-layout-flow wp-block-column-is-layout-flow\" style=\"font-size:14px;flex-basis:60%\">\n<p style=\"font-size:16px;\" class=\"option_titre2\"><strong><span>Opci\u00f3n 1:<\/span> en el casco antiguo<\/strong><\/p>\n\n\n\n<p style=\"font-size:14px\">Le recomendamos..:<\/p>\n\n\n\n<ul class=\"wp-block-list\">\n<li style=\"font-size:14px\"><strong>Hotel Best Western Plus Le moderne<\/strong> no lejos del castillo &#8211; <a href=\"https:\/\/www.booking.com\/hotel\/fr\/moderncaen.html?aid=2281719\" target=\"_blank\" rel=\"noreferrer noopener sponsored nofollow\">ver precios, fotos y disponibilidad<\/a><\/li>\n\n\n\n<li style=\"font-size:14px\"><strong>H\u00f4tel La Fontaine<\/strong> tambi\u00e9n cerca del castillo &#8211; <a href=\"https:\/\/www.booking.com\/hotel\/fr\/de-la-fontaine.html?aid=2281719\" target=\"_blank\" rel=\"noreferrer noopener sponsored nofollow\">ver precios, fotos y disponibilidad<\/a><\/li>\n\n\n\n<li style=\"font-size:14px\"><strong>B&amp;B Les Chambres de L&#8217;Abbaye<\/strong>, cerca de Abbaye-aux-Hommes &#8211; <a href=\"https:\/\/www.booking.com\/hotel\/fr\/les-chambres-de-l-39-abbaye.html?aid=2281719\" target=\"_blank\" rel=\"noreferrer noopener sponsored nofollow\">ver precios, fotos y disponibilidad<\/a><\/li>\n<\/ul>\n<\/div>\n\n\n\n<div class=\"wp-block-column is-vertically-aligned-top planif-radius is-layout-flow wp-block-column-is-layout-flow\" style=\"flex-basis:40%\">\n<figure class=\"wp-block-image size-large img-portrait\"><img decoding=\"async\" src=\"https:\/\/photos.smugmug.com\/photos\/i-8CWB9pT\/0\/d5c04374\/L\/i-8CWB9pT-L.jpg\" alt=\"Hotel Best Western Plus le Moderne\" title=\"\"\/><\/figure>\n<\/div>\n<\/div>\n\n\n\n<hr class=\"wp-block-separator has-text-color has-alpha-channel-opacity has-background is-style-wide hr-box-planif\" style=\"background-color:#ccd3dd;color:#ccd3dd\"\/>\n\n\n\n<div class=\"wp-block-columns box_sans_border is-layout-flex wp-container-core-columns-is-layout-9d6595d7 wp-block-columns-is-layout-flex\">\n<div class=\"wp-block-column texte_planif is-layout-flow wp-block-column-is-layout-flow\" style=\"font-size:14px;flex-basis:60%\">\n<p style=\"font-size:16px;\" class=\"option_titre\"><strong><span>Opci\u00f3n 2:<\/span> a Ouistreham  <\/strong><\/p>\n\n\n\n<p style=\"font-size:14px\">Para dormir en el campo o cerca de la playa (de 15 a 20 minutos de Rouen). Le recomendamos..:<\/p>\n\n\n\n<ul class=\"wp-block-list\">\n<li style=\"font-size:14px\"><strong>H\u00f4tel Manoir Hastings<\/strong> y sus casas de piedra &#8211; <a href=\"https:\/\/www.booking.com\/hotel\/fr\/manoir-39-hastings.html?aid=2281719\" target=\"_blank\" rel=\"noreferrer noopener sponsored nofollow\">ver precios, fotos y disponibilidad<\/a>.<\/li>\n\n\n\n<li style=\"font-size:14px\"><strong>Hotel La Mare \u00d4 Poissons<\/strong> y su piscina &#8211; <a href=\"https:\/\/www.booking.com\/hotel\/fr\/best-western-la-mare-o-poissons.html?aid=2281719\" target=\"_blank\" rel=\"noreferrer noopener sponsored nofollow\">ver precios, fotos y disponibilidad<\/a><\/li>\n<\/ul>\n<\/div>\n\n\n\n<div class=\"wp-block-column is-vertically-aligned-top planif-radius is-layout-flow wp-block-column-is-layout-flow\" style=\"flex-basis:40%\">\n<figure class=\"wp-block-image size-large img-portrait\"><img decoding=\"async\" src=\"https:\/\/photos.smugmug.com\/photos\/i-8MQh24Z\/1\/73bcc13c\/L\/i-8MQh24Z-L.jpg\" alt=\"Mansi&#xF3;n Hastings\" title=\"\"\/><\/figure>\n<\/div>\n<\/div>\n\n\n\n<hr class=\"wp-block-separator has-text-color has-alpha-channel-opacity has-background is-style-wide hr-box-planif\" style=\"background-color:#ccd3dd;color:#ccd3dd\"\/>\n\n\n\n<div class=\"wp-block-columns box_sans_border is-layout-flex wp-container-core-columns-is-layout-9d6595d7 wp-block-columns-is-layout-flex\">\n<div class=\"wp-block-column texte_planif is-layout-flow wp-block-column-is-layout-flow\" style=\"font-size:14px;flex-basis:60%\">\n<p style=\"font-size:16px;\" class=\"option_titre\"><strong><span>Opci\u00f3n 3:<\/span> cerca del puerto o de la estaci\u00f3n<\/strong><\/p>\n\n\n\n<p style=\"font-size:14px\">Le recomendamos..:<\/p>\n\n\n\n<ul class=\"wp-block-list\">\n<li style=\"font-size:14px\"><strong>Hotel Campanile<\/strong> junto a la estaci\u00f3n &#8211; <a href=\"https:\/\/www.booking.com\/hotel\/fr\/inter-hotel-caen-de-france.html?aid=2281719\" target=\"_blank\" rel=\"noreferrer noopener sponsored nofollow\">ver precios, fotos y disponibilidad<\/a>.<\/li>\n<\/ul>\n<\/div>\n\n\n\n<div class=\"wp-block-column is-vertically-aligned-top planif-radius is-layout-flow wp-block-column-is-layout-flow\" style=\"flex-basis:40%\">\n<figure class=\"wp-block-image size-large img-portrait\"><img decoding=\"async\" src=\"https:\/\/photos.smugmug.com\/Normandie-Lovers\/n-r2MKTJ\/Caen\/Ou-dormir\/i-dJFXtL3\/0\/c74c4f09\/L\/Caen_Hotel_Campanile_salon-L.jpg\" alt=\"Hotel Campanile Gare Caen\" title=\"\"\/><\/figure>\n<\/div>\n<\/div>\n\n\n\n<p class=\"has-text-align-center liste_hotel\" style=\"font-size:14px\"><a href=\"https:\/\/normandielovers.fr\/es\/mejor-hotel-caen-donde-alojarse-barrios\/\" target=\"_blank\" rel=\"noreferrer noopener\">Vea todas nuestras opiniones sobre los mejores hoteles de Caen<\/a><\/p>\n\n\n\n<div class=\"wp-block-buttons planif_bouton is-content-justification-center is-layout-flex wp-container-core-buttons-is-layout-16018d1d wp-block-buttons-is-layout-flex\">\n<div class=\"wp-block-button has-custom-font-size\" style=\"font-size:14px\"><a class=\"wp-block-button__link has-white-color has-text-color wp-element-button\" href=\"https:\/\/www.booking.com\/searchresults.html?city=-1416098&amp;nflt=review_score%253D90%253Breview_score%253D80&amp;aid=2281719&amp;no_rooms=1&amp;group_adults=2\" style=\"border-radius:4px\" target=\"_blank\" rel=\"noreferrer noopener\">Ver todos los hoteles disponibles  <strong><img decoding=\"async\" class=\"wp-image-3266 img_fleche\" style=\"width: 16px;  \" src=\"https:\/\/corsicalovers.fr\/wp-content\/uploads\/2023\/03\/ArrowRight.png\" alt=\"flecha\"\/><\/strong><\/a><\/div>\n<\/div>\n<\/div><\/div><\/div>\n\n<h2 class=\"wp-block-heading\">Los edificios mon\u00e1sticos<\/h2>\n\n<h3 class=\"wp-block-heading\">La sala capitular y la sala de calderas<\/h3>\n\n<p>La visita comienza en los edificios mon\u00e1sticos. Pronto nos encontramos en nuestra sala favorita, la sala capitular. Era un lugar importante cuando los monjes viv\u00edan en la abad\u00eda: se reun\u00edan para tomar decisiones sobre el funcionamiento de la abad\u00eda, confesaban sus faltas y escuchaban la lectura de un cap\u00edtulo de la Regla de San Benito. Esta regla sigue rigiendo la vida de los monjes benedictinos en la actualidad. Capilla del liceo, luego capellan\u00eda a principios del siglo XX, \u00a1esta sala es ahora el sal\u00f3n de bodas del Ayuntamiento!<\/p>\n\n<figure class=\"wp-block-image size-large\"><img decoding=\"async\" src=\"https:\/\/photos.smugmug.com\/Travel\/Normandie\/R20e-Abbaye-Hommes\/i-66CxngD\/4\/e4341faa\/L\/abbaye_hommes_caen_Normandie-4492-L.jpg\" alt=\"Vista de la sala capitular.  \"\/><\/figure>\n\n<p>Entonces descubrimos una habitaci\u00f3n poco habitual: el \u00abchauffoir\u00bb. La Regla de San Benito excluye la comodidad de la vida de los monjes. La abad\u00eda no tiene chimeneas, excepto en esta sala. La sala de calefacci\u00f3n se dise\u00f1\u00f3 para mantener calientes a los monjes en invierno.<\/p>\n<div class=\"wp-block-image\">\n<figure class=\"aligncenter size-large\"><img decoding=\"async\" src=\"https:\/\/photos.smugmug.com\/Travel\/Normandie\/R20e-Abbaye-Hommes\/i-bKcHQXB\/4\/1edd3c11\/L\/abbaye_hommes_caen_Normandie-4494-L.jpg\" alt=\"Vista de la sala de calderas.  \"\/><\/figure>\n<\/div>\n<h3 class=\"wp-block-heading\">El claustro<\/h3>\n\n<p>Nos dirigimos al claustro. Coraz\u00f3n de la abad\u00eda, es tambi\u00e9n el coraz\u00f3n de la visita, ya que este patio cuadrado conduce a las principales salas del monumento. Una galer\u00eda abovedada rodea el patio. Fue construido en el siglo XVIII por un monje de la abad\u00eda llamado Guillaume de la Tremblaye. La arquitectura es muy sobria, de estilo toscano, con arcos de medio punto que descansan sobre columnas macizas. Nos pareci\u00f3 que esta sobriedad combinaba perfectamente con la nave rom\u00e1nica de la iglesia abacial.<\/p>\n\n<figure class=\"wp-block-image size-large\"><img decoding=\"async\" src=\"https:\/\/photos.smugmug.com\/Travel\/Normandie\/R20e-Abbaye-Hommes\/i-4gBcHKm\/4\/f3d34c7f\/L\/abbaye_hommes_caen_Normandie-4514-L.jpg\" alt=\"Vista de una galer&#xED;a del claustro.  \"\/><\/figure>\n\n<p>Admiramos el jard\u00edn situado en el centro del claustro. Este jard\u00edn franc\u00e9s altamente geom\u00e9trico se inspira en los jardines de Le N\u00f4tre, que dise\u00f1\u00f3 los jardines del castillo de Versalles. Se instal\u00f3 cuando se restaur\u00f3 la abad\u00eda en los a\u00f1os sesenta. En el siglo XIX se utiliz\u00f3 como campo de ejercicios y zona de paseo para los alumnos de secundaria.<\/p>\n\n<figure class=\"wp-block-image size-large\"><img decoding=\"async\" src=\"https:\/\/photos.smugmug.com\/Travel\/Normandie\/R20e-Abbaye-Hommes\/i-W3ZHKWH\/4\/f18eb8bb\/L\/abbaye_hommes_caen_Normandie-4519-L.jpg\" alt=\"Vista del claustro y su jard&#xED;n.  \"\/><\/figure>\n\n<h3 class=\"wp-block-heading\">La Gran Escalera y el refectorio<\/h3>\n\n<p>El claustro sirve al ala del refectorio. Nos quedamos at\u00f3nitos ante la gran escalera. Esta escalera suspendida, que data de la segunda mitad del siglo XVIII, permit\u00eda a los monjes acceder a sus celdas, a la enfermer\u00eda y a la biblioteca. Esta hermosa escalera cuenta con elegantes barandillas de hierro forjado y est\u00e1 construida seg\u00fan el principio de la \u00abestereotom\u00eda\u00bb: \u00a1las piedras, de diferentes tama\u00f1os, sostienen la b\u00f3veda por la presi\u00f3n que ejercen unas sobre otras!<\/p>\n\n<figure class=\"wp-block-image size-large\"><img decoding=\"async\" src=\"https:\/\/photos.smugmug.com\/Travel\/Normandie\/R20e-Abbaye-Hommes\/i-fv9CTtX\/4\/8a99c4f0\/L\/abbaye_hommes_caen_Normandie-4532-L.jpg\" alt=\"Vista de la Gran Escalera.  \"\/><\/figure>\n\n<p>La escalera conduce a la sala m\u00e1s grande y rica del recorrido: el refectorio. Nos sorprendi\u00f3 el tama\u00f1o de la habitaci\u00f3n (30 m de largo y 9 m de ancho). De hecho, \u00a1s\u00f3lo hab\u00eda unos treinta monjes comiendo all\u00ed en el siglo XVIII! Este tama\u00f1o puede explicarse por el voto de silencio, que prohib\u00eda a los monjes comer cara a cara. Los monjes pod\u00edan escuchar textos religiosos y admirar las pinturas b\u00edblicas de las paredes. Refectorio y sala de ex\u00e1menes durante la \u00e9poca del liceo, luego hospital en junio y julio de 1944, el refectorio es hoy una sala de recepci\u00f3n del ayuntamiento.<\/p>\n\n<figure class=\"wp-block-image size-large\"><img decoding=\"async\" src=\"https:\/\/photos.smugmug.com\/Travel\/Normandie\/R20e-Abbaye-Hommes\/i-8PHqX38\/4\/c73a64b5\/L\/abbaye_hommes_caen_Normandie-5995-L.jpg\" alt=\"Vista del refectorio.  \"\/><\/figure>\n\n<p>Antes de abandonar los edificios del convento, no olvide visitar el scriptorium de la planta baja, \u00a1que es la sala de exposiciones temporales!<\/p>\n\n<div style=\"background-color:#fefefe;margin-top:8%;margin-bottom:8%\" class=\"wp-block-genesis-blocks-gb-container box gb-block-container\"><div class=\"gb-container-inside\"><div class=\"gb-container-content\" style=\"max-width:700px\">\n<div class=\"wp-block-columns inverse is-layout-flex wp-container-core-columns-is-layout-9d6595d7 wp-block-columns-is-layout-flex\">\n<div class=\"wp-block-column texte_planif is-layout-flow wp-block-column-is-layout-flow\" style=\"flex-basis:58%\">\n<h5 class=\"titre_box\" style=\"padding-top:10px\">UTILICE NUESTRA GU\u00cdA PARA PLANIFICAR UN  <br\/><span>VIAJE DE ENSUE\u00d1O<\/span> A <span class=\"titre_box_manuscrit\">Normand\u00eda<\/span><\/h5>\n\n\n\n<div class=\"wp-block-genesis-blocks-gb-container gb-block-container\"><div class=\"gb-container-inside\"><div class=\"gb-container-content\">\n<p style=\"font-size:14px\">Toda la informaci\u00f3n que necesita para su viaje:<\/p>\n<\/div><\/div><\/div>\n\n\n\n<div class=\"wp-block-genesis-blocks-gb-container gb-block-container\"><div class=\"gb-container-inside\"><div class=\"gb-container-content\"><\/div><\/div><\/div>\n\n\n\n<ul style=\"font-size:14px\" id=\"liste_discover\" class=\"wp-block-list\">\n<li>8 mapas que facilitan la planificaci\u00f3n<\/li>\n\n\n\n<li>M\u00e1s de 160 lugares preseleccionados<\/li>\n\n\n\n<li>Consejos pr\u00e1cticos<\/li>\n\n\n\n<li>M\u00e1s de 300 fotos para ayudarle a elegir<\/li>\n<\/ul>\n\n\n\n<div class=\"wp-block-buttons has-custom-font-size bouton_10 is-content-justification-center is-layout-flex wp-container-core-buttons-is-layout-14c487f4 wp-block-buttons-is-layout-flex\" style=\"font-size:13px\">\n<div class=\"wp-block-button has-custom-font-size\" style=\"font-size:14px\"><a class=\"wp-block-button__link has-white-color has-text-color wp-element-button\" href=\"https:\/\/normandielovers.fr\/es\/ebook-guia-road-trip-normandia\/\" style=\"border-radius:4px\" target=\"_blank\" rel=\"noreferrer noopener\">Descubra >><\/a><\/div>\n<\/div>\n<\/div>\n\n\n\n<div class=\"wp-block-column is-layout-flow wp-block-column-is-layout-flow\" style=\"flex-basis:42%\">\n<div class=\"wp-block-genesis-blocks-gb-container ebook-radius gb-block-container\"><div class=\"gb-container-inside\"><div class=\"gb-container-content\"><div class=\"wp-block-image ebook-image\">\n<figure class=\"aligncenter size-large is-resized\"><img decoding=\"async\" src=\"https:\/\/normandielovers.fr\/wp-content\/uploads\/2023\/03\/Box-Ebook-Normandia-ES.png\" alt=\"Box Ebook C\u00f3rcega FR\" style=\"width:203px;height:157px\"\/><\/figure>\n<\/div><\/div><\/div><\/div>\n<\/div>\n<\/div>\n<\/div><\/div><\/div>\n\n<h2 class=\"wp-block-heading\">Iglesia de Saint-\u00c9tienne<\/h2>\n\n<h3 class=\"wp-block-heading\">Arquitectura exterior t\u00edpicamente normanda<\/h3>\n\n<p>Una vez terminada nuestra visita a los edificios del monasterio, salimos al exterior para ver mejor la iglesia o abad\u00eda de Saint-Etienne. Destaca su arquitectura exterior. T\u00edpicamente normanda, es el primer ejemplo de la \u00abfachada arm\u00f3nica normanda\u00bb, un estilo de fachada que dominar\u00eda las iglesias de Occidente, como la bas\u00edlica de Saint-Denis. Consta de 2 torres sim\u00e9tricas, alineadas con la puerta principal de la nave. Nos llam\u00f3 la atenci\u00f3n el aspecto macizo pero despejado de la fachada, que se eleva sobre 3 plantas. En el nivel superior, la iglesia est\u00e1 m\u00e1s ornamentada, con 2 hermosas agujas g\u00f3ticas del siglo XIII.<\/p>\n\n<figure class=\"wp-block-image size-large\"><img decoding=\"async\" src=\"https:\/\/photos.smugmug.com\/Travel\/Normandie\/R20e-Abbaye-Hommes\/i-85wwqDd\/4\/bf06fdd5\/L\/abbaye_hommes_caen_Normandie-5998-L.jpg\" alt=\"Vista de la fachada de la iglesia.  \"\/><\/figure>\n\n<p>Nos dirigimos hacia el chevet donde se encuentra la entrada. Data del siglo XIII y fue reconstruida en el siglo XVII tras el derrumbe de su torre linterna. Nos fijamos en sus 4 campanarios rematados con agujas, bastante parecidos a los que hab\u00edamos visto en <a href=\"https:\/\/normandielovers.fr\/es\/catedral-notre-dame-bayeux\/\" target=\"_blank\" rel=\"noreferrer noopener\">la catedral de Bayeux<\/a>.<\/p>\n\n<figure class=\"wp-block-image size-large\"><img decoding=\"async\" src=\"https:\/\/photos.smugmug.com\/Travel\/Normandie\/R20e-Abbaye-Hommes\/i-63Sq8Cx\/4\/7b37e881\/L\/abbaye_hommes_caen_Normandie-5990-L.jpg\" alt=\"Vista del chevet de la iglesia.  \"\/><\/figure>\n\n<h3 class=\"wp-block-heading\">Un interior rom\u00e1nico y g\u00f3tico<\/h3>\n\n<p>A continuaci\u00f3n, salimos a descubrir el interior de esta hermosa iglesia. No nos decepcion\u00f3, ya que pudimos admirar tanto elementos g\u00f3ticos como rom\u00e1nicos, sobre todo en la nave. De 56 m de longitud, tiene 3 niveles. Este \u00faltimo, con sus altas ventanas, proporciona al edificio mucha luz. En este nivel, una galer\u00eda conocida como la \u00abcoursi\u00e8re\u00bb conduce alrededor de la iglesia abacial. Observe de cerca las b\u00f3vedas sexpartitas de la nave: datan de principios del siglo XII y tienen fama de ser las b\u00f3vedas de crucer\u00eda m\u00e1s antiguas de Francia. Han inspirado la arquitectura de muchos otros monumentos, como la catedral de Durham en Inglaterra.<\/p>\n\n<figure class=\"wp-block-image size-large\"><img decoding=\"async\" src=\"https:\/\/photos.smugmug.com\/Travel\/Normandie\/R20e-Abbaye-Hommes\/i-S5mHcW4\/4\/aa512c45\/L\/abbaye_hommes_caen_Normandie-5997-L.jpg\" alt=\"Vista de la nave.\"\/><\/figure>\n\n<p>Recorra la nave y no olvide mirar hacia el crucero del transepto. Ver\u00e1 una sublime b\u00f3veda de crucer\u00eda que sostiene una torre de linterna cuadrada en dos niveles.<\/p>\n\n<figure class=\"wp-block-image size-large\"><img decoding=\"async\" src=\"https:\/\/photos.smugmug.com\/Travel\/Normandie\/R20e-Abbaye-Hommes\/i-McKbSC5\/4\/fb2c6d69\/L\/abbaye_hommes_caen_Normandie-4546-L.jpg\" alt=\"Vista del crucero del transepto.  \"\/><\/figure>\n\n<h3 class=\"wp-block-heading\">Muebles, esculturas y la tumba de Guillermo el Conquistador<\/h3>\n\n<p>La decoraci\u00f3n de la iglesia es bastante limitada. Se concentra principalmente en los capiteles, que fueron restaurados en los siglos XVII y XVIII. Vimos capiteles con hojas, otros con tracer\u00eda y finalmente capiteles historiados, con dragones por ejemplo, influidos por los ejemplos angloescandinavos. Datan del siglo XII, al igual que el coro, a cuyos pies se encuentra la tumba de Guillermo el Conquistador. La l\u00e1pida del siglo XIX es muy sencilla, ya que el monumento original fue destruido a lo largo de los siglos.<\/p>\n\n<figure class=\"wp-block-image size-large\"><img decoding=\"async\" src=\"https:\/\/photos.smugmug.com\/Travel\/Normandie\/R20e-Abbaye-Hommes\/i-96pW7L9\/4\/724cd694\/L\/abbaye_hommes_caen_Normandie-5996-L.jpg\" alt=\"Vista de la nave desde el lado del &#xF3;rgano.  \"\/><\/figure>\n\n<p>Luego fue el \u00f3rgano el que llam\u00f3 nuestra atenci\u00f3n. Nos pareci\u00f3 muy atractivo su aparador del siglo XVIII, que descansa sobre 2 cari\u00e1tides. Por \u00faltimo, observamos algunos muebles notables, la mayor\u00eda de los cuales est\u00e1n protegidos como monumentos hist\u00f3ricos. No se pierda el reloj del crucero.<\/p>\n\n<div style=\"margin-top:8%;margin-bottom:8%\" class=\"wp-block-genesis-blocks-gb-container box gb-block-container\"><div class=\"gb-container-inside\"><div class=\"gb-container-content\">\n<div style=\"background-color:#fefefe;margin-top:6%;margin-bottom:6%\" class=\"wp-block-genesis-blocks-gb-container box gb-block-container\"><div class=\"gb-container-inside\"><div class=\"gb-container-content\" style=\"max-width:700px\">\n<div class=\"wp-block-columns inverse is-layout-flex wp-container-core-columns-is-layout-9d6595d7 wp-block-columns-is-layout-flex\">\n<div class=\"wp-block-column texte_planif is-layout-flow wp-block-column-is-layout-flow\" style=\"flex-basis:58%\">\n<h5 class=\"titre_box\">Reciba nuestro <span class=\"titre_box_manuscrit\">bolet\u00edn<\/span><\/h5>\n\n\n\n<ul class=\"wp-block-list\">\n<li>\u00a1Un soplo de aire fresco en su vida cotidiana en los bellos destinos de Region Lovers!<\/li>\n\n\n\n<li>Una vez al mes<\/li>\n\n\n\n<li>Sin publicidad<\/li>\n<\/ul>\n\n\n\n                <div class='gf_browser_gecko gform_wrapper gravity-theme gform-theme--no-framework waitlist_wrapper' data-form-theme='gravity-theme' data-form-index='0' id='gform_wrapper_3' >\n                        <div class='gform_heading'>\n                            <p class='gform_description'><\/p>\n                        <\/div><form method='post' enctype='multipart\/form-data'  id='gform_3' class='waitlist' action='\/es\/wp-json\/wp\/v2\/posts\/9971' data-formid='3' novalidate> \r\n <input type='hidden' class='gforms-pum' value='{\"closepopup\":false,\"closedelay\":0,\"openpopup\":false,\"openpopup_id\":0}' \/>\n                        <div class='gform-body gform_body'><div id='gform_fields_3' class='gform_fields top_label form_sublabel_below description_below validation_below'><div id=\"field_3_5\" class=\"gfield gfield--type-honeypot gform_validation_container field_sublabel_below gfield--has-description field_description_below field_validation_below gfield_visibility_visible\"  ><label class='gfield_label gform-field-label' for='input_3_5'>URL<\/label><div class='ginput_container'><input name='input_5' id='input_3_5' type='text' value='' autocomplete='new-password'\/><\/div><div class='gfield_description' id='gfield_description_3_5'>Este campo es un campo de validaci\u00f3n y debe quedar sin cambios.<\/div><\/div><div id=\"field_3_1\" class=\"gfield gfield--type-email gfield--input-type-email gfield_contains_required field_sublabel_below gfield--no-description field_description_below hidden_label field_validation_below gfield_visibility_visible\"  ><label class='gfield_label gform-field-label' for='input_3_1'>E-mail<span class=\"gfield_required\"><span class=\"gfield_required gfield_required_text\">(Obligatorio)<\/span><\/span><\/label><div class='ginput_container ginput_container_email'>\n                            <input name='input_1' id='input_3_1' type='email' value='' class='large'    aria-required=\"true\" aria-invalid=\"false\"  \/>\n                        <\/div><\/div><fieldset id=\"field_3_3\" class=\"gfield gfield--type-consent gfield--type-choice gfield--input-type-consent gfield_contains_required field_sublabel_below gfield--no-description field_description_below hidden_label field_validation_below gfield_visibility_visible\"  ><legend class='gfield_label gform-field-label gfield_label_before_complex' >RGPD<span class=\"gfield_required\"><span class=\"gfield_required gfield_required_text\">(Obligatorio)<\/span><\/span><\/legend><div class='ginput_container ginput_container_consent'><input name='input_3.1' id='input_3_3_1' type='checkbox' value='1'   aria-required=\"true\" aria-invalid=\"false\"   \/> <label class=\"gform-field-label gform-field-label--type-inline gfield_consent_label\" for='input_3_3_1' >S\u00ed, deseo suscribirme al bolet\u00edn mensual<span class=\"gfield_required gfield_required_text\">(Obligatorio)<\/span><\/label><input type='hidden' name='input_3.2' value='S\u00ed, deseo suscribirme al bolet\u00edn mensual' class='gform_hidden' \/><input type='hidden' name='input_3.3' value='1' class='gform_hidden' \/><\/div><\/fieldset><div id=\"field_3_4\" class=\"gfield gfield--type-website gfield--input-type-website gfield--width-full field_sublabel_below gfield--no-description field_description_below field_validation_below gfield_visibility_hidden\"  ><div class=\"admin-hidden-markup\"><i class=\"gform-icon gform-icon--hidden\" aria-hidden=\"true\" title=\"Este campo est\u00e1 oculto cuando se visualiza el formulario\"><\/i><span>Este campo est\u00e1 oculto cuando se visualiza el formulario<\/span><\/div><label class='gfield_label gform-field-label' for='input_3_4'>Site Web<\/label><div class='ginput_container ginput_container_website'>\n                    <input name='input_4' id='input_3_4' type='url' value='https:\/\/normandielovers.fr\/es\/wp-json\/wp\/v2\/posts\/9971' class='large'    placeholder='https:\/\/'  aria-invalid=\"false\" \/>\n                <\/div><\/div><\/div><\/div>\n        <div class='gform-footer gform_footer top_label'> <input type='submit' id='gform_submit_button_3' class='gform_button button' onclick='gform.submission.handleButtonClick(this);' data-submission-type='submit' value='Suscribirse'  \/> \n            <input type='hidden' class='gform_hidden' name='gform_submission_method' data-js='gform_submission_method_3' value='postback' \/>\n            <input type='hidden' class='gform_hidden' name='gform_theme' data-js='gform_theme_3' id='gform_theme_3' value='gravity-theme' \/>\n            <input type='hidden' class='gform_hidden' name='gform_style_settings' data-js='gform_style_settings_3' id='gform_style_settings_3' value='{&quot;inputPrimaryColor&quot;:&quot;#204ce5&quot;}' \/>\n            <input type='hidden' class='gform_hidden' name='is_submit_3' value='1' \/>\n            <input type='hidden' class='gform_hidden' name='gform_submit' value='3' \/>\n            \n            <input type='hidden' class='gform_hidden' name='gform_currency' data-currency='EUR' value='PrRe6f3oo0XOIR2UzkEnFA\/GOmqnx0Q6eD1KCPI7vg9iM5nIOQCHM2sp1pu\/TSXMRF9m0af2WSMa1T4ro2xoIPJ4gn\/k+C07q5fLL9PEfFg9RKY=' \/>\n            <input type='hidden' class='gform_hidden' name='gform_unique_id' value='' \/>\n            <input type='hidden' class='gform_hidden' name='state_3' value='WyJ7XCIzLjFcIjpcIjMxNjA2NDljOTQ4ZTZmNmVjNWZiNTY0Nzg5MTJjNGRkXCIsXCIzLjJcIjpcImU1YWIzNmNmZGFiMTM3NGU4ZTRlZmRiY2MwZTU4ZGI0XCIsXCIzLjNcIjpcIjMxNjA2NDljOTQ4ZTZmNmVjNWZiNTY0Nzg5MTJjNGRkXCJ9IiwiYTFiODQ0NmJlOWQ2YjYyNTI4NzNhOTA2MjJmNTc2NTYiXQ==' \/>\n            <input type='hidden' autocomplete='off' class='gform_hidden' name='gform_target_page_number_3' id='gform_target_page_number_3' value='0' \/>\n            <input type='hidden' autocomplete='off' class='gform_hidden' name='gform_source_page_number_3' id='gform_source_page_number_3' value='1' \/>\n            <input type='hidden' name='gform_field_values' value='' \/>\n            \n        <\/div>\n                        <\/form>\n                        <\/div><script>\ngform.initializeOnLoaded( function() {gformInitSpinner( 3, 'https:\/\/normandielovers.fr\/wp-content\/plugins\/gravityforms\/images\/spinner.svg', true );jQuery('#gform_ajax_frame_3').on('load',function(){var contents = jQuery(this).contents().find('*').html();var is_postback = contents.indexOf('GF_AJAX_POSTBACK') >= 0;if(!is_postback){return;}var form_content = jQuery(this).contents().find('#gform_wrapper_3');var is_confirmation = jQuery(this).contents().find('#gform_confirmation_wrapper_3').length > 0;var is_redirect = contents.indexOf('gformRedirect(){') >= 0;var is_form = form_content.length > 0 && ! is_redirect && ! is_confirmation;var mt = parseInt(jQuery('html').css('margin-top'), 10) + parseInt(jQuery('body').css('margin-top'), 10) + 100;if(is_form){jQuery('#gform_wrapper_3').html(form_content.html());if(form_content.hasClass('gform_validation_error')){jQuery('#gform_wrapper_3').addClass('gform_validation_error');} else {jQuery('#gform_wrapper_3').removeClass('gform_validation_error');}setTimeout( function() { \/* delay the scroll by 50 milliseconds to fix a bug in chrome *\/  }, 50 );if(window['gformInitDatepicker']) {gformInitDatepicker();}if(window['gformInitPriceFields']) {gformInitPriceFields();}var current_page = jQuery('#gform_source_page_number_3').val();gformInitSpinner( 3, 'https:\/\/normandielovers.fr\/wp-content\/plugins\/gravityforms\/images\/spinner.svg', true );jQuery(document).trigger('gform_page_loaded', [3, current_page]);window['gf_submitting_3'] = false;}else if(!is_redirect){var confirmation_content = jQuery(this).contents().find('.GF_AJAX_POSTBACK').html();if(!confirmation_content){confirmation_content = contents;}jQuery('#gform_wrapper_3').replaceWith(confirmation_content);jQuery(document).trigger('gform_confirmation_loaded', [3]);window['gf_submitting_3'] = false;wp.a11y.speak(jQuery('#gform_confirmation_message_3').text());}else{jQuery('#gform_3').append(contents);if(window['gformRedirect']) {gformRedirect();}}jQuery(document).trigger(\"gform_pre_post_render\", [{ formId: \"3\", currentPage: \"current_page\", abort: function() { this.preventDefault(); } }]);        if (event && event.defaultPrevented) {                return;        }        const gformWrapperDiv = document.getElementById( \"gform_wrapper_3\" );        if ( gformWrapperDiv ) {            const visibilitySpan = document.createElement( \"span\" );            visibilitySpan.id = \"gform_visibility_test_3\";            gformWrapperDiv.insertAdjacentElement( \"afterend\", visibilitySpan );        }        const visibilityTestDiv = document.getElementById( \"gform_visibility_test_3\" );        let postRenderFired = false;        function triggerPostRender() {            if ( postRenderFired ) {                return;            }            postRenderFired = true;            gform.core.triggerPostRenderEvents( 3, current_page );            if ( visibilityTestDiv ) {                visibilityTestDiv.parentNode.removeChild( visibilityTestDiv );            }        }        function debounce( func, wait, immediate ) {            var timeout;            return function() {                var context = this, args = arguments;                var later = function() {                    timeout = null;                    if ( !immediate ) func.apply( context, args );                };                var callNow = immediate && !timeout;                clearTimeout( timeout );                timeout = setTimeout( later, wait );                if ( callNow ) func.apply( context, args );            };        }        const debouncedTriggerPostRender = debounce( function() {            triggerPostRender();        }, 200 );        if ( visibilityTestDiv && visibilityTestDiv.offsetParent === null ) {            const observer = new MutationObserver( ( mutations ) => {                mutations.forEach( ( mutation ) => {                    if ( mutation.type === 'attributes' && visibilityTestDiv.offsetParent !== null ) {                        debouncedTriggerPostRender();                        observer.disconnect();                    }                });            });            observer.observe( document.body, {                attributes: true,                childList: false,                subtree: true,                attributeFilter: [ 'style', 'class' ],            });        } else {            triggerPostRender();        }    } );} );\n<\/script>\n<\/div>\n\n\n\n<div class=\"wp-block-column is-layout-flow wp-block-column-is-layout-flow\" style=\"flex-basis:42%\">\n<div class=\"wp-block-genesis-blocks-gb-container aligncenter newsletter-radius gb-block-container\"><div class=\"gb-container-inside\"><div class=\"gb-container-content\"><div class=\"wp-block-image newsletter-image\">\n<figure class=\"aligncenter size-full\"><img loading=\"lazy\" decoding=\"async\" width=\"729\" height=\"792\" src=\"https:\/\/normandielovers.fr\/wp-content\/uploads\/2024\/01\/newsletter_FR_2.png\" alt=\"\" class=\"wp-image-12777\" srcset=\"https:\/\/normandielovers.fr\/wp-content\/uploads\/2024\/01\/newsletter_FR_2.png 729w, https:\/\/normandielovers.fr\/wp-content\/uploads\/2024\/01\/newsletter_FR_2-276x300.png 276w\" sizes=\"auto, (max-width: 729px) 100vw, 729px\" \/><\/figure>\n<\/div><\/div><\/div><\/div>\n<\/div>\n<\/div>\n<\/div><\/div><\/div>\n<\/div><\/div><\/div>\n\n<h2 class=\"wp-block-heading\">La historia en breve<\/h2>\n\n<p>La Abbaye-aux-Hommes ha tenido una historia agitada. Se construy\u00f3 tras el matrimonio de Guillermo el Conquistador, duque de Normand\u00eda y rey de Inglaterra, con su prima Matilde de Flandes, que no fue aprobado por la Iglesia. Para obtener el perd\u00f3n del Papa, la pareja construy\u00f3 la Abbaye-aux-Hommes y la Abbaye-aux-Dames respectivamente, donde eligieron ser enterrados. La construcci\u00f3n de estas abad\u00edas tambi\u00e9n sirvi\u00f3 para consolidar la autoridad del duque sobre la Baja Normand\u00eda, convirtiendo a Caen en una capital secundaria despu\u00e9s de Rouen. Construida entre 1065 y 1083, la abad\u00eda fue consagrada en 1066, a\u00f1o de la coronaci\u00f3n de Guillermo el Conquistador. Para saber m\u00e1s sobre este rey de Inglaterra, no dude en leer nuestro art\u00edculo dedicado a una visita al <a href=\"https:\/\/normandielovers.fr\/es\/visitar-museo-tapiz-bayeux\/\" target=\"_blank\" rel=\"noreferrer noopener\">Museo del Tapiz de Bayeux<\/a>, en el que aparece.<\/p>\n\n<figure class=\"wp-block-image size-large is-resized\"><img loading=\"lazy\" decoding=\"async\" src=\"https:\/\/photos.smugmug.com\/Travel\/Normandie\/R20e-Abbaye-Hommes\/i-3hHPg2H\/4\/10fc633e\/L\/abbaye_hommes_caen_Normandie-4538-L.jpg\" alt=\"Vista de la parte inferior del chevet.\" style=\"width:702px;height:467px\" width=\"702\" height=\"467\"\/><\/figure>\n\n<p>Las dos abad\u00edas estuvieron a punto de desaparecer durante la Guerra de los Cien A\u00f1os, sobre todo las torres de la fachada, que los franceses quer\u00edan destruir para evitar que los ingleses las utilizaran para dominar la ciudad. Se conservaron despu\u00e9s de que un monje traicionara las abad\u00edas al enemigo. Las abad\u00edas fueron saqueadas durante las Guerras de Religi\u00f3n. En 1566, la torre de la linterna y el coro se derrumbaron.<\/p>\n\n<figure class=\"wp-block-image size-large\"><img decoding=\"async\" src=\"https:\/\/photos.smugmug.com\/Travel\/Normandie\/R20e-Abbaye-Hommes\/i-v8Gw4CH\/4\/632a61f2\/L\/abbaye_hommes_caen_Normandie-4507-L.jpg\" alt=\"Vista de las torres.  \"\/><\/figure>\n\n<p>El siglo XVIII fue un periodo de reconstrucci\u00f3n pero tambi\u00e9n de creaci\u00f3n, con la aparici\u00f3n de una nueva residencia abacial y el desarrollo de la explanada. Durante la Revoluci\u00f3n Francesa, la ciudad compr\u00f3 la abad\u00eda e instal\u00f3 diversas oficinas administrativas. Bajo Napole\u00f3n I, la abad\u00eda se convirti\u00f3 en escuela secundaria. En 1944, la abad\u00eda se salv\u00f3 de los bombardeos aliados porque estaba ocupada por la Cruz Roja.<\/p>\n\n<figure class=\"wp-block-image size-large\"><img decoding=\"async\" src=\"https:\/\/photos.smugmug.com\/Travel\/Normandie\/R20e-Abbaye-Hommes\/i-KjJBpLX\/4\/56e37e5f\/L\/abbaye_hommes_caen_Normandie-4476-L.jpg\" alt=\"Vista del ayuntamiento.  \"\/><\/figure>\n\n<p>Tras la guerra, los edificios y la explanada fueron restaurados para albergar el ayuntamiento, que se traslad\u00f3 all\u00ed en 1965. Debido a esta funci\u00f3n, algunas partes de la abad\u00eda, que datan del siglo XIV, son inaccesibles durante las visitas abiertas. Entre ellas se encuentran la Sala de los Guardias, que alberga las reuniones del ayuntamiento, el Palacio Ducal, que alberga los archivos de la ciudad, y la biblioteca de arte dedicada al arte contempor\u00e1neo.<\/p>\n\n<div style=\"margin-top:8%;margin-bottom:8%\" class=\"wp-block-genesis-blocks-gb-container box gb-block-container\"><div class=\"gb-container-inside\"><div class=\"gb-container-content\" style=\"max-width:700px\">\n<div class=\"wp-block-genesis-blocks-gb-container box_titre gb-block-container\"><div class=\"gb-container-inside\"><div class=\"gb-container-content\">\n<h5 class=\"titre_box\"><span>PLANIFIQUE SU VIAJE<\/span> A <span class=\"titre_box_manuscrit\">Normand\u00eda<\/span><\/h5>\n<\/div><\/div><\/div>\n\n\n\n<hr class=\"wp-block-separator has-text-color has-alpha-channel-opacity has-background is-style-wide hr-box-planif\" style=\"background-color:#ccd3dd;color:#ccd3dd\"\/>\n\n\n\n<div class=\"wp-block-columns box_sans_border is-layout-flex wp-container-core-columns-is-layout-9d6595d7 wp-block-columns-is-layout-flex\">\n<div class=\"wp-block-column texte_planif is-layout-flow wp-block-column-is-layout-flow\" style=\"flex-basis:60%\">\n<p style=\"font-size:16px;margin-top:10px;\" class=\"option_titre2\"><strong><span><\/span>Destinos de inspiraci\u00f3n<\/strong><\/p>\n\n\n\n<ul class=\"wp-block-list\">\n<li style=\"font-size:14px\">Decidir <a href=\"https:\/\/normandielovers.fr\/es\/normandia-destinos\/\" target=\"_blank\" rel=\"noreferrer noopener\">d\u00f3nde ir en Normand\u00eda<\/a> &#8211; destinos principales<\/li>\n\n\n\n<li style=\"font-size:14px\">Nuestras ideas para el fin de semana: <a href=\"https:\/\/normandielovers.fr\/es\/ideeas-fin-semana-normandia\/\" target=\"_blank\" rel=\"noreferrer noopener\">lo mejor<\/a>, <a href=\"https:\/\/normandielovers.fr\/es\/idee-fin-semana-romantico-normandia\/\" target=\"_blank\" rel=\"noreferrer noopener\">rom\u00e1ntico<\/a>, <a href=\"https:\/\/normandielovers.fr\/es\/fin-semana-insolito-normandia\/\" target=\"_blank\" rel=\"noreferrer noopener\">ins\u00f3lito<\/a>, <a href=\"https:\/\/normandielovers.fr\/es\/fin-semana-mar-normandia\/\" target=\"_blank\" rel=\"noreferrer noopener\">junto al mar<\/a>, <a href=\"https:\/\/normandielovers.fr\/es\/fin-semana-lujo-normandia\/\" target=\"_blank\" rel=\"noreferrer noopener\">de lujo<\/a>, <a href=\"https:\/\/normandielovers.fr\/es\/ideas-fin-semana-familia-normandia\/\" target=\"_blank\" rel=\"noreferrer noopener\">en familia<\/a><\/li>\n\n\n\n<li style=\"font-size:14px\"><a href=\"https:\/\/normandielovers.fr\/es\/hotel-costeros-normandia-playa\/\" target=\"_blank\" rel=\"noreferrer noopener\">16 hoteles balnearios en Normand\u00eda<\/a><\/li>\n\n\n\n<li style=\"font-size:14px\"><a href=\"https:\/\/normandielovers.fr\/plus-beaux-hotels-charme-normandie-avis\/\" target=\"_blank\" rel=\"noreferrer noopener\">Los m\u00e1s bellos hoteles con encanto de Normand\u00eda<\/a><\/li>\n<\/ul>\n<\/div>\n\n\n\n<div class=\"wp-block-column is-vertically-aligned-top planif-radius is-layout-flow wp-block-column-is-layout-flow\" style=\"flex-basis:40%\">\n<figure class=\"wp-block-image size-large img-portrait\"><img decoding=\"async\" src=\"https:\/\/photos.smugmug.com\/Travel\/Normandie\/Honfleur\/i-9B7t4h8\/0\/768041c8\/L\/Honfleur_coucher_soleil-15-L.jpg\" alt=\"\" title=\"\"\/><\/figure>\n<\/div>\n<\/div>\n\n\n\n<hr class=\"wp-block-separator has-text-color has-alpha-channel-opacity has-background is-style-wide hr-box-planif\" style=\"background-color:#ccd3dd;color:#ccd3dd\"\/>\n\n\n\n<div class=\"wp-block-columns box_sans_border is-layout-flex wp-container-core-columns-is-layout-9d6595d7 wp-block-columns-is-layout-flex\">\n<div class=\"wp-block-column texte_planif is-layout-flow wp-block-column-is-layout-flow\" style=\"flex-basis:60%\">\n<p style=\"font-size:16px;margin-top:10px;\" class=\"option_titre\"><strong><span s=\"\"><\/span>  Lo mejor de<\/strong><\/p>\n\n\n\n<ul class=\"wp-block-list\">\n<li style=\"font-size:14px\"><a href=\"https:\/\/normandielovers.fr\/es\/que-ver-normandia\/\" target=\"_blank\" rel=\"noreferrer noopener\">Qu\u00e9 ver en Normand\u00eda<\/a><\/li>\n\n\n\n<li style=\"font-size:14px\"><a href=\"https:\/\/normandielovers.fr\/es\/mas-bellas-ciudades-normandia\/\" target=\"_blank\" rel=\"noreferrer noopener\">Las ciudades m\u00e1s bellas de Normand\u00eda<\/a><\/li>\n\n\n\n<li style=\"font-size:14px\"><a href=\"https:\/\/normandielovers.fr\/es\/mas-bellas-playas-normandia\/\" target=\"_blank\" rel=\"noreferrer noopener\">Las playas m\u00e1s bellas de Normand\u00eda<\/a><\/li>\n\n\n\n<li style=\"font-size:14px\"><a href=\"https:\/\/normandielovers.fr\/es\/mas-bonitos-pueblos-normandia\/\" target=\"_blank\" rel=\"noreferrer noopener\">Los pueblos m\u00e1s bonitos de Normand\u00eda<\/a><\/li>\n\n\n\n<li style=\"font-size:14px\"><a href=\"https:\/\/normandielovers.fr\/es\/castellos-normandia\/\" target=\"_blank\" rel=\"noreferrer noopener\">Los castillos m\u00e1s bellos de Normand\u00eda<\/a><\/li>\n\n\n\n<li style=\"font-size:14px\"><a href=\"https:\/\/normandielovers.fr\/es\/abadias-normandia\/\" target=\"_blank\" rel=\"noreferrer noopener\">Las abad\u00edas m\u00e1s bellas de Normand\u00eda<\/a><\/li>\n\n\n\n<li style=\"font-size:14px\">Lea nuestra gu\u00eda completa para <a href=\"https:\/\/normandielovers.fr\/es\/visita-mont-saint-michel-consejos\/\" target=\"_blank\" rel=\"noreferrer noopener\">visitar el Mont-Saint-Michel<\/a><\/li>\n\n\n\n<li style=\"font-size:14px\">Descubra los <a href=\"https:\/\/normandielovers.fr\/es\/desembarco-normandia-lugares-visitar\/\" target=\"_blank\" rel=\"noreferrer noopener\">lugares del Desembarco<\/a><\/li>\n<\/ul>\n<\/div>\n\n\n\n<div class=\"wp-block-column is-vertically-aligned-top planif-radius is-layout-flow wp-block-column-is-layout-flow\" style=\"flex-basis:40%\">\n<figure class=\"wp-block-image size-large img-portrait\"><img decoding=\"async\" src=\"https:\/\/photos.smugmug.com\/Travel\/Normandie\/Etretat-falaise-aval\/i-T9X65rq\/7\/d9bf1b0c\/L\/falaises_etretat_normandie-6956-L.jpg\" alt=\"\" title=\"\"\/><\/figure>\n<\/div>\n<\/div>\n\n\n\n<hr class=\"wp-block-separator has-text-color has-alpha-channel-opacity has-background is-style-wide hr-box-planif\" style=\"background-color:#ccd3dd;color:#ccd3dd\"\/>\n\n\n\n<div class=\"wp-block-columns box_sans_border is-layout-flex wp-container-core-columns-is-layout-9d6595d7 wp-block-columns-is-layout-flex\">\n<div class=\"wp-block-column texte_planif is-layout-flow wp-block-column-is-layout-flow\" style=\"flex-basis:60%\">\n<p style=\"font-size:16px;margin-top:10px;\" class=\"option_titre\"><strong><span><\/span>  Pr\u00e1ctica<\/strong><\/p>\n\n\n\n<ul class=\"wp-block-list\">\n<li style=\"font-size:14px\">D\u00f3nde <a href=\"https:\/\/normandielovers.fr\/es\/donde-dormir-normandia-mejores-hoteles\/\" target=\"_blank\" rel=\"noreferrer noopener\">alojarse en Normand\u00eda<\/a> &#8211; los mejores lugares y hoteles<\/li>\n\n\n\n<li style=\"font-size:14px\">Consulte nuestros consejos para alquilar un coche en los aeropuertos de <a href=\"https:\/\/normandielovers.fr\/es\/alquilar-coche-cdg-aeropuerto-paris\/\" target=\"_blank\" rel=\"noreferrer noopener\">CDG<\/a>, <a href=\"https:\/\/normandielovers.fr\/es\/alquilar-coche-orly-aeropuerto-paris\/\" target=\"_blank\" rel=\"noreferrer noopener\">Orly<\/a>, <a href=\"https:\/\/normandielovers.fr\/es\/alquilar-coche-beauvais-aeropuerto\/\" target=\"_blank\" rel=\"noreferrer noopener\">Beauvais<\/a>, <a href=\"https:\/\/normandielovers.fr\/es\/alquilar-coche-caen\/\" target=\"_blank\" rel=\"noreferrer noopener\">Caen<\/a>, <a href=\"https:\/\/normandielovers.fr\/es\/alquilar-coche-rouen-estacion-tren\/\" target=\"_blank\" rel=\"noreferrer noopener\">Rouen<\/a>, <a href=\"https:\/\/normandielovers.fr\/es\/alquilar-coche-bayeux\/\" target=\"_blank\" rel=\"noreferrer noopener\">Bayeux<\/a>&#8230;<\/li>\n<\/ul>\n<\/div>\n\n\n\n<div class=\"wp-block-column is-vertically-aligned-top planif-radius is-layout-flow wp-block-column-is-layout-flow\" style=\"flex-basis:40%\">\n<figure class=\"wp-block-image size-large img-portrait\"><img decoding=\"async\" src=\"https:\/\/photos.smugmug.com\/Normandie-Lovers\/Bayeux\/Ville\/i-7m2kFVR\/1\/ca62aa6c\/L\/Bayeux_ville-12-3-L.jpg\" alt=\"\" title=\"\"\/><\/figure>\n<\/div>\n<\/div>\n\n\n\n<div class=\"wp-block-buttons planif_bouton is-content-justification-center is-layout-flex wp-container-core-buttons-is-layout-16018d1d wp-block-buttons-is-layout-flex\">\n<div class=\"wp-block-button has-custom-font-size\" style=\"font-size:14px\"><a class=\"wp-block-button__link has-white-color has-text-color wp-element-button\" href=\"https:\/\/normandielovers.fr\/es\/road-trip-normandia-viaje-consejos\/\" style=\"border-radius:4px\" target=\"_blank\" rel=\"noreferrer noopener\">Ver todos nuestros consejos  <img decoding=\"async\" class=\"wp-image-3266 img_fleche\" style=\"width: 16px;  \" src=\"https:\/\/corsicalovers.fr\/wp-content\/uploads\/2023\/03\/ArrowRight.png\" alt=\"flecha\"\/><\/a><\/div>\n<\/div>\n\n\n\n<div class=\"wp-block-genesis-blocks-gb-container box-texte gb-block-container\"><div class=\"gb-container-inside\"><div class=\"gb-container-content\"><\/div><\/div><\/div>\n<\/div><\/div><\/div>\n\n<h2 class=\"wp-block-heading\">Preguntas frecuentes<\/h2>\n\n<h3 class=\"wp-block-heading\">\u00bfSigue funcionando la Abbaye-aux-Hommes?<\/h3>\n\n<p>La abad\u00eda ya no est\u00e1 ocupada por monjes, pero la mayor\u00eda de sus salas son utilizadas por el ayuntamiento.<\/p>\n\n<figure class=\"wp-block-image size-large\"><img decoding=\"async\" src=\"https:\/\/photos.smugmug.com\/Travel\/Normandie\/R20e-Abbaye-Hommes\/i-p6CBttJ\/4\/e1da4d4b\/L\/abbaye_hommes_caen_Normandie-4512-L.jpg\" alt=\"Vista del jard&#xED;n del claustro.  \"\/><\/figure>\n\n<h3 class=\"wp-block-heading\">\u00bfCu\u00e1l es la diferencia entre Abbaye-aux-Hommes y Abbaye-aux-Dames?<\/h3>\n\n<p>La Abbaye-aux-Hommes fue construida por Guillermo el Conquistador en 1063 al suroeste de Caen, para ser ocupada por monjes benedictinos. La Abbaye-aux-Dames fue construida por orden de la esposa y prima de Guillermo el Conquistador, Matilde de Flandes. Situado al norte de Caen, albergaba monjas. La creaci\u00f3n de estas 2 abad\u00edas permiti\u00f3 a la pareja obtener el perd\u00f3n del papado, \u00a1que hab\u00eda prohibido su matrimonio a causa de su relaci\u00f3n!<\/p>\n\n<figure class=\"wp-block-image size-large\"><img decoding=\"async\" src=\"https:\/\/photos.smugmug.com\/Travel\/Normandie\/R20e-Abbaye-Hommes\/i-D6QxLbm\/4\/c713b206\/L\/abbaye_hommes_caen_Normandie-4523-L.jpg\" alt=\"Vista de las torres desde el claustro.  \"\/><\/figure>\n\n<h3 class=\"wp-block-heading\">\u00bfHay alg\u00fan acontecimiento o celebraci\u00f3n especial que tenga lugar en Abbaye-aux-Hommes?<\/h3>\n\n<p>El Ayuntamiento de Caen ocupa regularmente algunas salas de la abad\u00eda que est\u00e1n abiertas a los visitantes, como el refectorio, que es una sala de recepciones, y la sala capitular, que es tambi\u00e9n el sal\u00f3n de bodas de la ciudad. El scriptorium es una sala dedicada a exposiciones temporales. Para saber m\u00e1s sobre el programa, consulte la agenda en la p\u00e1gina web oficial <a href=\"https:\/\/caen.fr\/abbaye-aux-hommes\" target=\"_blank\" rel=\"noreferrer noopener nofollow\">aqu\u00ed<\/a>.<\/p>\n\n<p>Todos los consejos de este art\u00edculo se han puesto en palabras con la ayuda de Fanny.<\/p>\n","protected":false},"excerpt":{"rendered":"<p>\u00bfEst\u00e1 de paso por Caen? Aproveche para visitar la Abbaye-aux-Hommes. Esta abad\u00eda benedictina fue fundada en 1063 por Guillermo el Conquistador y consagrada en 1077. La iglesia abacial alberga la tumba de este famoso duque de Normand\u00eda y rey de Inglaterra. Tambi\u00e9n puede explorar los edificios mon\u00e1sticos: alrededor de un soberbio claustro de estilo toscano, [&hellip;]<\/p>\n","protected":false},"author":1,"featured_media":9706,"comment_status":"closed","ping_status":"closed","sticky":false,"template":"","format":"standard","meta":{"_genesis_hide_title":false,"_genesis_hide_breadcrumbs":false,"_genesis_hide_singular_image":false,"_genesis_hide_footer_widgets":false,"_genesis_custom_body_class":"","_genesis_custom_post_class":"","_genesis_layout":"","footnotes":""},"categories":[147],"tags":[],"class_list":{"0":"post-9971","1":"post","2":"type-post","3":"status-publish","4":"format-standard","5":"has-post-thumbnail","7":"category-caen-y-alrededores","8":"entry"},"yoast_head":"<!-- This site is optimized with the Yoast SEO plugin v27.2 - https:\/\/yoast.com\/product\/yoast-seo-wordpress\/ -->\n<title>Visitar la Abbaye-aux-Hommes de Caen (consejos + fotos)<\/title>\n<meta name=\"description\" content=\"Conozca de cerca la Abad\u00eda de los Hombres, fundada por Guillermo el Conquistador y actual sede del Ayuntamiento de Caen.\" \/>\n<meta name=\"robots\" content=\"index, follow, max-snippet:-1, max-image-preview:large, max-video-preview:-1\" \/>\n<link rel=\"canonical\" href=\"https:\/\/normandielovers.fr\/es\/visitar-abbaye-aux-hommes-caen\/\" \/>\n<meta property=\"og:locale\" content=\"es_ES\" \/>\n<meta property=\"og:type\" content=\"article\" \/>\n<meta property=\"og:title\" content=\"Visitar la Abbaye-aux-Hommes de Caen (consejos + fotos)\" \/>\n<meta property=\"og:description\" content=\"Conozca de cerca la Abad\u00eda de los Hombres, fundada por Guillermo el Conquistador y actual sede del Ayuntamiento de Caen.\" \/>\n<meta property=\"og:url\" content=\"https:\/\/normandielovers.fr\/es\/visitar-abbaye-aux-hommes-caen\/\" \/>\n<meta property=\"og:site_name\" content=\"Normandie Lovers\" \/>\n<meta property=\"article:published_time\" content=\"2023-07-20T08:59:36+00:00\" \/>\n<meta property=\"article:modified_time\" content=\"2025-03-31T08:56:55+00:00\" \/>\n<meta property=\"og:image\" content=\"https:\/\/normandielovers.fr\/wp-content\/uploads\/2023\/07\/visitar-abbaye-aux-hommes-caen.jpg\" \/>\n\t<meta property=\"og:image:width\" content=\"800\" \/>\n\t<meta property=\"og:image:height\" content=\"600\" \/>\n\t<meta property=\"og:image:type\" content=\"image\/jpeg\" \/>\n<meta name=\"author\" content=\"Claire ROBINSON\" \/>\n<meta name=\"twitter:card\" content=\"summary_large_image\" \/>\n<meta name=\"twitter:label1\" content=\"Escrito por\" \/>\n\t<meta name=\"twitter:data1\" content=\"Claire ROBINSON\" \/>\n\t<meta name=\"twitter:label2\" content=\"Tiempo de lectura\" \/>\n\t<meta name=\"twitter:data2\" content=\"15 minutos\" \/>\n<script type=\"application\/ld+json\" class=\"yoast-schema-graph\">{\"@context\":\"https:\/\/schema.org\",\"@graph\":[{\"@type\":\"Article\",\"@id\":\"https:\/\/normandielovers.fr\/es\/visitar-abbaye-aux-hommes-caen\/#article\",\"isPartOf\":{\"@id\":\"https:\/\/normandielovers.fr\/es\/visitar-abbaye-aux-hommes-caen\/\"},\"author\":{\"name\":\"Claire ROBINSON\",\"@id\":\"https:\/\/normandielovers.fr\/es\/#\/schema\/person\/c96d3d0d65b11f42f39f436eab78bfc1\"},\"headline\":\"Visitar la Abbaye-aux-Hommes de Caen (consejos + fotos)\",\"datePublished\":\"2023-07-20T08:59:36+00:00\",\"dateModified\":\"2025-03-31T08:56:55+00:00\",\"mainEntityOfPage\":{\"@id\":\"https:\/\/normandielovers.fr\/es\/visitar-abbaye-aux-hommes-caen\/\"},\"wordCount\":3021,\"publisher\":{\"@id\":\"https:\/\/normandielovers.fr\/es\/#organization\"},\"image\":{\"@id\":\"https:\/\/normandielovers.fr\/es\/visitar-abbaye-aux-hommes-caen\/#primaryimage\"},\"thumbnailUrl\":\"https:\/\/normandielovers.fr\/wp-content\/uploads\/2023\/07\/visitar-abbaye-aux-hommes-caen.jpg\",\"articleSection\":[\"Caen y alrededores\"],\"inLanguage\":\"es\"},{\"@type\":\"WebPage\",\"@id\":\"https:\/\/normandielovers.fr\/es\/visitar-abbaye-aux-hommes-caen\/\",\"url\":\"https:\/\/normandielovers.fr\/es\/visitar-abbaye-aux-hommes-caen\/\",\"name\":\"Visitar la Abbaye-aux-Hommes de Caen (consejos + fotos)\",\"isPartOf\":{\"@id\":\"https:\/\/normandielovers.fr\/es\/#website\"},\"primaryImageOfPage\":{\"@id\":\"https:\/\/normandielovers.fr\/es\/visitar-abbaye-aux-hommes-caen\/#primaryimage\"},\"image\":{\"@id\":\"https:\/\/normandielovers.fr\/es\/visitar-abbaye-aux-hommes-caen\/#primaryimage\"},\"thumbnailUrl\":\"https:\/\/normandielovers.fr\/wp-content\/uploads\/2023\/07\/visitar-abbaye-aux-hommes-caen.jpg\",\"datePublished\":\"2023-07-20T08:59:36+00:00\",\"dateModified\":\"2025-03-31T08:56:55+00:00\",\"description\":\"Conozca de cerca la Abad\u00eda de los Hombres, fundada por Guillermo el Conquistador y actual sede del Ayuntamiento de Caen.\",\"breadcrumb\":{\"@id\":\"https:\/\/normandielovers.fr\/es\/visitar-abbaye-aux-hommes-caen\/#breadcrumb\"},\"inLanguage\":\"es\",\"potentialAction\":[{\"@type\":\"ReadAction\",\"target\":[\"https:\/\/normandielovers.fr\/es\/visitar-abbaye-aux-hommes-caen\/\"]}]},{\"@type\":\"ImageObject\",\"inLanguage\":\"es\",\"@id\":\"https:\/\/normandielovers.fr\/es\/visitar-abbaye-aux-hommes-caen\/#primaryimage\",\"url\":\"https:\/\/normandielovers.fr\/wp-content\/uploads\/2023\/07\/visitar-abbaye-aux-hommes-caen.jpg\",\"contentUrl\":\"https:\/\/normandielovers.fr\/wp-content\/uploads\/2023\/07\/visitar-abbaye-aux-hommes-caen.jpg\",\"width\":800,\"height\":600,\"caption\":\"Conozca de cerca la Abbaye-aux-Hommes, fundada por Guillermo el Conquistador y actual sede del ayuntamiento de Caen.\"},{\"@type\":\"BreadcrumbList\",\"@id\":\"https:\/\/normandielovers.fr\/es\/visitar-abbaye-aux-hommes-caen\/#breadcrumb\",\"itemListElement\":[{\"@type\":\"ListItem\",\"position\":1,\"name\":\"Home\",\"item\":\"https:\/\/normandielovers.fr\/es\/\"},{\"@type\":\"ListItem\",\"position\":2,\"name\":\"Caen y alrededores\",\"item\":\"https:\/\/normandielovers.fr\/es\/caen-y-alrededores\/\"},{\"@type\":\"ListItem\",\"position\":3,\"name\":\"Visitar la Abbaye-aux-Hommes de Caen (consejos + fotos)\"}]},{\"@type\":\"WebSite\",\"@id\":\"https:\/\/normandielovers.fr\/es\/#website\",\"url\":\"https:\/\/normandielovers.fr\/es\/\",\"name\":\"Normandie Lovers\",\"description\":\"Para despertar sus sentidos en Normand\u00eda - El blog de Claire y Manu\",\"publisher\":{\"@id\":\"https:\/\/normandielovers.fr\/es\/#organization\"},\"potentialAction\":[{\"@type\":\"SearchAction\",\"target\":{\"@type\":\"EntryPoint\",\"urlTemplate\":\"https:\/\/normandielovers.fr\/es\/?s={search_term_string}\"},\"query-input\":{\"@type\":\"PropertyValueSpecification\",\"valueRequired\":true,\"valueName\":\"search_term_string\"}}],\"inLanguage\":\"es\"},{\"@type\":\"Organization\",\"@id\":\"https:\/\/normandielovers.fr\/es\/#organization\",\"name\":\"Normandie Lovers\",\"url\":\"https:\/\/normandielovers.fr\/es\/\",\"logo\":{\"@type\":\"ImageObject\",\"inLanguage\":\"es\",\"@id\":\"https:\/\/normandielovers.fr\/es\/#\/schema\/logo\/image\/\",\"url\":\"https:\/\/normandielovers.fr\/wp-content\/uploads\/2022\/11\/Normandie-Lovers-Logo-Blog-de-viajes.png\",\"contentUrl\":\"https:\/\/normandielovers.fr\/wp-content\/uploads\/2022\/11\/Normandie-Lovers-Logo-Blog-de-viajes.png\",\"width\":2884,\"height\":863,\"caption\":\"Normandie Lovers\"},\"image\":{\"@id\":\"https:\/\/normandielovers.fr\/es\/#\/schema\/logo\/image\/\"}},{\"@type\":\"Person\",\"@id\":\"https:\/\/normandielovers.fr\/es\/#\/schema\/person\/c96d3d0d65b11f42f39f436eab78bfc1\",\"name\":\"Claire ROBINSON\",\"image\":{\"@type\":\"ImageObject\",\"inLanguage\":\"es\",\"@id\":\"https:\/\/secure.gravatar.com\/avatar\/e3566233826c32de8d7c9ef726a1087654b12cadb092acc17ee1d357687192ff?s=96&d=mm&r=g\",\"url\":\"https:\/\/secure.gravatar.com\/avatar\/e3566233826c32de8d7c9ef726a1087654b12cadb092acc17ee1d357687192ff?s=96&d=mm&r=g\",\"contentUrl\":\"https:\/\/secure.gravatar.com\/avatar\/e3566233826c32de8d7c9ef726a1087654b12cadb092acc17ee1d357687192ff?s=96&d=mm&r=g\",\"caption\":\"Claire ROBINSON\"},\"sameAs\":[\"https:\/\/normandielovers.fr\/claire-robinson\/\"],\"url\":\"https:\/\/normandielovers.fr\/es\/author\/normandielover\/\"}]}<\/script>\n<!-- \/ Yoast SEO plugin. -->","yoast_head_json":{"title":"Visitar la Abbaye-aux-Hommes de Caen (consejos + fotos)","description":"Conozca de cerca la Abad\u00eda de los Hombres, fundada por Guillermo el Conquistador y actual sede del Ayuntamiento de Caen.","robots":{"index":"index","follow":"follow","max-snippet":"max-snippet:-1","max-image-preview":"max-image-preview:large","max-video-preview":"max-video-preview:-1"},"canonical":"https:\/\/normandielovers.fr\/es\/visitar-abbaye-aux-hommes-caen\/","og_locale":"es_ES","og_type":"article","og_title":"Visitar la Abbaye-aux-Hommes de Caen (consejos + fotos)","og_description":"Conozca de cerca la Abad\u00eda de los Hombres, fundada por Guillermo el Conquistador y actual sede del Ayuntamiento de Caen.","og_url":"https:\/\/normandielovers.fr\/es\/visitar-abbaye-aux-hommes-caen\/","og_site_name":"Normandie Lovers","article_published_time":"2023-07-20T08:59:36+00:00","article_modified_time":"2025-03-31T08:56:55+00:00","og_image":[{"width":800,"height":600,"url":"https:\/\/normandielovers.fr\/wp-content\/uploads\/2023\/07\/visitar-abbaye-aux-hommes-caen.jpg","type":"image\/jpeg"}],"author":"Claire ROBINSON","twitter_card":"summary_large_image","twitter_misc":{"Escrito por":"Claire ROBINSON","Tiempo de lectura":"15 minutos"},"schema":{"@context":"https:\/\/schema.org","@graph":[{"@type":"Article","@id":"https:\/\/normandielovers.fr\/es\/visitar-abbaye-aux-hommes-caen\/#article","isPartOf":{"@id":"https:\/\/normandielovers.fr\/es\/visitar-abbaye-aux-hommes-caen\/"},"author":{"name":"Claire ROBINSON","@id":"https:\/\/normandielovers.fr\/es\/#\/schema\/person\/c96d3d0d65b11f42f39f436eab78bfc1"},"headline":"Visitar la Abbaye-aux-Hommes de Caen (consejos + fotos)","datePublished":"2023-07-20T08:59:36+00:00","dateModified":"2025-03-31T08:56:55+00:00","mainEntityOfPage":{"@id":"https:\/\/normandielovers.fr\/es\/visitar-abbaye-aux-hommes-caen\/"},"wordCount":3021,"publisher":{"@id":"https:\/\/normandielovers.fr\/es\/#organization"},"image":{"@id":"https:\/\/normandielovers.fr\/es\/visitar-abbaye-aux-hommes-caen\/#primaryimage"},"thumbnailUrl":"https:\/\/normandielovers.fr\/wp-content\/uploads\/2023\/07\/visitar-abbaye-aux-hommes-caen.jpg","articleSection":["Caen y alrededores"],"inLanguage":"es"},{"@type":"WebPage","@id":"https:\/\/normandielovers.fr\/es\/visitar-abbaye-aux-hommes-caen\/","url":"https:\/\/normandielovers.fr\/es\/visitar-abbaye-aux-hommes-caen\/","name":"Visitar la Abbaye-aux-Hommes de Caen (consejos + fotos)","isPartOf":{"@id":"https:\/\/normandielovers.fr\/es\/#website"},"primaryImageOfPage":{"@id":"https:\/\/normandielovers.fr\/es\/visitar-abbaye-aux-hommes-caen\/#primaryimage"},"image":{"@id":"https:\/\/normandielovers.fr\/es\/visitar-abbaye-aux-hommes-caen\/#primaryimage"},"thumbnailUrl":"https:\/\/normandielovers.fr\/wp-content\/uploads\/2023\/07\/visitar-abbaye-aux-hommes-caen.jpg","datePublished":"2023-07-20T08:59:36+00:00","dateModified":"2025-03-31T08:56:55+00:00","description":"Conozca de cerca la Abad\u00eda de los Hombres, fundada por Guillermo el Conquistador y actual sede del Ayuntamiento de Caen.","breadcrumb":{"@id":"https:\/\/normandielovers.fr\/es\/visitar-abbaye-aux-hommes-caen\/#breadcrumb"},"inLanguage":"es","potentialAction":[{"@type":"ReadAction","target":["https:\/\/normandielovers.fr\/es\/visitar-abbaye-aux-hommes-caen\/"]}]},{"@type":"ImageObject","inLanguage":"es","@id":"https:\/\/normandielovers.fr\/es\/visitar-abbaye-aux-hommes-caen\/#primaryimage","url":"https:\/\/normandielovers.fr\/wp-content\/uploads\/2023\/07\/visitar-abbaye-aux-hommes-caen.jpg","contentUrl":"https:\/\/normandielovers.fr\/wp-content\/uploads\/2023\/07\/visitar-abbaye-aux-hommes-caen.jpg","width":800,"height":600,"caption":"Conozca de cerca la Abbaye-aux-Hommes, fundada por Guillermo el Conquistador y actual sede del ayuntamiento de Caen."},{"@type":"BreadcrumbList","@id":"https:\/\/normandielovers.fr\/es\/visitar-abbaye-aux-hommes-caen\/#breadcrumb","itemListElement":[{"@type":"ListItem","position":1,"name":"Home","item":"https:\/\/normandielovers.fr\/es\/"},{"@type":"ListItem","position":2,"name":"Caen y alrededores","item":"https:\/\/normandielovers.fr\/es\/caen-y-alrededores\/"},{"@type":"ListItem","position":3,"name":"Visitar la Abbaye-aux-Hommes de Caen (consejos + fotos)"}]},{"@type":"WebSite","@id":"https:\/\/normandielovers.fr\/es\/#website","url":"https:\/\/normandielovers.fr\/es\/","name":"Normandie Lovers","description":"Para despertar sus sentidos en Normand\u00eda - El blog de Claire y Manu","publisher":{"@id":"https:\/\/normandielovers.fr\/es\/#organization"},"potentialAction":[{"@type":"SearchAction","target":{"@type":"EntryPoint","urlTemplate":"https:\/\/normandielovers.fr\/es\/?s={search_term_string}"},"query-input":{"@type":"PropertyValueSpecification","valueRequired":true,"valueName":"search_term_string"}}],"inLanguage":"es"},{"@type":"Organization","@id":"https:\/\/normandielovers.fr\/es\/#organization","name":"Normandie Lovers","url":"https:\/\/normandielovers.fr\/es\/","logo":{"@type":"ImageObject","inLanguage":"es","@id":"https:\/\/normandielovers.fr\/es\/#\/schema\/logo\/image\/","url":"https:\/\/normandielovers.fr\/wp-content\/uploads\/2022\/11\/Normandie-Lovers-Logo-Blog-de-viajes.png","contentUrl":"https:\/\/normandielovers.fr\/wp-content\/uploads\/2022\/11\/Normandie-Lovers-Logo-Blog-de-viajes.png","width":2884,"height":863,"caption":"Normandie Lovers"},"image":{"@id":"https:\/\/normandielovers.fr\/es\/#\/schema\/logo\/image\/"}},{"@type":"Person","@id":"https:\/\/normandielovers.fr\/es\/#\/schema\/person\/c96d3d0d65b11f42f39f436eab78bfc1","name":"Claire ROBINSON","image":{"@type":"ImageObject","inLanguage":"es","@id":"https:\/\/secure.gravatar.com\/avatar\/e3566233826c32de8d7c9ef726a1087654b12cadb092acc17ee1d357687192ff?s=96&d=mm&r=g","url":"https:\/\/secure.gravatar.com\/avatar\/e3566233826c32de8d7c9ef726a1087654b12cadb092acc17ee1d357687192ff?s=96&d=mm&r=g","contentUrl":"https:\/\/secure.gravatar.com\/avatar\/e3566233826c32de8d7c9ef726a1087654b12cadb092acc17ee1d357687192ff?s=96&d=mm&r=g","caption":"Claire ROBINSON"},"sameAs":["https:\/\/normandielovers.fr\/claire-robinson\/"],"url":"https:\/\/normandielovers.fr\/es\/author\/normandielover\/"}]}},"featured_image_src":"https:\/\/normandielovers.fr\/wp-content\/uploads\/2023\/07\/visitar-abbaye-aux-hommes-caen-600x400.jpg","featured_image_src_square":"https:\/\/normandielovers.fr\/wp-content\/uploads\/2023\/07\/visitar-abbaye-aux-hommes-caen-600x600.jpg","author_info":{"display_name":"Claire ROBINSON","author_link":"https:\/\/normandielovers.fr\/es\/author\/normandielover\/"},"_links":{"self":[{"href":"https:\/\/normandielovers.fr\/es\/wp-json\/wp\/v2\/posts\/9971","targetHints":{"allow":["GET"]}}],"collection":[{"href":"https:\/\/normandielovers.fr\/es\/wp-json\/wp\/v2\/posts"}],"about":[{"href":"https:\/\/normandielovers.fr\/es\/wp-json\/wp\/v2\/types\/post"}],"author":[{"embeddable":true,"href":"https:\/\/normandielovers.fr\/es\/wp-json\/wp\/v2\/users\/1"}],"replies":[{"embeddable":true,"href":"https:\/\/normandielovers.fr\/es\/wp-json\/wp\/v2\/comments?post=9971"}],"version-history":[{"count":0,"href":"https:\/\/normandielovers.fr\/es\/wp-json\/wp\/v2\/posts\/9971\/revisions"}],"wp:featuredmedia":[{"embeddable":true,"href":"https:\/\/normandielovers.fr\/es\/wp-json\/wp\/v2\/media\/9706"}],"wp:attachment":[{"href":"https:\/\/normandielovers.fr\/es\/wp-json\/wp\/v2\/media?parent=9971"}],"wp:term":[{"taxonomy":"category","embeddable":true,"href":"https:\/\/normandielovers.fr\/es\/wp-json\/wp\/v2\/categories?post=9971"},{"taxonomy":"post_tag","embeddable":true,"href":"https:\/\/normandielovers.fr\/es\/wp-json\/wp\/v2\/tags?post=9971"}],"curies":[{"name":"wp","href":"https:\/\/api.w.org\/{rel}","templated":true}]}}