{"id":3628,"date":"2023-01-25T10:42:20","date_gmt":"2023-01-25T09:42:20","guid":{"rendered":"https:\/\/normandielovers.fr\/visite-abbaye-mont-saint-michel\/"},"modified":"2023-03-17T17:13:46","modified_gmt":"2023-03-17T16:13:46","slug":"visitar-abadia-mont-saint-michel","status":"publish","type":"post","link":"https:\/\/normandielovers.fr\/es\/visitar-abadia-mont-saint-michel\/","title":{"rendered":"Visite la Abad\u00eda del Mont-Saint-Michel (consejos + fotos)"},"content":{"rendered":"\n<p>Descubra <strong>la Abad\u00eda del Mont-Saint-Michel<\/strong>. Las murallas est\u00e1n llenas de historia y la arquitectura ha ido evolucionando durante varios siglos. Esta abad\u00eda <strong>catalogada<\/strong> fue uno de los <strong>centros de la cultura medieval<\/strong>, adem\u00e1s de su gran importancia para el Occidente cristiano. En este art\u00edculo le llevamos a descubrir la <strong>maravilla<\/strong> que es la Abad\u00eda del Mont-Saint-Michel.<\/p>\n\n<figure class=\"wp-block-image size-large\"><img decoding=\"async\" src=\"https:\/\/normandielovers.fr\/wp-content\/uploads\/2023\/01\/visitar-abadia-de-mont-saint-michel-1024x768.jpeg\" alt=\"La abad&#xED;a del Mont-Saint-Michel\" class=\"wp-image-3422\"\/><figcaption class=\"wp-element-caption\">La Abad\u00eda del Mont-Saint-Michel.<\/figcaption><\/figure>\n\n<p>Esta rese\u00f1a es completamente <strong>independiente<\/strong>, la visitamos de forma an\u00f3nima y pagamos nuestra entrada en su totalidad.<\/p>\n\n<h2 class=\"wp-block-heading\">\u00bfPor qu\u00e9 visitar la Abad\u00eda del Mont-Saint-Michel?<\/h2>\n\n<p>Entre los monumentos m\u00e1s visitados de Francia, el Mont-Saint-Michel alberga uno de los lugares de peregrinaci\u00f3n m\u00e1s importantes de la cristiandad: su abad\u00eda encaramada a m\u00e1s de 50 metros sobre el nivel del mar.<span class=\"Apple-converted-space\"> <\/span><\/p>\n\n<figure class=\"wp-block-image size-large\"><img decoding=\"async\" src=\"https:\/\/photos.smugmug.com\/Normandie-Lovers\/Mont-saint-michel\/Acces-a-pied\/i-QmLnFJj\/2\/6f8d552f\/L\/moutons_mont_saint_michel-10-L.jpg\" alt=\"Mont-Saint-Michel \"\/><figcaption class=\"wp-element-caption\">El Mont-Saint-Michel y sus alrededores.<\/figcaption><\/figure>\n\n<h3 class=\"wp-block-heading\">\u00bfMerece la pena la Abad\u00eda del Mont-Saint-Michel? Nuestra opini\u00f3n:<\/h3>\n\n<p>En una palabra, \u00a1s\u00ed! Es una visita obligada cuando se visita el Mont-Saint-Michel.  <\/p>\n\n<p>Uno de los monumentos m\u00e1s famosos del mundo, construido entre el cielo y el mar, ha sido una sucesi\u00f3n de proyectos arquitect\u00f3nicos durante siglos. Encrucijada intelectual, religiosa y pol\u00edtica, la abad\u00eda era visitada por multitudes de peregrinos, entre ellos varios reyes de Francia, como Francisco <sup>I<\/sup>.<\/p>\n\n<p><span style=\"white-space: normal; caret-color: rgb(40, 60, 70); color: rgb(40, 60, 70); font-family: -apple-system, system-ui, BlinkMacSystemFont, \" segoe=\"\" ui=\"\" helvetica=\"\" arial=\"\" sans-serif=\"\" color=\"\" emoji=\"\" symbol=\"\">Es un lugar majestuoso para visitar, con impresionantes vistas sobre la bah\u00eda. Se siente muy peque\u00f1o ante la historia y  <\/span>la inmensidad <span style=\"white-space: normal; caret-color: rgb(40, 60, 70); color: rgb(40, 60, 70); font-family: -apple-system, system-ui, BlinkMacSystemFont, \" segoe=\"\" ui=\"\" helvetica=\"\" arial=\"\" sans-serif=\"\" color=\"\" emoji=\"\" symbol=\"\">del lugar. <\/span> <\/p>\n\n<p>La abad\u00eda del Mont-Saint-Michel tambi\u00e9n encarna en esta roca un bello gesto arquitect\u00f3nico que revela la vida cotidiana de los monjes en la Edad Media y la historia de esta fortaleza isle\u00f1a a lo largo de los siglos. Es divertido sentirse como en un enorme laberinto, \u00a1para grandes y peque\u00f1os!<\/p>\n\n<p><a href=\"https:\/\/www.tiqets.com\/es\/billets-labbaye-du-mont-saint-michel-l145867\/?partner=region_lovers&amp;tq_campaign=NL\" target=\"_blank\" rel=\"noreferrer noopener sponsored nofollow\">\u00a1Reserve su visita!<\/a><\/p>\n\n<figure class=\"wp-block-image size-large\"><img decoding=\"async\" src=\"https:\/\/photos.smugmug.com\/Normandie-Lovers\/Mont-saint-michel\/Acces-a-pied\/i-f7TJTTS\/2\/514ea465\/L\/acces_mont_saint_michel-07-L.jpg\" alt=\"Paseo hacia el Mont-Saint-Michel\"\/><figcaption class=\"wp-element-caption\">Camine hacia el Mont-Saint-Michel.<\/figcaption><\/figure>\n\n<h3 class=\"wp-block-heading\">\u00bfPor qu\u00e9 es famosa la abad\u00eda del Mont-Saint-Michel?<\/h3>\n\n<p>La abad\u00eda del Mont-Saint-Michel fue clasificada como monumento hist\u00f3rico a finales del siglo XIX. De hecho, Francia ha hecho de la restauraci\u00f3n de este lugar de culto uno de los proyectos prioritarios de su agenda cultural. La abad\u00eda del Mont-Saint-Michel integra entonces :  <\/p>\n\n<ul class=\"wp-block-list\">\n<li>patrimonio de la UNESCO en 1979 como \u00abMont-Saint-Michel y su bah\u00eda\u00bb,  <\/li>\n\n\n\n<li>y la clasificaci\u00f3n de los monumentos \u00abChemins de Saint-Jacques-de-Compostelle en France\u00bb m\u00e1s de 20 a\u00f1os despu\u00e9s.<\/li>\n<\/ul>\n\n<figure class=\"wp-block-image size-large\"><img decoding=\"async\" src=\"https:\/\/photos.smugmug.com\/Normandie-Lovers\/Mont-saint-michel\/Abbaye\/i-Gkwxs3w\/1\/e86843a4\/L\/feleche_archange_abbaye_mont_saint_michel-1-L.jpg\" alt=\"Estatua del Arc&#xE1;ngel San Miguel, de 4,5 metros de altura, colocada en la punta de la aguja de la iglesia abacial\"\/><figcaption class=\"wp-element-caption\"><strong>Estatua del Arc\u00e1ngel San Miguel<\/strong>, de 4,5 metros de altura, colocada en la punta de la aguja de la iglesia abacial.<\/figcaption><\/figure>\n\n<p>Este m\u00edtico lugar de culto celebra al arc\u00e1ngel San Miguel, luchador contra el diablo y gu\u00eda de las almas a la otra vida en el<em>Apocalipsis<\/em>, el \u00faltimo libro del Nuevo Testamento. Tambi\u00e9n mencionado en el Antiguo Testamento, el Arc\u00e1ngel Miguel simboliza el poder del bien contra las fuerzas del mal. El culto a San Miguel lleg\u00f3 de Oriente en el siglo V.<sup> <\/sup>siglo en Italia, en Apulia, donde el monte Gargan (o \u00abMonte Gargano\u00bb en italiano) est\u00e1 dedicado a \u00e9l. La monta\u00f1a y la naturaleza se convirtieron en s\u00edmbolos vinculados al culto de San Miguel.<\/p>\n\n<div style=\"margin-top:8%;margin-bottom:8%\" class=\"wp-block-genesis-blocks-gb-container box gb-block-container\"><div class=\"gb-container-inside\"><div class=\"gb-container-content\">\n<div style=\"background-color:#fefefe;margin-top:6%;margin-bottom:6%\" class=\"wp-block-genesis-blocks-gb-container box gb-block-container\"><div class=\"gb-container-inside\"><div class=\"gb-container-content\" style=\"max-width:700px\">\n<div class=\"wp-block-columns inverse is-layout-flex wp-container-core-columns-is-layout-9d6595d7 wp-block-columns-is-layout-flex\">\n<div class=\"wp-block-column texte_planif is-layout-flow wp-block-column-is-layout-flow\" style=\"flex-basis:58%\">\n<h5 class=\"titre_box\">Reciba nuestro <span class=\"titre_box_manuscrit\">bolet\u00edn<\/span><\/h5>\n\n\n\n<ul class=\"wp-block-list\">\n<li>\u00a1Un soplo de aire fresco en su vida cotidiana en los bellos destinos de Region Lovers!<\/li>\n\n\n\n<li>Una vez al mes<\/li>\n\n\n\n<li>Sin publicidad<\/li>\n<\/ul>\n\n\n<script>\nvar gform;gform||(document.addEventListener(\"gform_main_scripts_loaded\",function(){gform.scriptsLoaded=!0}),document.addEventListener(\"gform\/theme\/scripts_loaded\",function(){gform.themeScriptsLoaded=!0}),window.addEventListener(\"DOMContentLoaded\",function(){gform.domLoaded=!0}),gform={domLoaded:!1,scriptsLoaded:!1,themeScriptsLoaded:!1,isFormEditor:()=>\"function\"==typeof InitializeEditor,callIfLoaded:function(o){return!(!gform.domLoaded||!gform.scriptsLoaded||!gform.themeScriptsLoaded&&!gform.isFormEditor()||(gform.isFormEditor()&&console.warn(\"The use of gform.initializeOnLoaded() is deprecated in the form editor context and will be removed in Gravity Forms 3.1.\"),o(),0))},initializeOnLoaded:function(o){gform.callIfLoaded(o)||(document.addEventListener(\"gform_main_scripts_loaded\",()=>{gform.scriptsLoaded=!0,gform.callIfLoaded(o)}),document.addEventListener(\"gform\/theme\/scripts_loaded\",()=>{gform.themeScriptsLoaded=!0,gform.callIfLoaded(o)}),window.addEventListener(\"DOMContentLoaded\",()=>{gform.domLoaded=!0,gform.callIfLoaded(o)}))},hooks:{action:{},filter:{}},addAction:function(o,r,e,t){gform.addHook(\"action\",o,r,e,t)},addFilter:function(o,r,e,t){gform.addHook(\"filter\",o,r,e,t)},doAction:function(o){gform.doHook(\"action\",o,arguments)},applyFilters:function(o){return gform.doHook(\"filter\",o,arguments)},removeAction:function(o,r){gform.removeHook(\"action\",o,r)},removeFilter:function(o,r,e){gform.removeHook(\"filter\",o,r,e)},addHook:function(o,r,e,t,n){null==gform.hooks[o][r]&&(gform.hooks[o][r]=[]);var d=gform.hooks[o][r];null==n&&(n=r+\"_\"+d.length),gform.hooks[o][r].push({tag:n,callable:e,priority:t=null==t?10:t})},doHook:function(r,o,e){var t;if(e=Array.prototype.slice.call(e,1),null!=gform.hooks[r][o]&&((o=gform.hooks[r][o]).sort(function(o,r){return o.priority-r.priority}),o.forEach(function(o){\"function\"!=typeof(t=o.callable)&&(t=window[t]),\"action\"==r?t.apply(null,e):e[0]=t.apply(null,e)})),\"filter\"==r)return e[0]},removeHook:function(o,r,t,n){var e;null!=gform.hooks[o][r]&&(e=(e=gform.hooks[o][r]).filter(function(o,r,e){return!!(null!=n&&n!=o.tag||null!=t&&t!=o.priority)}),gform.hooks[o][r]=e)}});\n<\/script>\n\n                <div class='gf_browser_gecko gform_wrapper gravity-theme gform-theme--no-framework waitlist_wrapper' data-form-theme='gravity-theme' data-form-index='0' id='gform_wrapper_3' >\n                        <div class='gform_heading'>\n                            <p class='gform_description'><\/p>\n                        <\/div><form method='post' enctype='multipart\/form-data'  id='gform_3' class='waitlist' action='\/es\/wp-json\/wp\/v2\/posts\/3628' data-formid='3' novalidate> \r\n <input type='hidden' class='gforms-pum' value='{\"closepopup\":false,\"closedelay\":0,\"openpopup\":false,\"openpopup_id\":0}' \/>\n                        <div class='gform-body gform_body'><div id='gform_fields_3' class='gform_fields top_label form_sublabel_below description_below validation_below'><div id=\"field_3_5\" class=\"gfield gfield--type-honeypot gform_validation_container field_sublabel_below gfield--has-description field_description_below field_validation_below gfield_visibility_visible\"  ><label class='gfield_label gform-field-label' for='input_3_5'>Name<\/label><div class='ginput_container'><input name='input_5' id='input_3_5' type='text' value='' autocomplete='new-password'\/><\/div><div class='gfield_description' id='gfield_description_3_5'>Este campo es un campo de validaci\u00f3n y debe quedar sin cambios.<\/div><\/div><div id=\"field_3_1\" class=\"gfield gfield--type-email gfield--input-type-email gfield_contains_required field_sublabel_below gfield--no-description field_description_below hidden_label field_validation_below gfield_visibility_visible\"  ><label class='gfield_label gform-field-label' for='input_3_1'>E-mail<span class=\"gfield_required\"><span class=\"gfield_required gfield_required_text\">(Obligatorio)<\/span><\/span><\/label><div class='ginput_container ginput_container_email'>\n                            <input name='input_1' id='input_3_1' type='email' value='' class='large'    aria-required=\"true\" aria-invalid=\"false\"  \/>\n                        <\/div><\/div><fieldset id=\"field_3_3\" class=\"gfield gfield--type-consent gfield--type-choice gfield--input-type-consent gfield_contains_required field_sublabel_below gfield--no-description field_description_below hidden_label field_validation_below gfield_visibility_visible\"  ><legend class='gfield_label gform-field-label gfield_label_before_complex' >RGPD<span class=\"gfield_required\"><span class=\"gfield_required gfield_required_text\">(Obligatorio)<\/span><\/span><\/legend><div class='ginput_container ginput_container_consent'><input name='input_3.1' id='input_3_3_1' type='checkbox' value='1'   aria-required=\"true\" aria-invalid=\"false\"   \/> <label class=\"gform-field-label gform-field-label--type-inline gfield_consent_label\" for='input_3_3_1' >S\u00ed, deseo suscribirme al bolet\u00edn mensual<span class=\"gfield_required gfield_required_text\">(Obligatorio)<\/span><\/label><input type='hidden' name='input_3.2' value='S\u00ed, deseo suscribirme al bolet\u00edn mensual' class='gform_hidden' \/><input type='hidden' name='input_3.3' value='1' class='gform_hidden' \/><\/div><\/fieldset><div id=\"field_3_4\" class=\"gfield gfield--type-website gfield--input-type-website gfield--width-full field_sublabel_below gfield--no-description field_description_below field_validation_below gfield_visibility_hidden\"  ><div class=\"admin-hidden-markup\"><i class=\"gform-icon gform-icon--hidden\" aria-hidden=\"true\" title=\"Este campo est\u00e1 oculto cuando se visualiza el formulario\"><\/i><span>Este campo est\u00e1 oculto cuando se visualiza el formulario<\/span><\/div><label class='gfield_label gform-field-label' for='input_3_4'>Site Web<\/label><div class='ginput_container ginput_container_website'>\n                    <input name='input_4' id='input_3_4' type='url' value='https:\/\/normandielovers.fr\/es\/wp-json\/wp\/v2\/posts\/3628' class='large'    placeholder='https:\/\/'  aria-invalid=\"false\" \/>\n                <\/div><\/div><\/div><\/div>\n        <div class='gform-footer gform_footer top_label'> <input type='submit' id='gform_submit_button_3' class='gform_button button' onclick='gform.submission.handleButtonClick(this);' data-submission-type='submit' value='Suscribirse'  \/> \n            <input type='hidden' class='gform_hidden' name='gform_submission_method' data-js='gform_submission_method_3' value='postback' \/>\n            <input type='hidden' class='gform_hidden' name='gform_theme' data-js='gform_theme_3' id='gform_theme_3' value='gravity-theme' \/>\n            <input type='hidden' class='gform_hidden' name='gform_style_settings' data-js='gform_style_settings_3' id='gform_style_settings_3' value='{&quot;inputPrimaryColor&quot;:&quot;#204ce5&quot;}' \/>\n            <input type='hidden' class='gform_hidden' name='is_submit_3' value='1' \/>\n            <input type='hidden' class='gform_hidden' name='gform_submit' value='3' \/>\n            \n            <input type='hidden' class='gform_hidden' name='gform_currency' data-currency='EUR' value='8Dxah4hRZNRsuPTR2HNrRlGMecLx7RoKfmfEQwmhsI2YajwRNCKZ956WIAZTpf952oxDJWz5dRNjKMxU\/MVEfftdZ3nTEYUXVOPNgAEpYjvrcC8=' \/>\n            <input type='hidden' class='gform_hidden' name='gform_unique_id' value='' \/>\n            <input type='hidden' class='gform_hidden' name='state_3' value='WyJ7XCIzLjFcIjpcIjMxNjA2NDljOTQ4ZTZmNmVjNWZiNTY0Nzg5MTJjNGRkXCIsXCIzLjJcIjpcImU1YWIzNmNmZGFiMTM3NGU4ZTRlZmRiY2MwZTU4ZGI0XCIsXCIzLjNcIjpcIjMxNjA2NDljOTQ4ZTZmNmVjNWZiNTY0Nzg5MTJjNGRkXCJ9IiwiYTFiODQ0NmJlOWQ2YjYyNTI4NzNhOTA2MjJmNTc2NTYiXQ==' \/>\n            <input type='hidden' autocomplete='off' class='gform_hidden' name='gform_target_page_number_3' id='gform_target_page_number_3' value='0' \/>\n            <input type='hidden' autocomplete='off' class='gform_hidden' name='gform_source_page_number_3' id='gform_source_page_number_3' value='1' \/>\n            <input type='hidden' name='gform_field_values' value='' \/>\n            \n        <\/div>\n                        <\/form>\n                        <\/div><script>\ngform.initializeOnLoaded( function() {gformInitSpinner( 3, 'https:\/\/normandielovers.fr\/wp-content\/plugins\/gravityforms\/images\/spinner.svg', true );jQuery('#gform_ajax_frame_3').on('load',function(){var contents = jQuery(this).contents().find('*').html();var is_postback = contents.indexOf('GF_AJAX_POSTBACK') >= 0;if(!is_postback){return;}var form_content = jQuery(this).contents().find('#gform_wrapper_3');var is_confirmation = jQuery(this).contents().find('#gform_confirmation_wrapper_3').length > 0;var is_redirect = contents.indexOf('gformRedirect(){') >= 0;var is_form = form_content.length > 0 && ! is_redirect && ! is_confirmation;var mt = parseInt(jQuery('html').css('margin-top'), 10) + parseInt(jQuery('body').css('margin-top'), 10) + 100;if(is_form){jQuery('#gform_wrapper_3').html(form_content.html());if(form_content.hasClass('gform_validation_error')){jQuery('#gform_wrapper_3').addClass('gform_validation_error');} else {jQuery('#gform_wrapper_3').removeClass('gform_validation_error');}setTimeout( function() { \/* delay the scroll by 50 milliseconds to fix a bug in chrome *\/  }, 50 );if(window['gformInitDatepicker']) {gformInitDatepicker();}if(window['gformInitPriceFields']) {gformInitPriceFields();}var current_page = jQuery('#gform_source_page_number_3').val();gformInitSpinner( 3, 'https:\/\/normandielovers.fr\/wp-content\/plugins\/gravityforms\/images\/spinner.svg', true );jQuery(document).trigger('gform_page_loaded', [3, current_page]);window['gf_submitting_3'] = false;}else if(!is_redirect){var confirmation_content = jQuery(this).contents().find('.GF_AJAX_POSTBACK').html();if(!confirmation_content){confirmation_content = contents;}jQuery('#gform_wrapper_3').replaceWith(confirmation_content);jQuery(document).trigger('gform_confirmation_loaded', [3]);window['gf_submitting_3'] = false;wp.a11y.speak(jQuery('#gform_confirmation_message_3').text());}else{jQuery('#gform_3').append(contents);if(window['gformRedirect']) {gformRedirect();}}jQuery(document).trigger(\"gform_pre_post_render\", [{ formId: \"3\", currentPage: \"current_page\", abort: function() { this.preventDefault(); } }]);        if (event && event.defaultPrevented) {                return;        }        const gformWrapperDiv = document.getElementById( \"gform_wrapper_3\" );        if ( gformWrapperDiv ) {            const visibilitySpan = document.createElement( \"span\" );            visibilitySpan.id = \"gform_visibility_test_3\";            gformWrapperDiv.insertAdjacentElement( \"afterend\", visibilitySpan );        }        const visibilityTestDiv = document.getElementById( \"gform_visibility_test_3\" );        let postRenderFired = false;        function triggerPostRender() {            if ( postRenderFired ) {                return;            }            postRenderFired = true;            gform.core.triggerPostRenderEvents( 3, current_page );            if ( visibilityTestDiv ) {                visibilityTestDiv.parentNode.removeChild( visibilityTestDiv );            }        }        function debounce( func, wait, immediate ) {            var timeout;            return function() {                var context = this, args = arguments;                var later = function() {                    timeout = null;                    if ( !immediate ) func.apply( context, args );                };                var callNow = immediate && !timeout;                clearTimeout( timeout );                timeout = setTimeout( later, wait );                if ( callNow ) func.apply( context, args );            };        }        const debouncedTriggerPostRender = debounce( function() {            triggerPostRender();        }, 200 );        if ( visibilityTestDiv && visibilityTestDiv.offsetParent === null ) {            const observer = new MutationObserver( ( mutations ) => {                mutations.forEach( ( mutation ) => {                    if ( mutation.type === 'attributes' && visibilityTestDiv.offsetParent !== null ) {                        debouncedTriggerPostRender();                        observer.disconnect();                    }                });            });            observer.observe( document.body, {                attributes: true,                childList: false,                subtree: true,                attributeFilter: [ 'style', 'class' ],            });        } else {            triggerPostRender();        }    } );} );\n<\/script>\n<\/div>\n\n\n\n<div class=\"wp-block-column is-layout-flow wp-block-column-is-layout-flow\" style=\"flex-basis:42%\">\n<div class=\"wp-block-genesis-blocks-gb-container aligncenter newsletter-radius gb-block-container\"><div class=\"gb-container-inside\"><div class=\"gb-container-content\"><div class=\"wp-block-image newsletter-image\">\n<figure class=\"aligncenter size-full\"><img loading=\"lazy\" decoding=\"async\" width=\"729\" height=\"792\" src=\"https:\/\/normandielovers.fr\/wp-content\/uploads\/2024\/01\/newsletter_FR_2.png\" alt=\"\" class=\"wp-image-12777\" srcset=\"https:\/\/normandielovers.fr\/wp-content\/uploads\/2024\/01\/newsletter_FR_2.png 729w, https:\/\/normandielovers.fr\/wp-content\/uploads\/2024\/01\/newsletter_FR_2-276x300.png 276w\" sizes=\"auto, (max-width: 729px) 100vw, 729px\" \/><\/figure>\n<\/div><\/div><\/div><\/div>\n<\/div>\n<\/div>\n<\/div><\/div><\/div>\n<\/div><\/div><\/div>\n\n<h3 class=\"wp-block-heading\">Nuestras habitaciones favoritas en la Abad\u00eda del Mont-Saint-Michel<\/h3>\n\n<p>\u00a1Una peque\u00f1a muestra de lo que le espera en esta inolvidable visita!<\/p>\n\n<p>Encontrar\u00e1 explicaciones detalladas de las distintas salas m\u00e1s adelante en el art\u00edculo, despu\u00e9s de los consejos pr\u00e1cticos. Pero no hemos podido evitar compartir con usted nuestros momentos favoritos en la abad\u00eda.  <\/p>\n\n<ul class=\"wp-block-list\">\n<li>La vista desde la terraza oeste,<\/li>\n\n\n\n<li>La galer\u00eda del claustro y sus detalles arquitect\u00f3nicos,<\/li>\n\n\n\n<li>El refectorio donde com\u00edan los monjes,<\/li>\n\n\n\n<li>La pasarela de los monjes, \u00a1cuya finalidad sigue siendo desconocida a d\u00eda de hoy!<\/li>\n<\/ul>\n\n<figure class=\"wp-block-image size-large\"><img decoding=\"async\" src=\"https:\/\/photos.smugmug.com\/Normandie-Lovers\/Mont-saint-michel\/Abbaye\/i-kX9cBkf\/1\/712e2a53\/L\/grande_roue_abbaye_mont_saint_michel-09-L.jpg\" alt=\"Vista de la bah&#xED;a desde la Abad&#xED;a del Mont-Saint-Michel\"\/><figcaption class=\"wp-element-caption\">Vista de la bah\u00eda desde la Abad\u00eda del Mont-Saint-Michel.<\/figcaption><\/figure>\n\n<figure class=\"wp-block-image size-large\"><img decoding=\"async\" src=\"https:\/\/photos.smugmug.com\/Travel\/Normandie\/R5d-Abbaye-Mont-Saint-Michel\/i-djDxPvn\/4\/0b5ca4ff\/L\/abbaye_mont_saint_michel_Normandie-8588-L.jpg\" alt=\"El claustro de la abad&#xED;a y su patio interior\"\/><figcaption class=\"wp-element-caption\">El claustro de la abad\u00eda y su patio interior.<\/figcaption><\/figure>\n\n<h3 class=\"wp-block-heading\">Una breve visita virtual en v\u00eddeo&#8230;<\/h3>\n\n<figure class=\"wp-block-embed is-type-video is-provider-youtube wp-block-embed-youtube wp-embed-aspect-16-9 wp-has-aspect-ratio\"><div class=\"wp-block-embed__wrapper\">\n<iframe loading=\"lazy\" title=\"Notre d\u00e9couverte de l&#039;Abbaye du Mont Saint Michel\" width=\"500\" height=\"281\" src=\"https:\/\/www.youtube.com\/embed\/Xpi4vZBaANw?feature=oembed\" frameborder=\"0\" allow=\"accelerometer; autoplay; clipboard-write; encrypted-media; gyroscope; picture-in-picture; web-share\" referrerpolicy=\"strict-origin-when-cross-origin\" allowfullscreen><\/iframe>\n<\/div><\/figure>\n\n<h2 class=\"wp-block-heading\">Consejos pr\u00e1cticos y mapa de la Abad\u00eda del Mont-Saint-Michel en Francia<\/h2>\n\n<h3 class=\"wp-block-heading\">\u00bfD\u00f3nde est\u00e1 la abad\u00eda del Mont-Saint-Michel?<\/h3>\n\n<p>La Abad\u00eda del Mont-Saint-Michel est\u00e1 situada en Normand\u00eda, en el Mont-Saint-Michel (50170).<\/p>\n\n<ul class=\"wp-block-list\">\n<li>Tiempo de viaje desde Rouen: 02h55<\/li>\n\n\n\n<li>Duraci\u00f3n del trayecto desde Evreux: 03h10<\/li>\n\n\n\n<li>Duraci\u00f3n del trayecto desde Caen: 01h35<\/li>\n\n\n\n<li>Tiempo en coche desde Alen\u00e7on: 02h25<\/li>\n\n\n\n<li>Duraci\u00f3n del trayecto desde Cherburgo: 02h10<\/li>\n\n\n\n<li>Duraci\u00f3n del trayecto desde Rennes: 01h05<\/li>\n\n\n\n<li>Aqu\u00ed tiene un mapa que le ayudar\u00e1 a encontrar el camino:<\/li>\n<\/ul>\n\n<figure class=\"wp-block-image size-large image-border-class\"><img decoding=\"async\" src=\"https:\/\/normandielovers.fr\/wp-content\/uploads\/2022\/11\/Mapa-Mont-Saint-Michel-en-Francia-situation-1024x768.jpg\" alt=\"Mapa del Mont-Saint-Michel\" class=\"wp-image-1617\"\/><\/figure>\n\n<div style=\"margin-top:8%;margin-bottom:8%\" class=\"wp-block-genesis-blocks-gb-container box gb-block-container\"><div class=\"gb-container-inside\"><div class=\"gb-container-content\">\n<div class=\"wp-block-columns inverse box_planif is-layout-flex wp-container-core-columns-is-layout-9d6595d7 wp-block-columns-is-layout-flex\">\n<div class=\"wp-block-column texte_planif is-layout-flow wp-block-column-is-layout-flow\" style=\"flex-basis:58%\">\n<h5 class=\"titre_box\" style=\"padding-top:10px\">NUESTROS CONSEJOS PARA <span>ALQUILAR UN COCHE<\/span> EN<span class=\"titre_box_manuscrit\"> Normand\u00eda<\/span><\/h5>\n\n\n\n<ul class=\"wp-block-list\" style=\"font-size:14px\">\n<li>Compare precios en nuestra plataforma preferida: <a href=\"https:\/\/www.discovercars.com\/es\/france?a_aid=zigzag&amp;chan=NL\" target=\"_blank\" rel=\"noreferrer noopener\">DiscoverCars<\/a>, uno de los sitios mejor valorados.<\/li>\n\n\n\n<li>Elija un <strong>coche lo suficientemente c\u00f3modo <\/strong>(las distancias pueden ser largas) pero <strong>compacto<\/strong> (algunos aparcamientos y pueblos son estrechos).<\/li>\n\n\n\n<li>Considere la posibilidad de<strong>contratar un seguro a todo riesgo<\/strong> (algunas carreteras son sinuosas y estrechas).<\/li>\n\n\n\n<li>Hay mucha demanda, as\u00ed que <strong>reserve con antelaci\u00f3n<\/strong>.<\/li>\n<\/ul>\n<\/div>\n\n\n\n<div class=\"wp-block-column planif-radius-2 is-layout-flow wp-block-column-is-layout-flow\" style=\"flex-basis:42%\">\n<figure class=\"wp-block-image size-full voiture_image\"><img loading=\"lazy\" decoding=\"async\" width=\"421\" height=\"533\" src=\"https:\/\/normandielovers.fr\/wp-content\/uploads\/2023\/05\/Yport_Normandie-3328.png\" alt=\"\" class=\"wp-image-7241\" title=\"\" srcset=\"https:\/\/normandielovers.fr\/wp-content\/uploads\/2023\/05\/Yport_Normandie-3328.png 421w, https:\/\/normandielovers.fr\/wp-content\/uploads\/2023\/05\/Yport_Normandie-3328-237x300.png 237w\" sizes=\"auto, (max-width: 421px) 100vw, 421px\" \/><\/figure>\n<\/div>\n<\/div>\n\n\n\n<div class=\"wp-block-genesis-blocks-gb-container gb-block-container\"><div class=\"gb-container-inside\"><div class=\"gb-container-content\">\n<div class=\"wp-block-columns planif_bouton is-layout-flex wp-container-core-columns-is-layout-9d6595d7 wp-block-columns-is-layout-flex\">\n<div class=\"wp-block-column is-layout-flow wp-block-column-is-layout-flow\">\n<div class=\"wp-block-buttons is-content-justification-center is-layout-flex wp-container-core-buttons-is-layout-16018d1d wp-block-buttons-is-layout-flex\">\n<div class=\"wp-block-button has-custom-font-size\" style=\"font-size:14px\"><a class=\"wp-block-button__link has-white-color has-text-color wp-element-button\" href=\"https:\/\/www.discovercars.com\/es\/france?a_aid=zigzag&amp;amp;chan=NL\" style=\"border-radius:4px\" target=\"_blank\" rel=\"noreferrer noopener\">Ver coches disponibles  <strong>   <\/strong><img decoding=\"async\" class=\"wp-image-3266 img_fleche\" style=\"width: 16px;  \" src=\"https:\/\/corsicalovers.fr\/wp-content\/uploads\/2023\/03\/ArrowRight.png\" alt=\"flecha\"\/><\/a><\/div>\n<\/div>\n<\/div>\n\n\n\n<div class=\"wp-block-column is-vertically-aligned-center is-layout-flow wp-block-column-is-layout-flow\">\n<p class=\"has-text-align-center\" style=\"font-size:14px\"><strong><a href=\"https:\/\/normandielovers.fr\/es\/alquilar-coche-france\/\" target=\"_blank\" rel=\"noreferrer noopener\">Ver todos nuestros consejos<\/a><\/strong><\/p>\n<\/div>\n<\/div>\n<\/div><\/div><\/div>\n<\/div><\/div><\/div>\n\n<h4 class=\"wp-block-heading\">C\u00f3mo llegar<\/h4>\n\n<p>El Mont-Saint-Michel y su abad\u00eda est\u00e1n bastante aislados y no son f\u00e1cilmente accesibles en transporte p\u00fablico. Puede llegar en coche, en la bah\u00eda del Mont-Saint-Michel hay varios aparcamientos de pago con acceso las 24 horas. Hay autobuses lanzadera gratuitos desde los aparcamientos.<\/p>\n\n<p><a href=\"https:\/\/normandielovers.fr\/es\/como-llegar-mont-saint-michel-acceso\/\" target=\"_blank\" rel=\"noreferrer noopener\">Vea c\u00f3mo llegar al Mont-Saint-Michel (coche, tren, excursiones&#8230;).<\/a><\/p>\n\n<figure class=\"wp-block-image size-large\"><img decoding=\"async\" src=\"https:\/\/photos.smugmug.com\/Normandie-Lovers\/Mont-saint-michel\/Barrage\/i-WpXXfd5\/2\/9ce3f4f2\/L\/barrage_Mont_saint_Michel-37-L.jpg\" alt=\"El Mont-Saint-Michel y su bah&#xED;a en marea baja\"\/><figcaption class=\"wp-element-caption\">Vista del Mont-Saint-Michel y su bah\u00eda en marea baja.<\/figcaption><\/figure>\n\n<h4 class=\"wp-block-heading\">Aparcamiento<\/h4>\n\n<p>Para facilitar el acceso al Mont-Saint-Michel a los numerosos viajeros, en la bah\u00eda hay varios aparcamientos de pago.  <a href=\"https:\/\/normandielovers.fr\/es\/aparcamiento-mont-saint-michel-parking\/\" target=\"_blank\" rel=\"noreferrer noopener\">Vea c\u00f3mo aparcar en el Mont-Saint-Michel.<\/a><\/p>\n\n<figure class=\"wp-block-image size-large\"><img decoding=\"async\" src=\"https:\/\/photos.smugmug.com\/Normandie-Lovers\/Mont-saint-michel\/Barrage\/i-RcCWcZL\/2\/8b713d96\/L\/barrage_Mont_saint_Michel-01-L.jpg\" alt=\"Aparcamiento de la presa del Mont-Saint-Michel\"\/><figcaption class=\"wp-element-caption\">Aparcamiento de la presa del Mont-Saint-Michel.<\/figcaption><\/figure>\n\n<h3 class=\"wp-block-heading\">\u00bfC\u00f3mo llegar a la Abad\u00eda del Mont-Saint-Michel?<\/h3>\n\n<p>La abad\u00eda \u00abcorona\u00bb el Mont-Saint-Michel y se encuentra, por tanto, en la cima. Tome la entrada principal al Mont-Saint-Michel y a continuaci\u00f3n dispondr\u00e1 de varias opciones:  <\/p>\n\n<ul class=\"wp-block-list\">\n<li>Dir\u00edjase hacia el norte por la Grande Rue, tendr\u00e1 que subir varios tramos de escaleras en el pueblo hacia el noroeste para llegar a la entrada del monumento.<\/li>\n\n\n\n<li>Tambi\u00e9n puede recorrer las murallas desde el interior hacia el este antes de subir a la abad\u00eda cuando llegue al final de las murallas.<\/li>\n\n\n\n<li>Si visita el Chemin de ronde des Fanils en el Mont-Saint-Michel, la entrada a la abad\u00eda es accesible desde los jardines colgantes.<\/li>\n<\/ul>\n\n<figure class=\"wp-block-image size-large\"><img decoding=\"async\" src=\"https:\/\/normandielovers.fr\/wp-content\/uploads\/2023\/01\/Mapa-mont-saint-michel-calles-1024x752.png\" alt=\"Mapa de las calles del Monte Saint-Michel\" class=\"wp-image-3098\"\/><\/figure>\n\n<h3 class=\"wp-block-heading\">Mejor \u00e9poca para visitar la Abad\u00eda del Mont-Saint-Michel<\/h3>\n\n<p>En otras palabras, la Abad\u00eda del Mont-Saint-Michel es un monumento imprescindible si visita la regi\u00f3n. La mejor hora para visitarlo es por la ma\u00f1ana, idealmente antes de las 10, ya que estar\u00e1 menos concurrido cuando abra. La hora punta suele ser entre las 12.00 y las 15.00 horas. Los visitantes pueden ser muy numerosos, ya que el Mont-Saint-Michel acoge cada a\u00f1o a m\u00e1s de un mill\u00f3n de turistas.<\/p>\n\n<p>As\u00ed que no olvide <a href=\"https:\/\/www.tiqets.com\/es\/billets-labbaye-du-mont-saint-michel-l145867\/?partner=region_lovers&amp;tq_campaign=NL\" target=\"_blank\" rel=\"noreferrer noopener sponsored nofollow\">reservar su plaza<\/a>.<\/p>\n\n<figure class=\"wp-block-image size-large\"><img decoding=\"async\" src=\"https:\/\/photos.smugmug.com\/Normandie-Lovers\/Mont-saint-michel\/Abbaye\/i-HxHC4DM\/1\/08e19407\/L\/jardins_abbaye_mont_saint_michel-20-L.jpg\" alt=\"Escalinatas y murallas alrededor de la Abad&#xED;a del Mont-Saint-Michel\"\/><figcaption class=\"wp-element-caption\">Unos pasos en las murallas.<\/figcaption><\/figure>\n\n<p>Elija los d\u00edas laborables en lugar de los fines de semana, a ser posible no en temporada alta para evitar la afluencia de turistas de todo el mundo.<\/p>\n\n<figure class=\"wp-block-image size-large\"><img decoding=\"async\" src=\"https:\/\/photos.smugmug.com\/Travel\/Normandie\/R5d-Abbaye-Mont-Saint-Michel\/i-DkhtDCx\/4\/8595de2a\/L\/abbaye_mont_saint_michel_Normandie-8538-L.jpg\" alt=\"Las g&#xE1;rgolas de la Abad&#xED;a del Mont-Saint-Michel\"\/><figcaption class=\"wp-element-caption\">Las g\u00e1rgolas sobresalen de la Abad\u00eda del Mont-Saint-Michel.<\/figcaption><\/figure>\n\n<h3 class=\"wp-block-heading\">Cu\u00e1nto tiempo tardar\u00e1 en visitar este monumento y las principales dificultades<\/h3>\n\n<p><span style=\"font-weight: 400;\">Dedique entre 1 y 2 horas a la visita, en funci\u00f3n de su inter\u00e9s por las diferentes salas de la abad\u00eda.  <\/span><\/p>\n\n<p>Hay muchos pasos dentro para llegar all\u00ed. Conclusi\u00f3n: \u00a1si tiene problemas de rodilla, la visita a la abad\u00eda no es en absoluto adecuada para usted!  <\/p>\n\n<h3 class=\"wp-block-heading\">\u00bfCu\u00e1ntos escalones hay que subir para llegar a la cima del Mont-Saint-Michel?<\/h3>\n\n<p>En total, contamos casi 150 desde el inicio del recorrido hasta la cima de la abad\u00eda, \u00a1y tendr\u00e1 que subir otros 200 antes de llegar a la entrada de la Maravilla! As\u00ed que 350 en total para alcanzar la cima del Mont-Saint-Michel.<\/p>\n\n<h3 class=\"wp-block-heading\"><strong>\u00bfQu\u00e9 zapatos elegir para visitar la abad\u00eda?<\/strong><\/h3>\n\n<p>Lleve buen calzado para caminar, ya que s\u00f3lo se puede acceder al pueblo franc\u00e9s a pie, pues en el Mont-Saint-Michel no hay coches. Para llegar a la cima tendr\u00e1 que subir 350 escalones, as\u00ed que p\u00f3ngase los zapatos y \u00a1buena suerte!<\/p>\n\n<div style=\"background-color:#fefefe;margin-top:8%;margin-bottom:8%\" class=\"wp-block-genesis-blocks-gb-container box gb-block-container\"><div class=\"gb-container-inside\"><div class=\"gb-container-content\" style=\"max-width:700px\">\n<div class=\"wp-block-columns inverse is-layout-flex wp-container-core-columns-is-layout-9d6595d7 wp-block-columns-is-layout-flex\">\n<div class=\"wp-block-column texte_planif is-layout-flow wp-block-column-is-layout-flow\" style=\"flex-basis:58%\">\n<h5 class=\"titre_box\" style=\"padding-top:10px\">UTILICE NUESTRA GU\u00cdA PARA PLANIFICAR UN  <br\/><span>VIAJE DE ENSUE\u00d1O<\/span> A <span class=\"titre_box_manuscrit\">Normand\u00eda<\/span><\/h5>\n\n\n\n<div class=\"wp-block-genesis-blocks-gb-container gb-block-container\"><div class=\"gb-container-inside\"><div class=\"gb-container-content\">\n<p style=\"font-size:14px\">Toda la informaci\u00f3n que necesita para su viaje:<\/p>\n<\/div><\/div><\/div>\n\n\n\n<div class=\"wp-block-genesis-blocks-gb-container gb-block-container\"><div class=\"gb-container-inside\"><div class=\"gb-container-content\"><\/div><\/div><\/div>\n\n\n\n<ul style=\"font-size:14px\" id=\"liste_discover\" class=\"wp-block-list\">\n<li>8 mapas que facilitan la planificaci\u00f3n<\/li>\n\n\n\n<li>M\u00e1s de 160 lugares preseleccionados<\/li>\n\n\n\n<li>Consejos pr\u00e1cticos<\/li>\n\n\n\n<li>M\u00e1s de 300 fotos para ayudarle a elegir<\/li>\n<\/ul>\n\n\n\n<div class=\"wp-block-buttons has-custom-font-size bouton_10 is-content-justification-center is-layout-flex wp-container-core-buttons-is-layout-14c487f4 wp-block-buttons-is-layout-flex\" style=\"font-size:13px\">\n<div class=\"wp-block-button has-custom-font-size\" style=\"font-size:14px\"><a class=\"wp-block-button__link has-white-color has-text-color wp-element-button\" href=\"https:\/\/normandielovers.fr\/es\/ebook-guia-road-trip-normandia\/\" style=\"border-radius:4px\" target=\"_blank\" rel=\"noreferrer noopener\">Descubra >><\/a><\/div>\n<\/div>\n<\/div>\n\n\n\n<div class=\"wp-block-column is-layout-flow wp-block-column-is-layout-flow\" style=\"flex-basis:42%\">\n<div class=\"wp-block-genesis-blocks-gb-container ebook-radius gb-block-container\"><div class=\"gb-container-inside\"><div class=\"gb-container-content\"><div class=\"wp-block-image ebook-image\">\n<figure class=\"aligncenter size-large is-resized\"><img decoding=\"async\" src=\"https:\/\/normandielovers.fr\/wp-content\/uploads\/2023\/03\/Box-Ebook-Normandia-ES.png\" alt=\"Box Ebook C\u00f3rcega FR\" style=\"width:203px;height:157px\"\/><\/figure>\n<\/div><\/div><\/div><\/div>\n<\/div>\n<\/div>\n<\/div><\/div><\/div>\n\n<h3 class=\"wp-block-heading\">Consejos para la visita<\/h3>\n\n<p>El tr\u00e1fico dentro de la Abad\u00eda del Mont-Saint-Michel est\u00e1 se\u00f1alizado y el sentido de la visita es unidireccional.<\/p>\n\n<h3 class=\"wp-block-heading\">La Abad\u00eda del Mont-Saint-Michel con ni\u00f1os<\/h3>\n\n<p>Por supuesto, la abad\u00eda es accesible a los ni\u00f1os. No obstante, si tiene previsto visitar la Abad\u00eda del Mont-Saint-Michel con ni\u00f1os peque\u00f1os, opte por un portabeb\u00e9s en lugar de un cochecito, \u00a1ya que no podr\u00e1 sortear los numerosos escalones y adoquines!  <\/p>\n\n<p>La Oficina de Turismo organiza b\u00fasquedas del tesoro aptas para todas las edades.  <a href=\"https:\/\/normandielovers.fr\/es\/visita-mont-saint-michel-consejos\/#Visiter_le_Mont-Saint-Michel_avec_des_enfants\" target=\"_blank\" rel=\"noreferrer noopener\">Consulte las actividades dedicadas a los ni\u00f1os en el Mont-Saint-Michel.<\/a><\/p>\n\n<h3 class=\"wp-block-heading\">\u00bfEs posible visitar la Abad\u00eda del Mont-Saint-Michel con un animal de compa\u00f1\u00eda?<\/h3>\n\n<p>No se admiten animales de compa\u00f1\u00eda en la abad\u00eda. Tenga tambi\u00e9n en cuenta que los autobuses lanzadera del aparcamiento a la monta\u00f1a s\u00f3lo admiten perros gu\u00eda y perros transportados en bolsas cerradas. Por supuesto, se admiten animales de compa\u00f1\u00eda en el interior del Mont-Saint-Michel, como en cualquier otro pueblo de Francia.<\/p>\n\n<figure class=\"wp-block-image size-large\"><img decoding=\"async\" src=\"https:\/\/photos.smugmug.com\/Normandie-Lovers\/Mont-saint-michel\/Abbaye\/i-2ksS9zV\/1\/0f077bf9\/L\/entree_abbaye_mont_saint_michel-09-L.jpg\" alt=\"La entrada a la abad&#xED;a\"\/><\/figure>\n\n<h3 class=\"wp-block-heading\">Horarios y precios<\/h3>\n\n<p>A continuaci\u00f3n encontrar\u00e1 los horarios de apertura de la Abad\u00eda del Mont-Saint-Michel:<\/p>\n\n<ul class=\"wp-block-list\">\n<li>Del 1 de mayo al 31 de agosto: de 9.00 a 19.00 horas.<\/li>\n\n\n\n<li>Del 1 de septiembre al 30 de abril: de 9.30 a 18.00 horas.<\/li>\n\n\n\n<li>Cerrado el<sup>1<\/sup> de enero, el<sup>1 de<\/sup> mayo y el 25 de diciembre.<\/li>\n<\/ul>\n\n<p>Como ya se ha mencionado, la Abad\u00eda del Mont-Saint-Michel es un lugar muy visitado. Por ello, le aconsejamos que compre su billete con antelaci\u00f3n a su visita. Tambi\u00e9n puede optar por un billete para evitar hacer cola a su llegada.<\/p>\n\n<p>Asimismo, aseg\u00farese de consultar la <a href=\"https:\/\/www.abbaye-mont-saint-michel.fr\/Preparer-sa-visite\/Informations-pratiques2\" target=\"_blank\" rel=\"noreferrer noopener nofollow\">p\u00e1gina web<\/a> oficial para conocer cualquier actualizaci\u00f3n de los horarios de visita de la abad\u00eda.<\/p>\n\n<p>Consulte a continuaci\u00f3n los detalles de las tasas:<\/p>\n\n<p>Para asegurarse de poder visitarlo, <a href=\"https:\/\/www.tiqets.com\/es\/billets-labbaye-du-mont-saint-michel-l145867\/?partner=region_lovers&amp;tq_campaign=NL\" target=\"_blank\" rel=\"noreferrer noopener sponsored nofollow\">reserve aqu\u00ed su hora de visita lo antes posible (plazas limitadas)<\/a>.<\/p>\n\n<p>Tarifa completa para adultos: 11<br\/>Gratuito (excepto para grupos) para :<\/p>\n\n<ul class=\"wp-block-list\">\n<li>Menores de 18 a\u00f1os.<\/li>\n\n\n\n<li>18-25 a\u00f1os (nacionales de pa\u00edses de la Uni\u00f3n Europea y residentes regulares no europeos en territorio franc\u00e9s).<\/li>\n\n\n\n<li>Persona con discapacidad y su cuidador.<\/li>\n\n\n\n<li>Demandantes de empleo y beneficiarios de prestaciones sociales m\u00ednimas (previa presentaci\u00f3n de un certificado de menos de 6 meses de antig\u00fcedad).  <\/li>\n\n\n\n<li>Pase educativo (v\u00e1lido para el a\u00f1o en curso).<\/li>\n<\/ul>\n\n<p>Tambi\u00e9n hay una taquilla disponible in situ, sujeta a la disponibilidad de entradas y a la cola del d\u00eda. As\u00ed que la cola de visitantes a veces puede ser muy larga y \u00a1llegar hasta las calles del pueblo!<\/p>\n\n<div style=\"margin-top:8%;margin-bottom:8%\" class=\"wp-block-genesis-blocks-gb-container box gb-block-container\"><div class=\"gb-container-inside\"><div class=\"gb-container-content\">\n<div style=\"background-color:#fefefe;margin-top:6%;margin-bottom:6%\" class=\"wp-block-genesis-blocks-gb-container box gb-block-container\"><div class=\"gb-container-inside\"><div class=\"gb-container-content\" style=\"max-width:700px\">\n<div class=\"wp-block-columns inverse is-layout-flex wp-container-core-columns-is-layout-9d6595d7 wp-block-columns-is-layout-flex\">\n<div class=\"wp-block-column texte_planif is-layout-flow wp-block-column-is-layout-flow\" style=\"flex-basis:58%\">\n<h5 class=\"titre_box\">Reciba nuestro <span class=\"titre_box_manuscrit\">bolet\u00edn<\/span><\/h5>\n\n\n\n<ul class=\"wp-block-list\">\n<li>\u00a1Un soplo de aire fresco en su vida cotidiana en los bellos destinos de Region Lovers!<\/li>\n\n\n\n<li>Una vez al mes<\/li>\n\n\n\n<li>Sin publicidad<\/li>\n<\/ul>\n\n\n\n                <div class='gf_browser_gecko gform_wrapper gravity-theme gform-theme--no-framework waitlist_wrapper' data-form-theme='gravity-theme' data-form-index='0' id='gform_wrapper_3' >\n                        <div class='gform_heading'>\n                            <p class='gform_description'><\/p>\n                        <\/div><form method='post' enctype='multipart\/form-data'  id='gform_3' class='waitlist' action='\/es\/wp-json\/wp\/v2\/posts\/3628' data-formid='3' novalidate> \r\n <input type='hidden' class='gforms-pum' value='{\"closepopup\":false,\"closedelay\":0,\"openpopup\":false,\"openpopup_id\":0}' \/>\n                        <div class='gform-body gform_body'><div id='gform_fields_3' class='gform_fields top_label form_sublabel_below description_below validation_below'><div id=\"field_3_5\" class=\"gfield gfield--type-honeypot gform_validation_container field_sublabel_below gfield--has-description field_description_below field_validation_below gfield_visibility_visible\"  ><label class='gfield_label gform-field-label' for='input_3_5'>LinkedIn<\/label><div class='ginput_container'><input name='input_5' id='input_3_5' type='text' value='' autocomplete='new-password'\/><\/div><div class='gfield_description' id='gfield_description_3_5'>Este campo es un campo de validaci\u00f3n y debe quedar sin cambios.<\/div><\/div><div id=\"field_3_1\" class=\"gfield gfield--type-email gfield--input-type-email gfield_contains_required field_sublabel_below gfield--no-description field_description_below hidden_label field_validation_below gfield_visibility_visible\"  ><label class='gfield_label gform-field-label' for='input_3_1'>E-mail<span class=\"gfield_required\"><span class=\"gfield_required gfield_required_text\">(Obligatorio)<\/span><\/span><\/label><div class='ginput_container ginput_container_email'>\n                            <input name='input_1' id='input_3_1' type='email' value='' class='large'    aria-required=\"true\" aria-invalid=\"false\"  \/>\n                        <\/div><\/div><fieldset id=\"field_3_3\" class=\"gfield gfield--type-consent gfield--type-choice gfield--input-type-consent gfield_contains_required field_sublabel_below gfield--no-description field_description_below hidden_label field_validation_below gfield_visibility_visible\"  ><legend class='gfield_label gform-field-label gfield_label_before_complex' >RGPD<span class=\"gfield_required\"><span class=\"gfield_required gfield_required_text\">(Obligatorio)<\/span><\/span><\/legend><div class='ginput_container ginput_container_consent'><input name='input_3.1' id='input_3_3_1' type='checkbox' value='1'   aria-required=\"true\" aria-invalid=\"false\"   \/> <label class=\"gform-field-label gform-field-label--type-inline gfield_consent_label\" for='input_3_3_1' >S\u00ed, deseo suscribirme al bolet\u00edn mensual<span class=\"gfield_required gfield_required_text\">(Obligatorio)<\/span><\/label><input type='hidden' name='input_3.2' value='S\u00ed, deseo suscribirme al bolet\u00edn mensual' class='gform_hidden' \/><input type='hidden' name='input_3.3' value='1' class='gform_hidden' \/><\/div><\/fieldset><div id=\"field_3_4\" class=\"gfield gfield--type-website gfield--input-type-website gfield--width-full field_sublabel_below gfield--no-description field_description_below field_validation_below gfield_visibility_hidden\"  ><div class=\"admin-hidden-markup\"><i class=\"gform-icon gform-icon--hidden\" aria-hidden=\"true\" title=\"Este campo est\u00e1 oculto cuando se visualiza el formulario\"><\/i><span>Este campo est\u00e1 oculto cuando se visualiza el formulario<\/span><\/div><label class='gfield_label gform-field-label' for='input_3_4'>Site Web<\/label><div class='ginput_container ginput_container_website'>\n                    <input name='input_4' id='input_3_4' type='url' value='https:\/\/normandielovers.fr\/es\/wp-json\/wp\/v2\/posts\/3628' class='large'    placeholder='https:\/\/'  aria-invalid=\"false\" \/>\n                <\/div><\/div><\/div><\/div>\n        <div class='gform-footer gform_footer top_label'> <input type='submit' id='gform_submit_button_3' class='gform_button button' onclick='gform.submission.handleButtonClick(this);' data-submission-type='submit' value='Suscribirse'  \/> \n            <input type='hidden' class='gform_hidden' name='gform_submission_method' data-js='gform_submission_method_3' value='postback' \/>\n            <input type='hidden' class='gform_hidden' name='gform_theme' data-js='gform_theme_3' id='gform_theme_3' value='gravity-theme' \/>\n            <input type='hidden' class='gform_hidden' name='gform_style_settings' data-js='gform_style_settings_3' id='gform_style_settings_3' value='{&quot;inputPrimaryColor&quot;:&quot;#204ce5&quot;}' \/>\n            <input type='hidden' class='gform_hidden' name='is_submit_3' value='1' \/>\n            <input type='hidden' class='gform_hidden' name='gform_submit' value='3' \/>\n            \n            <input type='hidden' class='gform_hidden' name='gform_currency' data-currency='EUR' value='zJzgP0282ZCwdQOdbWESEZxl1UmY5yu8+HuTXo8dp5XzTuP4bfyQJ4ZwjtsJsqI18r2lsCsOemgn7IwL7rub05NEF5blMlriLfZiinT85pZNZ\/s=' \/>\n            <input type='hidden' class='gform_hidden' name='gform_unique_id' value='' \/>\n            <input type='hidden' class='gform_hidden' name='state_3' value='WyJ7XCIzLjFcIjpcIjMxNjA2NDljOTQ4ZTZmNmVjNWZiNTY0Nzg5MTJjNGRkXCIsXCIzLjJcIjpcImU1YWIzNmNmZGFiMTM3NGU4ZTRlZmRiY2MwZTU4ZGI0XCIsXCIzLjNcIjpcIjMxNjA2NDljOTQ4ZTZmNmVjNWZiNTY0Nzg5MTJjNGRkXCJ9IiwiYTFiODQ0NmJlOWQ2YjYyNTI4NzNhOTA2MjJmNTc2NTYiXQ==' \/>\n            <input type='hidden' autocomplete='off' class='gform_hidden' name='gform_target_page_number_3' id='gform_target_page_number_3' value='0' \/>\n            <input type='hidden' autocomplete='off' class='gform_hidden' name='gform_source_page_number_3' id='gform_source_page_number_3' value='1' \/>\n            <input type='hidden' name='gform_field_values' value='' \/>\n            \n        <\/div>\n                        <\/form>\n                        <\/div><script>\ngform.initializeOnLoaded( function() {gformInitSpinner( 3, 'https:\/\/normandielovers.fr\/wp-content\/plugins\/gravityforms\/images\/spinner.svg', true );jQuery('#gform_ajax_frame_3').on('load',function(){var contents = jQuery(this).contents().find('*').html();var is_postback = contents.indexOf('GF_AJAX_POSTBACK') >= 0;if(!is_postback){return;}var form_content = jQuery(this).contents().find('#gform_wrapper_3');var is_confirmation = jQuery(this).contents().find('#gform_confirmation_wrapper_3').length > 0;var is_redirect = contents.indexOf('gformRedirect(){') >= 0;var is_form = form_content.length > 0 && ! is_redirect && ! is_confirmation;var mt = parseInt(jQuery('html').css('margin-top'), 10) + parseInt(jQuery('body').css('margin-top'), 10) + 100;if(is_form){jQuery('#gform_wrapper_3').html(form_content.html());if(form_content.hasClass('gform_validation_error')){jQuery('#gform_wrapper_3').addClass('gform_validation_error');} else {jQuery('#gform_wrapper_3').removeClass('gform_validation_error');}setTimeout( function() { \/* delay the scroll by 50 milliseconds to fix a bug in chrome *\/  }, 50 );if(window['gformInitDatepicker']) {gformInitDatepicker();}if(window['gformInitPriceFields']) {gformInitPriceFields();}var current_page = jQuery('#gform_source_page_number_3').val();gformInitSpinner( 3, 'https:\/\/normandielovers.fr\/wp-content\/plugins\/gravityforms\/images\/spinner.svg', true );jQuery(document).trigger('gform_page_loaded', [3, current_page]);window['gf_submitting_3'] = false;}else if(!is_redirect){var confirmation_content = jQuery(this).contents().find('.GF_AJAX_POSTBACK').html();if(!confirmation_content){confirmation_content = contents;}jQuery('#gform_wrapper_3').replaceWith(confirmation_content);jQuery(document).trigger('gform_confirmation_loaded', [3]);window['gf_submitting_3'] = false;wp.a11y.speak(jQuery('#gform_confirmation_message_3').text());}else{jQuery('#gform_3').append(contents);if(window['gformRedirect']) {gformRedirect();}}jQuery(document).trigger(\"gform_pre_post_render\", [{ formId: \"3\", currentPage: \"current_page\", abort: function() { this.preventDefault(); } }]);        if (event && event.defaultPrevented) {                return;        }        const gformWrapperDiv = document.getElementById( \"gform_wrapper_3\" );        if ( gformWrapperDiv ) {            const visibilitySpan = document.createElement( \"span\" );            visibilitySpan.id = \"gform_visibility_test_3\";            gformWrapperDiv.insertAdjacentElement( \"afterend\", visibilitySpan );        }        const visibilityTestDiv = document.getElementById( \"gform_visibility_test_3\" );        let postRenderFired = false;        function triggerPostRender() {            if ( postRenderFired ) {                return;            }            postRenderFired = true;            gform.core.triggerPostRenderEvents( 3, current_page );            if ( visibilityTestDiv ) {                visibilityTestDiv.parentNode.removeChild( visibilityTestDiv );            }        }        function debounce( func, wait, immediate ) {            var timeout;            return function() {                var context = this, args = arguments;                var later = function() {                    timeout = null;                    if ( !immediate ) func.apply( context, args );                };                var callNow = immediate && !timeout;                clearTimeout( timeout );                timeout = setTimeout( later, wait );                if ( callNow ) func.apply( context, args );            };        }        const debouncedTriggerPostRender = debounce( function() {            triggerPostRender();        }, 200 );        if ( visibilityTestDiv && visibilityTestDiv.offsetParent === null ) {            const observer = new MutationObserver( ( mutations ) => {                mutations.forEach( ( mutation ) => {                    if ( mutation.type === 'attributes' && visibilityTestDiv.offsetParent !== null ) {                        debouncedTriggerPostRender();                        observer.disconnect();                    }                });            });            observer.observe( document.body, {                attributes: true,                childList: false,                subtree: true,                attributeFilter: [ 'style', 'class' ],            });        } else {            triggerPostRender();        }    } );} );\n<\/script>\n<\/div>\n\n\n\n<div class=\"wp-block-column is-layout-flow wp-block-column-is-layout-flow\" style=\"flex-basis:42%\">\n<div class=\"wp-block-genesis-blocks-gb-container aligncenter newsletter-radius gb-block-container\"><div class=\"gb-container-inside\"><div class=\"gb-container-content\"><div class=\"wp-block-image newsletter-image\">\n<figure class=\"aligncenter size-full\"><img loading=\"lazy\" decoding=\"async\" width=\"729\" height=\"792\" src=\"https:\/\/normandielovers.fr\/wp-content\/uploads\/2024\/01\/newsletter_FR_2.png\" alt=\"\" class=\"wp-image-12777\" srcset=\"https:\/\/normandielovers.fr\/wp-content\/uploads\/2024\/01\/newsletter_FR_2.png 729w, https:\/\/normandielovers.fr\/wp-content\/uploads\/2024\/01\/newsletter_FR_2-276x300.png 276w\" sizes=\"auto, (max-width: 729px) 100vw, 729px\" \/><\/figure>\n<\/div><\/div><\/div><\/div>\n<\/div>\n<\/div>\n<\/div><\/div><\/div>\n<\/div><\/div><\/div>\n\n<h3 class=\"wp-block-heading\">Visitas guiadas<\/h3>\n\n<p>Elegimos la opci\u00f3n de la audiogu\u00eda y \u00a1vali\u00f3 la pena! Hay varios textos informativos asociados a la audiogu\u00eda y no son demasiado largos de leer. Las explicaciones son claras y permiten comprender mejor ciertos detalles. \u00a1El conjunto est\u00e1 bien equilibrado!<\/p>\n\n<figure class=\"wp-block-image size-large\"><img decoding=\"async\" src=\"https:\/\/photos.smugmug.com\/Normandie-Lovers\/Mont-saint-michel\/Abbaye\/i-FnZJ4GM\/1\/ee07c982\/L\/audioguide_abbaye_mont_saint_michel-3-L.jpg\" alt=\"La audiogu&#xED;a de nuestra visita a la abad&#xED;a\"\/><figcaption class=\"wp-element-caption\">La audiogu\u00eda de nuestra visita<\/figcaption><\/figure>\n\n<p>La visita audioguiada dura 1 hora y el \u00faltimo audiogu\u00eda puede contratarse a las 16.45 horas.<br\/>Las audiogu\u00edas est\u00e1n disponibles en diferentes idiomas:<\/p>\n\n<ul class=\"wp-block-list\">\n<li>Franc\u00e9s,<\/li>\n\n\n\n<li>Ingl\u00e9s,<\/li>\n\n\n\n<li>Alem\u00e1n,<\/li>\n\n\n\n<li>Espa\u00f1ol,<\/li>\n\n\n\n<li>Italiano,<\/li>\n\n\n\n<li>Japon\u00e9s,<\/li>\n\n\n\n<li>Portugu\u00e9s,<\/li>\n\n\n\n<li>Ruso,<\/li>\n\n\n\n<li>Chino,<\/li>\n\n\n\n<li>Coreano.<\/li>\n<\/ul>\n\n<p>Cuando llegue al interior de la abad\u00eda, rec\u00f3jalo en la taquilla habilitada al efecto por el precio de 3 euros.<\/p>\n\n<p>Los detalles de las opciones de visitas guiadas est\u00e1n disponibles en la <a href=\"https:\/\/www.abbaye-mont-saint-michel.fr\/\" target=\"_blank\" rel=\"noreferrer noopener nofollow\">p\u00e1gina web oficial<\/a> de la Abad\u00eda del Mont-Saint-Michel.<\/p>\n\n<figure class=\"wp-block-image size-large\"><img decoding=\"async\" src=\"https:\/\/photos.smugmug.com\/Normandie-Lovers\/Mont-saint-michel\/Abbaye\/i-QDf85NB\/1\/731fafdd\/L\/escalier_abbaye_mont_saint_michel-06-L.jpg\" alt=\"Los adoquines de la Abad&#xED;a del Mont-Saint-Michel\"\/><figcaption class=\"wp-element-caption\">Los adoquines de la Abad\u00eda del Mont-Saint-Michel.<\/figcaption><\/figure>\n\n<h2 class=\"wp-block-heading\">Inicio de la visita: la escalera del Grand Degr\u00e9 y la Terraza<\/h2>\n\n<p>Guardamos un grato recuerdo de esta visita porque \u00a1este monumento es realmente \u00fanico!<\/p>\n\n<h3 class=\"wp-block-heading\">El Grand Degr\u00e9, una gigantesca escalera con cientos de pelda\u00f1os  <\/h3>\n\n<figure class=\"wp-block-image size-large\"><img decoding=\"async\" src=\"https:\/\/photos.smugmug.com\/Travel\/Normandie\/R5d-Abbaye-Mont-Saint-Michel\/i-pWbBh8F\/4\/ce8c9cc0\/L\/abbaye_mont_saint_michel_Normandie-4959-L.jpg\" alt=\"La escalera del Grand Degr&#xE9; en la Abad&#xED;a del Mont-Saint-Michel\"\/><figcaption class=\"wp-element-caption\">Vista del Grand Degr\u00e9, la escalera de 350 pelda\u00f1os, en \u00e1ngulo bajo.<\/figcaption><\/figure>\n\n<p>Comenzamos por el Grand Degr\u00e9, una gargantuesca escalera de piedra que conduce a la terraza oeste. Se quedar\u00e1 sin palabras cuando llegue a la cima. No por las numerosas escaleras, \u00a1sino por la magn\u00edfica vista de la bah\u00eda desde esta terraza! Observar\u00e1 el r\u00edo Couesnon cuya desembocadura est\u00e1 cerca del Mont-Saint-Michel. A lo lejos, si el cielo est\u00e1 despejado, podr\u00e1 admirar los acantilados de Champeaux y la roca de Tombelaine.<\/p>\n\n<figure class=\"wp-block-image size-large\"><img decoding=\"async\" src=\"https:\/\/photos.smugmug.com\/Travel\/Normandie\/R5d-Abbaye-Mont-Saint-Michel\/i-Fpc8C2H\/4\/87c18f0e\/L\/abbaye_mont_saint_michel_Normandie-8550-L.jpg\" alt=\"La aguja coronada por el arc&#xE1;ngel San Miguel\"\/><\/figure>\n\n<p>No olvide mirar hacia arriba, podr\u00e1 ver la aguja con el arc\u00e1ngel San Miguel en lo alto. Estamos fascinados por la estatua que, por s\u00ed sola, mide 4,5 metros de altura con sus alas y pesa m\u00e1s de 400 kg.<\/p>\n\n<figure class=\"wp-block-image size-large\"><img decoding=\"async\" src=\"https:\/\/photos.smugmug.com\/Normandie-Lovers\/Mont-saint-michel\/Abbaye\/i-GzRg8k2\/1\/1176dc4f\/L\/jardins_abbaye_mont_saint_michel-06-L.jpg\" alt=\"Silueta del Mont-Saint-Michel\"\/><figcaption class=\"wp-element-caption\">Vista de la silueta del Mont-Saint-Michel desde la terraza.<\/figcaption><\/figure>\n\n<h2 class=\"wp-block-heading\">Luego viene la \u00abMaravilla\u00bb del Mont-Saint-Michel<\/h2>\n\n<h3 class=\"wp-block-heading\">La iglesia abacial situada a 80 metros de altitud<\/h3>\n\n<p>Esta iglesia es una verdadera proeza arquitect\u00f3nica si se tiene en cuenta que el acceso al Mont-Saint-Michel no es tan f\u00e1cil. Imagine a los arquitectos y obreros de la Edad Media trazando planos, transportando materiales hasta la cima del Mont-Saint-Michel y construyendo desde cero este lugar de culto para acoger a los peregrinos.<\/p>\n\n<p>Si se fija bien, ver\u00e1 una antigua placa conservada en la que se mencionan los nombres de los caballeros que defendieron la abad\u00eda durante la Guerra de los Cien A\u00f1os.<\/p>\n\n<figure class=\"wp-block-image size-large\"><img decoding=\"async\" src=\"https:\/\/photos.smugmug.com\/Normandie-Lovers\/Mont-saint-michel\/Abbaye\/i-qrXD82n\/1\/2afa0a6e\/L\/eglise_abbaye_mont_saint_michel-09-L.jpg\" alt=\"interior de la iglesia abacial\"\/><figcaption class=\"wp-element-caption\">El interior de la iglesia abacial<\/figcaption><\/figure>\n\n<h3 class=\"wp-block-heading\">El claustro y sus notables detalles arquitect\u00f3nicos<\/h3>\n\n<p>El claustro era ante todo un espacio de encuentros e intercambios que no estaba sometido a la regla del silencio como algunas otras salas del santuario. Los monjes tambi\u00e9n pod\u00edan practicar aqu\u00ed la meditaci\u00f3n o simplemente pasear por el claustro para ir de una habitaci\u00f3n a otra.  <\/p>\n\n<figure class=\"wp-block-image size-large is-resized\"><img loading=\"lazy\" decoding=\"async\" src=\"https:\/\/photos.smugmug.com\/Travel\/Normandie\/R5d-Abbaye-Mont-Saint-Michel\/i-nZwkRgv\/4\/5ad773c9\/L\/abbaye_mont_saint_michel_Normandie-4967-L.jpg\" alt=\"La galer&#xED;a claustral de la Abad&#xED;a del Mont-Saint-Michel\" width=\"702\" height=\"526\"\/><figcaption class=\"wp-element-caption\">La galer\u00eda del claustro.<\/figcaption><\/figure>\n\n<p>En la Edad Media, las galer\u00edas del claustro estaban generalmente recubiertas de plomo, al igual que muchos de los edificios de la abad\u00eda. La del Mont-Saint-Michel ha sufrido muchos cambios a lo largo de los tiempos. Desde la Edad Media hasta el siglo XX, se han utilizado diversos materiales para sostener esta estructura hasta nuestros d\u00edas: plomo, tejas vidriadas y piedra.<\/p>\n\n<p>\u00bfQu\u00e9 hace que este claustro sea \u00fanico? \u00a1Es una azotea! Se encuentra en la parte superior de la abad\u00eda. Paseando por su galer\u00eda, sentir\u00e1 como si tocara las nubes y el cielo.<\/p>\n\n<figure class=\"wp-block-image size-large\"><img decoding=\"async\" src=\"https:\/\/photos.smugmug.com\/Normandie-Lovers\/Mont-saint-michel\/Abbaye\/i-9J6Bq8v\/1\/5477124e\/L\/cloitre_mont_saint_michel-27-L.jpg\" alt=\"Molduras y rosetones en la galer&#xED;a del claustro de la abad&#xED;a del Mont-Saint-Michel\"\/><figcaption class=\"wp-element-caption\">El detalle de las molduras y rosetones de la galer\u00eda del claustro.<\/figcaption><\/figure>\n\n<p>Los arcos del claustro est\u00e1n hechos de una fina piedra caliza de un blanco luminoso apta para la escultura, llamada piedra de Caen. F\u00edjese bien en los restos de policrom\u00eda a\u00fan visibles en estos arcos, prueba de que los rosetones y las molduras estaban coloreados en rojo y verde. En el siglo XIX, los trabajos de restauraci\u00f3n se concentraron en la sustituci\u00f3n de las piedras m\u00e1s da\u00f1adas y en la reparaci\u00f3n de algunos motivos que faltaban o se hab\u00edan perdido.<\/p>\n\n<h3 class=\"wp-block-heading\">El refectorio de los monjes en la<sup>3\u00aa <\/sup>planta: comidas en silencio<\/h3>\n\n<p>Esta habitaci\u00f3n puede parecer bastante anodina, sin ning\u00fan detalle en particular. Sin embargo, era un lugar al que s\u00f3lo se permit\u00eda el acceso a los religiosos. El refectorio se encuentra en el piso superior e ilustra el lugar del clero en el orden social de la \u00e9poca.<\/p>\n\n<figure class=\"wp-block-image size-large\"><img decoding=\"async\" src=\"https:\/\/photos.smugmug.com\/Travel\/Normandie\/R5d-Abbaye-Mont-Saint-Michel\/i-HZPCq2r\/4\/305ceacb\/L\/abbaye_mont_saint_michel_Normandie-4973-L.jpg\" alt=\"El refectorio de los monjes\"\/><figcaption class=\"wp-element-caption\">El refectorio de los monjes.<\/figcaption><\/figure>\n\n<p>Los monjes tambi\u00e9n deb\u00edan guardar silencio durante las comidas, al igual que en la mayor\u00eda de las dependencias de la abad\u00eda. S\u00f3lo el lector semanal de los textos sagrados pod\u00eda leer en voz alta. T\u00f3mese su tiempo para fijarse en la ingeniosa estructura de las columnas y las ventanas que confieren a la sala una ac\u00fastica excelente.<\/p>\n\n<figure class=\"wp-block-image size-large\"><img decoding=\"async\" src=\"https:\/\/photos.smugmug.com\/Travel\/Normandie\/R5d-Abbaye-Mont-Saint-Michel\/i-zX73ppf\/4\/f19d8448\/L\/abbaye_mont_saint_michel_Normandie-4974-L.jpg\" alt=\"El suelo del refectorio de los monjes\"\/><figcaption class=\"wp-element-caption\">El suelo del refectorio de los monjes.<\/figcaption><\/figure>\n\n<h2 class=\"wp-block-heading\">El conjunto de habitaciones de la abad\u00eda<\/h2>\n\n<h3 class=\"wp-block-heading\">La Cripta de los Grandes Pilares<\/h3>\n\n<figure class=\"wp-block-image size-large is-resized\"><img loading=\"lazy\" decoding=\"async\" src=\"https:\/\/photos.smugmug.com\/Normandie-Lovers\/Mont-saint-michel\/Abbaye\/i-ThhPvZj\/1\/39d25594\/L\/crypte_gros_pilliers_abbaye_mont_saint_michel-02-L.jpg\" alt=\"Mayor anchura de los pilares en la cripta de los Grandes Pilares\" width=\"702\" height=\"526\"\/><figcaption class=\"wp-element-caption\">La anchura de los pilares es mucho mayor.<\/figcaption><\/figure>\n\n<p>Esta cripta sostiene el coro de la iglesia abacial. Las columnas son mucho m\u00e1s imponentes.<\/p>\n\n<figure class=\"wp-block-image size-large\"><img decoding=\"async\" src=\"https:\/\/photos.smugmug.com\/Normandie-Lovers\/Mont-saint-michel\/Abbaye\/i-DwPfLDH\/1\/f6818992\/L\/crypte_gros_pilliers_abbaye_mont_saint_michel-05-L.jpg\" alt=\"Las b&#xF3;vedas de la cripta de los Gros Piliers\"\/><figcaption class=\"wp-element-caption\">Las b\u00f3vedas de la cripta de los Gros Piliers.  <\/figcaption><\/figure>\n\n<p>\u00bfHa mirado al techo? Ahora observe el suelo y sus dise\u00f1os.<\/p>\n\n<figure class=\"wp-block-image size-large\"><img decoding=\"async\" src=\"https:\/\/photos.smugmug.com\/Normandie-Lovers\/Mont-saint-michel\/Abbaye\/i-JSHkd4g\/1\/3ab6e79b\/L\/crypte_gros_pilliers_abbaye_mont_saint_michel-06-L.jpg\" alt=\"Antiguos dibujos en el suelo de la cripta de los Grandes Pilares\"\/><\/figure>\n\n<h3 class=\"wp-block-heading\">La capilla Saint-Etienne<\/h3>\n\n<p>En esta capilla, intente descifrar el misterio de los fragmentos de pinturas murales a\u00fan visibles en las paredes. \u00bfLos ve?<\/p>\n\n<figure class=\"wp-block-image size-large\"><img decoding=\"async\" src=\"https:\/\/photos.smugmug.com\/Normandie-Lovers\/Mont-saint-michel\/Abbaye\/i-8NN357S\/1\/4a617596\/L\/chapelle_saint_etienne_abbaye_mont_saint_michel-2-L.jpg\" alt=\"El vaso &#xFA;nico de la capilla de Saint-Etienne\"\/><figcaption class=\"wp-element-caption\">La nave \u00fanica de la capilla de San Esteban.<\/figcaption><\/figure>\n\n<p>En esta capilla se ha conservado este fragmento de pintura mural procedente de las ruinas de la antigua enfermer\u00eda medieval de la abad\u00eda. El fresco data del siglo XIII y se titula \u00abEl encuentro de los tres muertos y los tres vivos\u00bb.<\/p>\n\n<h3 class=\"wp-block-heading\">La capilla de Santa Magdalena<\/h3>\n\n<p>La Capilla de Santa Magdalena fue construida en el siglo XIII junto con el resto del edificio conocido como \u00abLa Merveille\u00bb. Se encuentra al sureste de la Salle des H\u00f4tes. T\u00f3mese su tiempo para observar los detalles de las vidrieras, los colores y las formas. La orientaci\u00f3n de la habitaci\u00f3n le permite disfrutar de mucha luz solar la mayor parte del d\u00eda, y las vidrieras de colores le dan un verdadero encanto.<\/p>\n\n<figure class=\"wp-block-image size-large\"><img decoding=\"async\" src=\"https:\/\/photos.smugmug.com\/Normandie-Lovers\/Mont-saint-michel\/Abbaye\/i-7nrLSXp\/1\/cf85f79a\/L\/chapelle_sainte_madeleine_abbaye_mont_saint_michel-2-L.jpg\" alt=\"La capilla de Santa Magdalena\"\/><figcaption class=\"wp-element-caption\">La Capilla de Santa Magdalena.<\/figcaption><\/figure>\n\n<figure class=\"wp-block-image size-large\"><img decoding=\"async\" src=\"https:\/\/photos.smugmug.com\/Normandie-Lovers\/Mont-saint-michel\/Abbaye\/i-3WN872Q\/1\/f2fdec26\/L\/chapelle_sainte_madeleine_abbaye_mont_saint_michel-3-L.jpg\" alt=\"Las vidrieras de la capilla Sainte-Madeleine\"\/><figcaption class=\"wp-element-caption\">Las vidrieras de La Chapelle.<\/figcaption><\/figure>\n\n<h3 class=\"wp-block-heading\">El camino de los monjes<\/h3>\n\n<p>El car\u00e1cter del paseo de los monjes reside en su aspecto m\u00e1s tosco, tallado en la piedra erosionada. \u00a1El estilo de las b\u00f3vedas fue precursor del estilo g\u00f3tico!  <\/p>\n\n<figure class=\"wp-block-image size-large\"><img decoding=\"async\" src=\"https:\/\/photos.smugmug.com\/Normandie-Lovers\/Mont-saint-michel\/Abbaye\/i-GLcpfcL\/1\/221aaab3\/L\/promenoir_moines_abbaye_mont_saint_michel-3-L.jpg\" alt=\"El camino de los monjes\"\/><figcaption class=\"wp-element-caption\">El camino de los monjes.<\/figcaption><\/figure>\n\n<p>Ning\u00fan manuscrito detallaba la finalidad de esta sala. Los muros tienen o\u00eddos, pero desgraciadamente no podr\u00e1n hablarnos de la vida mon\u00e1stica del promenoir desde su creaci\u00f3n. Es curioso pensar que a\u00fan nos queda mucho por aprender sobre la historia de este m\u00edtico lugar.<\/p>\n\n<figure class=\"wp-block-image size-large\"><img decoding=\"async\" src=\"https:\/\/photos.smugmug.com\/Normandie-Lovers\/Mont-saint-michel\/Abbaye\/i-CS8Nj5c\/1\/b665cfbe\/L\/promenoir_moines_abbaye_mont_saint_michel-6-L.jpg\" alt=\"Molduras de las columnas del paso de los monjes\"\/><figcaption class=\"wp-element-caption\">Las molduras de las columnas del promenoir.<\/figcaption><\/figure>\n\n<h3 class=\"wp-block-heading\">La habitaci\u00f3n de invitados o de los caballeros<\/h3>\n\n<p>Como su nombre indica, aqu\u00ed se recib\u00eda a los caballeros, figuras prominentes de la sociedad medieval y valientes defensores de la abad\u00eda. En el pasado, esta sala tambi\u00e9n se utilizaba como scriptorium para escribir los valiosos manuscritos cuya colecci\u00f3n se conserva actualmente en la ciudad de Avranches.<\/p>\n\n<figure class=\"wp-block-image size-large\"><img decoding=\"async\" src=\"https:\/\/photos.smugmug.com\/Normandie-Lovers\/Mont-saint-michel\/Abbaye\/i-X3MXbzs\/1\/5375ba6d\/L\/salle_hotes_abbaye_mont_saint_michel-07-L.jpg\" alt=\"Habitaci&#xF3;n de invitados o de caballeros\"\/><figcaption class=\"wp-element-caption\">La llamada Sala de los Caballeros.<\/figcaption><\/figure>\n\n<p>Atravesando la Sala de los Caballeros, se encontrar\u00e1 justo debajo de la galer\u00eda del claustro. Observar\u00e1 que en cada sala las columnas y sus molduras son diferentes.<\/p>\n\n<figure class=\"wp-block-image size-large\"><img decoding=\"async\" src=\"https:\/\/photos.smugmug.com\/Normandie-Lovers\/Mont-saint-michel\/Abbaye\/i-pj4b5BR\/1\/e37ed9bf\/L\/salle_chevaliers_abbaye_mont_saint_michel-12-L.jpg\" alt=\"Molduras de columnas en la Sala de los Caballeros\"\/><figcaption class=\"wp-element-caption\">Las molduras de las columnas.<\/figcaption><\/figure>\n\n<h3 class=\"wp-block-heading\">Cierre de la visita con la capellan\u00eda<\/h3>\n\n<p>Este espacio estaba destinado a acoger a los pobres y a los peregrinos. La organizaci\u00f3n de las salas de la abad\u00eda y de los p\u00fablicos a los que atend\u00edan refleja la jerarqu\u00eda social de la \u00e9poca medieval. Hoy se ha convertido en la librer\u00eda de la abad\u00eda.<\/p>\n\n<h2 class=\"wp-block-heading\">Por \u00faltimo, los jardines de la abad\u00eda: un plat\u00f3 de cine<\/h2>\n\n<h3 class=\"wp-block-heading\">El jard\u00edn medieval<\/h3>\n\n<p>Por \u00faltimo, desde el balc\u00f3n de los jardines, tendr\u00e1 de nuevo unas vistas impresionantes de la bah\u00eda del Mont-Saint-Michel.<\/p>\n\n<figure class=\"wp-block-image size-large\"><img decoding=\"async\" src=\"https:\/\/photos.smugmug.com\/Normandie-Lovers\/Mont-saint-michel\/Abbaye\/i-wjrVwJ8\/1\/a8127b4e\/L\/jardins_abbaye_mont_saint_michel-04-L.jpg\" alt=\"Los jardines de la Abad&#xED;a del Mont-Saint-Michel\"\/><figcaption class=\"wp-element-caption\">Los jardines de la Abad\u00eda del Mont-Saint-Michel.<\/figcaption><\/figure>\n\n<p>Estos paisajes, vistos desde los jardines, nunca ser\u00e1n los mismos de un d\u00eda para otro, modelados por el movimiento de las mareas.<\/p>\n\n<figure class=\"wp-block-image size-large\"><img decoding=\"async\" src=\"https:\/\/photos.smugmug.com\/Normandie-Lovers\/Mont-saint-michel\/Abbaye\/i-pR8zPdf\/1\/3e451aaa\/L\/jardins_abbaye_mont_saint_michel-17-L.jpg\" alt=\"Vista de la bah&#xED;a del Mont-Saint-Michel desde la abad&#xED;a\"\/><figcaption class=\"wp-element-caption\">Otra vista de la bah\u00eda desde la abad\u00eda.<\/figcaption><\/figure>\n\n<p>\u00bfTodo esto le ha dado ganas de visitar la Maravilla? \u00a1No espere m\u00e1s y <a href=\"https:\/\/www.tiqets.com\/es\/billets-labbaye-du-mont-saint-michel-l145867\/?partner=region_lovers&amp;tq_campaign=NL\" target=\"_blank\" rel=\"noreferrer noopener sponsored nofollow\">reserve su plaza<\/a>!<\/p>\n\n<div style=\"margin-top:8%;margin-bottom:8%\" class=\"wp-block-genesis-blocks-gb-container box gb-block-container\"><div class=\"gb-container-inside\"><div class=\"gb-container-content\" style=\"max-width:700px\">\n<div class=\"wp-block-genesis-blocks-gb-container box_titre gb-block-container\"><div class=\"gb-container-inside\"><div class=\"gb-container-content\">\n<h5 class=\"titre_box\" style=\"padding-top:10px;\"><span>D\u00d3NDE DORMIR<\/span> EN <span class=\"titre_box_manuscrit\">el Mont-Saint-Michel<\/span><\/h5>\n<\/div><\/div><\/div>\n\n\n\n<hr class=\"wp-block-separator has-text-color has-alpha-channel-opacity has-background is-style-wide hr-box-planif\" style=\"background-color:#ccd3dd;color:#ccd3dd\"\/>\n\n\n\n<div class=\"wp-block-columns box_sans_border is-layout-flex wp-container-core-columns-is-layout-9d6595d7 wp-block-columns-is-layout-flex\">\n<div class=\"wp-block-column texte_planif is-layout-flow wp-block-column-is-layout-flow\" style=\"font-size:14px;flex-basis:60%\">\n<p style=\"font-size:16px\" class=\"option_titre2\"><strong><span>Opci\u00f3n 1:<\/span><\/strong><\/p>\n\n\n\n<p style=\"font-size:14px\">Elija uno de los 7 hoteles en la monta\u00f1a, dentro del centro de la ciudad &#8211; <a href=\"https:\/\/normandielovers.fr\/es\/hoteles-dentro-mont-saint-michel\/\" target=\"_blank\" rel=\"noreferrer noopener\">vea nuestro art\u00edculo<\/a><\/p>\n\n\n\n<ul class=\"ul_box wp-block-list\">\n<li style=\"font-size:14px\">El hist\u00f3rico <strong>hotel Auberge Saint-Pierre &#8211;<\/strong> <a href=\"https:\/\/www.booking.com\/hotel\/fr\/auberge-saint-pierre.html?aid=2281719\" target=\"_blank\" rel=\"noreferrer noopener\">ver precios, fotos y disponibilidad<\/a><\/li>\n<\/ul>\n<\/div>\n\n\n\n<div class=\"wp-block-column is-vertically-aligned-top planif-radius is-layout-flow wp-block-column-is-layout-flow\" style=\"flex-basis:40%\">\n<figure class=\"wp-block-image size-large img-portrait\"><img decoding=\"async\" src=\"https:\/\/photos.smugmug.com\/Normandie-Lovers\/Mont-saint-michel\/Hotels\/i-xTDzzNd\/0\/f882a51a\/L\/saint_pierre_hotel_Mont_saint-Michel-2-L.jpg\" alt=\"\" title=\"\"\/><\/figure>\n<\/div>\n<\/div>\n\n\n\n<hr class=\"wp-block-separator has-text-color has-alpha-channel-opacity has-background is-style-wide hr-box-planif\" style=\"background-color:#ccd3dd;color:#ccd3dd\"\/>\n\n\n\n<div class=\"wp-block-columns box_sans_border is-layout-flex wp-container-core-columns-is-layout-9d6595d7 wp-block-columns-is-layout-flex\">\n<div class=\"wp-block-column texte_planif is-layout-flow wp-block-column-is-layout-flow\" style=\"flex-basis:60%\">\n<p style=\"font-size:16px\" class=\"option_titre\"><strong><span>Opci\u00f3n 2:<\/span><\/strong><\/p>\n\n\n\n<p style=\"font-size:14px\">O duerma en la parte llamada La Caserne que est\u00e1 entre los aparcamientos y la pasarela del Mont-Saint-Michel.<\/p>\n\n\n\n<ul class=\"ul_box wp-block-list\" style=\"font-size:14px\">\n<li class=\"ul_box\"><strong>Hotel Mercure <\/strong>4 estrellas &#8211; <a href=\"https:\/\/www.booking.com\/hotel\/fr\/mont-saint-michel.html?aid=2281719\" target=\"_blank\" rel=\"noreferrer noopener sponsored nofollow\">ver precios, fotos y disponibilidad<\/a><\/li>\n<\/ul>\n<\/div>\n\n\n\n<div class=\"wp-block-column planif-radius is-layout-flow wp-block-column-is-layout-flow\">\n<figure class=\"wp-block-image size-large img-portrait\"><img decoding=\"async\" src=\"https:\/\/photos.smugmug.com\/Normandie-Lovers\/Mont-saint-michel\/Caserne\/i-4DnFKHZ\/1\/3f6f0221\/L\/mercure_hotel_mont_saint_michel_caserne-08-L.jpg\" alt=\"\"\/><\/figure>\n<\/div>\n<\/div>\n\n\n\n<hr class=\"wp-block-separator has-text-color has-alpha-channel-opacity has-background is-style-wide hr-box-planif\" style=\"background-color:#ccd3dd;color:#ccd3dd\"\/>\n\n\n\n<div class=\"wp-block-columns box_sans_border is-layout-flex wp-container-core-columns-is-layout-9d6595d7 wp-block-columns-is-layout-flex\">\n<div class=\"wp-block-column texte_planif is-layout-flow wp-block-column-is-layout-flow\" style=\"flex-basis:60%\">\n<p style=\"font-size:16px\" class=\"option_titre\"><strong><span>Opci\u00f3n 3:<\/span><\/strong><\/p>\n\n\n\n<p style=\"font-size:14px\">Y si lo que busca es <a href=\"https:\/\/normandielovers.fr\/es\/hotel-lujo-mont-saint-michel\/\" target=\"_blank\" rel=\"noreferrer noopener\">lujo<\/a>, consulte nuestro art\u00edculo sobre hoteles de lujo cerca del Mont-Saint-Michel.<\/p>\n\n\n\n<ul class=\"ul_box wp-block-list\" style=\"font-size:14px\">\n<li class=\"ul_box\">La encantadora <strong>casa de hu\u00e9spedes Clos de Gilles<\/strong> &#8211; <a href=\"https:\/\/www.booking.com\/hotel\/fr\/le-clos-saint-gilles-pontorson.html?aid=2281719\" target=\"_blank\" rel=\"noreferrer noopener sponsored nofollow\">ver precios, fotos y disponibilidad <\/a> <\/li>\n<\/ul>\n<\/div>\n\n\n\n<div class=\"wp-block-column planif-radius is-layout-flow wp-block-column-is-layout-flow\">\n<figure class=\"wp-block-image size-large img-portrait\"><img decoding=\"async\" src=\"https:\/\/photos.smugmug.com\/Normandie-Lovers\/Mont-saint-michel\/BnB\/i-tHLqJJz\/1\/bd8d29d2\/L\/Cols_saint_giles_bnb_mont_saint_michel-26-L.jpg\" alt=\"\"\/><\/figure>\n<\/div>\n<\/div>\n\n\n\n<hr class=\"wp-block-separator has-text-color has-alpha-channel-opacity has-background is-style-wide hr-box-planif\" style=\"background-color:#ccd3dd;color:#ccd3dd\"\/>\n\n\n\n<div class=\"wp-block-columns box_sans_border is-layout-flex wp-container-core-columns-is-layout-9d6595d7 wp-block-columns-is-layout-flex\">\n<div class=\"wp-block-column texte_planif is-layout-flow wp-block-column-is-layout-flow\" style=\"flex-basis:60%\">\n<p style=\"font-size:16px\" class=\"option_titre\"><strong><span>Opci\u00f3n 4:<\/span> <\/strong><\/p>\n\n\n\n<p style=\"font-size:14px\">La campi\u00f1a normanda es muy verde e inspiradora. En el recodo del bosque o en el campo, bonitos pueblos con hermosos edificios le transportan a otro mundo, o incluso a otra \u00e9poca.<\/p>\n\n\n\n<ul class=\"ul_box wp-block-list\">\n<li class=\"ul_box\" style=\"font-size:14px\"><strong>Hotel Ermitage <\/strong>a 5min &#8211; <a href=\"https:\/\/www.booking.com\/hotel\/fr\/ermitage-mont-saint-michel-beauvoir.html?aid=2281719\" target=\"_blank\" rel=\"noreferrer noopener sponsored nofollow\">ver precios, fotos y disponibilidad<\/a><\/li>\n\n\n\n<li class=\"ul_box\" style=\"font-size:14px\"><strong>Castillo de Bouc\u00e9el<\/strong> a 30min &#8211; <a href=\"https:\/\/www.booking.com\/hotel\/fr\/chateau-de-bouca-c-el.html?aid=2281719\" target=\"_blank\" rel=\"noreferrer noopener sponsored nofollow\">ver precios, fotos y disponibilidad<\/a><\/li>\n<\/ul>\n<\/div>\n\n\n\n<div class=\"wp-block-column planif-radius is-layout-flow wp-block-column-is-layout-flow\">\n<figure class=\"wp-block-image size-large\"><img decoding=\"async\" src=\"https:\/\/photos.smugmug.com\/Normandie-Lovers\/Mont-saint-michel\/Luxury\/i-kBdv7xX\/2\/4a0c7a80\/L\/Ermitage_hotel_luxe_Mont_saint_Michel_chambre-05-L.jpg\" alt=\"\"\/><\/figure>\n<\/div>\n<\/div>\n\n\n\n<div class=\"wp-block-buttons planif_bouton is-content-justification-center is-layout-flex wp-container-core-buttons-is-layout-16018d1d wp-block-buttons-is-layout-flex\">\n<div class=\"wp-block-button has-custom-font-size\" style=\"font-size:14px\"><a class=\"wp-block-button__link has-white-color has-text-color wp-element-button\" href=\"https:\/\/normandielovers.fr\/es\/donde-alojarse-mont-saint-michel-hotels\/\" style=\"border-radius:4px\" target=\"_blank\" rel=\"noreferrer noopener\">Ver todos nuestros consejos  <strong><img decoding=\"async\" class=\"wp-image-3266 img_fleche\" style=\"width: 16px;  \" src=\"https:\/\/corsicalovers.fr\/wp-content\/uploads\/2023\/03\/ArrowRight.png\" alt=\"flecha\"\/><\/strong><\/a><\/div>\n<\/div>\n<\/div><\/div><\/div>\n\n<h2 class=\"wp-block-heading\">Un poco de historia<\/h2>\n\n<p>Ya en el siglo VI d.C., antiguos escritos mencionan a monjes eremitas que viv\u00edan en el Mont-Saint-Michel, antiguamente conocido como \u00abMont Tombe\u00bb. Bajo el reinado de Childebert III, rey de los francos en el siglo VII, Aubert, obispo de la ciudad de Avranches, emprendi\u00f3 la construcci\u00f3n de un santuario dedicado al arc\u00e1ngel Saint-Michel. No fue hasta el siglo X cuando Ricardo I<sup>er, <\/sup> tercer duque de Normand\u00eda, restableci\u00f3 la vida mon\u00e1stica en la regi\u00f3n y confi\u00f3 la construcci\u00f3n de una abad\u00eda benedictina a Maynard, primer abad electo del Mont-Saint-Michel.<\/p>\n\n<h3 class=\"wp-block-heading\">Los or\u00edgenes de la Abad\u00eda del Mont-Saint-Michel<\/h3>\n\n<p>En primer lugar, varios manuscritos latinos del siglo X cuentan la historia de la creaci\u00f3n de esta abad\u00eda. A partir del siglo XI, el arte de la escritura alcanz\u00f3 su apogeo en el Mont-Saint-Michel: las influencias carolingias y anglosajonas dieron forma a la creaci\u00f3n de la letra rom\u00e1nica normanda. En la biblioteca y el Museo Scriptorial de la ciudad de Avranches se conserva una magn\u00edfica colecci\u00f3n de manuscritos. Descubra nuestro art\u00edculo <a href=\"https:\/\/normandielovers.fr\/es\/que-ver-mont-saint-michel\/\" target=\"_blank\" rel=\"noreferrer noopener\">Qu\u00e9 hacer en el Mont-Saint-Michel: 15 ideas<\/a>.  <\/p>\n\n<figure class=\"wp-block-image size-large\"><img decoding=\"async\" src=\"https:\/\/photos.smugmug.com\/Normandie-Lovers\/Mont-saint-michel\/Abbaye\/i-GDMt4dT\/1\/40a2b2c7\/L\/entree_abbaye_mont_saint_michel-03-L.jpg\" alt=\"Una de las escaleras de la abad&#xED;a\"\/><\/figure>\n\n<p>Despu\u00e9s, la reforma de los monjes benedictinos (u Orden de Cluny) en el siglo X coloc\u00f3 a los abades bajo la autoridad directa del Papa y dio un lugar importante a las procesiones lit\u00fargicas. La construcci\u00f3n de una iglesia rom\u00e1nica en el Mont-Saint-Michel comenz\u00f3 en 1023 y dur\u00f3 hasta finales de ese siglo. La capilla de Notre-Dame-sous-Terre, la parte m\u00e1s antigua del Mont-Saint-Michel, sostiene la nave de esta nueva iglesia.  <\/p>\n\n<h3 class=\"wp-block-heading\">La abad\u00eda durante las guerras<\/h3>\n\n<p>A lo largo de los siglos, el Mont-Saint-Michel se ha mantenido independiente, a pesar de la conquista de Normand\u00eda (que pas\u00f3 a ser francesa) por Felipe Augusto en el siglo XIII. Unas veinte d\u00e9cadas m\u00e1s tarde estall\u00f3 la Guerra de los Cien A\u00f1os, pero los ingleses no consiguieron ocupar el Mont-Saint-Michel, emblema de la combatividad durante m\u00e1s de un siglo de enfrentamientos. El arc\u00e1ngel Saint-Michel fue erigido como patr\u00f3n del reino de Francia, figura de la identidad nacional y de la resistencia.<\/p>\n\n<figure class=\"wp-block-image size-large\"><img decoding=\"async\" src=\"https:\/\/photos.smugmug.com\/Normandie-Lovers\/Mont-saint-michel\/Abbaye\/i-BKKPBW8\/1\/90650677\/L\/jardins_abbaye_mont_saint_michel-13-L.jpg\" alt=\"Parte de la fachada de la abad&#xED;a con la bah&#xED;a del Mont-Saint-Michel al fondo\"\/><figcaption class=\"wp-element-caption\">Parte de la fachada de la abad\u00eda con la bah\u00eda del Mont-Saint-Michel al fondo.<\/figcaption><\/figure>\n\n<p>En 1421, en plena Guerra de los Cien A\u00f1os, el coro de la iglesia rom\u00e1nica fue destruido bajo asedio. No se reconstruy\u00f3 hasta diez d\u00e9cadas despu\u00e9s, pero esta vez en estilo g\u00f3tico. La abad\u00eda fue entonces reformada despu\u00e9s de que los abades abandonaran el Mont-Saint-Michel, debilitados por estos conflictos. En el siglo XVII, la vida mon\u00e1stica se reanud\u00f3 y los peregrinos se volvieron menos escasos en el Mont-Saint-Michel. Esta isla-fortaleza se convirti\u00f3 en la \u00abBastilla de los Mares\u00bb o lugar de encarcelamiento bajo el cuidado de los monjes.<\/p>\n\n<figure class=\"wp-block-image size-large\"><img decoding=\"async\" src=\"https:\/\/photos.smugmug.com\/Normandie-Lovers\/Mont-saint-michel\/Acces-a-pied\/i-6Jr5hrx\/2\/eba2ed26\/L\/mont_saint_michel-2-L.jpg\" alt=\"La Abad&#xED;a del Mont-Saint-Michel vista de d&#xED;a\"\/><figcaption class=\"wp-element-caption\">La Abad\u00eda del Mont-Saint-Michel vista de d\u00eda.<\/figcaption><\/figure>\n\n<h4 class=\"wp-block-heading\">C\u00f3mo el asalto a la Bastilla en el <sup>siglo<\/sup> XVIII sacudi\u00f3 el poder de la Iglesia en el Mont-Saint-Michel<\/h4>\n\n<p>Durante la Revoluci\u00f3n de 1789, el Mont-Saint-Michel y su abad\u00eda, propiedad de la Iglesia, fueron declarados \u00abpropiedad nacional\u00bb. Rebautizado como \u00abMonte Libre\u00bb, el Mont-Saint-Michel se convirti\u00f3 en una prisi\u00f3n que no se cerr\u00f3 definitivamente hasta la segunda mitad del siglo XIX, justo antes de que su abad\u00eda fuera clasificada como monumento hist\u00f3rico en 1874. Entonces comenz\u00f3 la restauraci\u00f3n y se construyeron gradualmente carreteras de acceso para facilitar la recepci\u00f3n de visitantes.  <\/p>\n\n<figure class=\"wp-block-image size-large\"><img decoding=\"async\" src=\"https:\/\/photos.smugmug.com\/Normandie-Lovers\/Mont-saint-michel\/Acces-a-pied\/i-W2zKgdM\/2\/bdf6d739\/L\/acces_mont_saint_michel-03-L.jpg\" alt=\"Paseantes en la bah&#xED;a del Mont-Saint-Michel.\"\/><figcaption class=\"wp-element-caption\">Paseantes y ciclistas en la bah\u00eda del Mont-Saint-Michel.<\/figcaption><\/figure>\n\n<h4 class=\"wp-block-heading\">Con su abad\u00eda clasificada como monumento hist\u00f3rico, \u00bfes el Mont-Saint-Michel una maravilla del mundo?  <\/h4>\n\n<p>De hecho, la Abad\u00eda del Mont-Saint-Michel es el primer bien nacional franc\u00e9s inscrito en la Lista del Patrimonio Mundial de la UNESCO.<\/p>\n\n<p>La lista can\u00f3nica de las 7 maravillas del mundo, construidas entre el III milenio a.C. y principios del siglo III a.C., incluye :<\/p>\n\n<ul class=\"wp-block-list\">\n<li>la Pir\u00e1mide de Keops,  <\/li>\n\n\n\n<li>los jardines colgantes de Babilonia,  <\/li>\n\n\n\n<li>la estatua de Zeus,  <\/li>\n\n\n\n<li>el Mausoleo de Halicarnaso,  <\/li>\n\n\n\n<li>el Templo de Artemisa,  <\/li>\n\n\n\n<li>el Coloso de Rodas,  <\/li>\n\n\n\n<li>y el Faro de Alejandr\u00eda.  <\/li>\n<\/ul>\n\n<p>Por ello, el Mont-Saint-Michel y su bah\u00eda no se incluyen en esta lista, pero se describen como una \u00abmaravilla del Oeste\u00bb.<\/p>\n\n<figure class=\"wp-block-image size-large\"><img decoding=\"async\" src=\"https:\/\/photos.smugmug.com\/Normandie-Lovers\/Mont-saint-michel\/Abbaye\/i-VqVVq2G\/1\/eabf8a6e\/L\/jardins_abbaye_mont_saint_michel-09-L.jpg\" alt=\"La abad&#xED;a del Mont-Saint-Michel\"\/><\/figure>\n\n<div style=\"background-color:#fefefe;margin-top:8%;margin-bottom:8%\" class=\"wp-block-genesis-blocks-gb-container box gb-block-container\"><div class=\"gb-container-inside\"><div class=\"gb-container-content\" style=\"max-width:700px\">\n<div class=\"wp-block-columns inverse is-layout-flex wp-container-core-columns-is-layout-9d6595d7 wp-block-columns-is-layout-flex\">\n<div class=\"wp-block-column texte_planif is-layout-flow wp-block-column-is-layout-flow\" style=\"flex-basis:58%\">\n<h5 class=\"titre_box\" style=\"padding-top:10px\">UTILICE NUESTRA GU\u00cdA PARA PLANIFICAR UN  <br\/><span>VIAJE DE ENSUE\u00d1O<\/span> A <span class=\"titre_box_manuscrit\">Normand\u00eda<\/span><\/h5>\n\n\n\n<div class=\"wp-block-genesis-blocks-gb-container gb-block-container\"><div class=\"gb-container-inside\"><div class=\"gb-container-content\">\n<p style=\"font-size:14px\">Toda la informaci\u00f3n que necesita para su viaje:<\/p>\n<\/div><\/div><\/div>\n\n\n\n<div class=\"wp-block-genesis-blocks-gb-container gb-block-container\"><div class=\"gb-container-inside\"><div class=\"gb-container-content\"><\/div><\/div><\/div>\n\n\n\n<ul style=\"font-size:14px\" id=\"liste_discover\" class=\"wp-block-list\">\n<li>8 mapas que facilitan la planificaci\u00f3n<\/li>\n\n\n\n<li>M\u00e1s de 160 lugares preseleccionados<\/li>\n\n\n\n<li>Consejos pr\u00e1cticos<\/li>\n\n\n\n<li>M\u00e1s de 300 fotos para ayudarle a elegir<\/li>\n<\/ul>\n\n\n\n<div class=\"wp-block-buttons has-custom-font-size bouton_10 is-content-justification-center is-layout-flex wp-container-core-buttons-is-layout-14c487f4 wp-block-buttons-is-layout-flex\" style=\"font-size:13px\">\n<div class=\"wp-block-button has-custom-font-size\" style=\"font-size:14px\"><a class=\"wp-block-button__link has-white-color has-text-color wp-element-button\" href=\"https:\/\/normandielovers.fr\/es\/ebook-guia-road-trip-normandia\/\" style=\"border-radius:4px\" target=\"_blank\" rel=\"noreferrer noopener\">Descubra >><\/a><\/div>\n<\/div>\n<\/div>\n\n\n\n<div class=\"wp-block-column is-layout-flow wp-block-column-is-layout-flow\" style=\"flex-basis:42%\">\n<div class=\"wp-block-genesis-blocks-gb-container ebook-radius gb-block-container\"><div class=\"gb-container-inside\"><div class=\"gb-container-content\"><div class=\"wp-block-image ebook-image\">\n<figure class=\"aligncenter size-large is-resized\"><img decoding=\"async\" src=\"https:\/\/normandielovers.fr\/wp-content\/uploads\/2023\/03\/Box-Ebook-Normandia-ES.png\" alt=\"Box Ebook C\u00f3rcega FR\" style=\"width:203px;height:157px\"\/><\/figure>\n<\/div><\/div><\/div><\/div>\n<\/div>\n<\/div>\n<\/div><\/div><\/div>\n\n<ul class=\"wp-block-list\">\n<li><\/li>\n<\/ul>\n\n<h3 class=\"wp-block-heading\">Restaurantes cercanos<\/h3>\n\n<p>En cuanto al alojamiento, puede optar por comer en el Mont-Saint-Michel o en los alrededores. Hemos probado algunos restaurantes para usted. Nuestro Top 3:  <\/p>\n\n<ul class=\"wp-block-list\">\n<li>El Restaurante Auberge de la M\u00e8re Poulard por su tortilla, una instituci\u00f3n desde el siglo XIX &#8211; es agradable ver la preparaci\u00f3n. La textura es interesante pero sigue siendo una tortilla en t\u00e9rminos de sabor. <a href=\"https:\/\/normandielovers.fr\/es\/auberge-mere-poulard-mont-saint-michel-opinion\/\" target=\"_blank\" rel=\"noreferrer noopener\">Vea nuestro art\u00edculo sobre este restaurante aqu\u00ed.<\/a><\/li>\n\n\n\n<li>El restaurante la Table de l&#8217;Ermitage por su ambiente aut\u00e9ntico y familiar a dos pasos del Mont-Saint-Michel y su bah\u00eda.  <a href=\"https:\/\/normandielovers.fr\/es\/restaurant-ermitage-mont-saint-michel-opinion\/\" target=\"_blank\" rel=\"noreferrer noopener\">Vea nuestro art\u00edculo sobre este restaurante aqu\u00ed.<\/a><\/li>\n\n\n\n<li>El Restaurante du Relais du Mont-Saint-Michel por sus vistas a la monta\u00f1a.<\/li>\n<\/ul>\n\n<p><a href=\"https:\/\/normandielovers.fr\/es\/mejor-restaurante-mont-saint-michel-comer\/\" target=\"_blank\" rel=\"noreferrer noopener\">Vea los 12 mejores restaurantes del Mont-Saint-Michel.<\/a>  Esta selecci\u00f3n es completamente independiente, comimos all\u00ed de forma an\u00f3nima y pagamos nuestra cuenta en su totalidad.<\/p>\n\n<figure class=\"wp-block-image size-large\"><img decoding=\"async\" src=\"https:\/\/photos.smugmug.com\/Normandie-Lovers\/Mont-saint-michel\/Mere-poulard\/i-dHRMjTZ\/1\/47f133a0\/L\/Mere_Poulard_restaurant_mont_saint_michel-L.jpg\" alt=\"El interior del restaurante de la M&#xE8;re Poulard\"\/><figcaption class=\"wp-element-caption\">El interior del restaurante de la M\u00e8re Poulard.<\/figcaption><\/figure>\n\n<div style=\"margin-top:8%;margin-bottom:8%\" class=\"wp-block-genesis-blocks-gb-container box gb-block-container\"><div class=\"gb-container-inside\"><div class=\"gb-container-content\" style=\"max-width:700px\">\n<div class=\"wp-block-genesis-blocks-gb-container box_titre gb-block-container\"><div class=\"gb-container-inside\"><div class=\"gb-container-content\">\n<h5 class=\"titre_box\"><span>UNA EXPERIENCIA M\u00c1GICA<\/span> EN EL <span class=\"titre_box_manuscrit\">Mont-Saint-Michel<\/span><\/h5>\n<\/div><\/div><\/div>\n\n\n\n<hr class=\"wp-block-separator has-text-color has-alpha-channel-opacity has-background is-style-wide hr-box-planif\" style=\"background-color:#ccd3dd;color:#ccd3dd\"\/>\n\n\n\n<div class=\"wp-block-genesis-blocks-gb-container box_sans_border gb-block-container\"><div class=\"gb-container-inside\"><div class=\"gb-container-content\">\n<div class=\"wp-block-columns box_sans_border is-layout-flex wp-container-core-columns-is-layout-9d6595d7 wp-block-columns-is-layout-flex\">\n<div class=\"wp-block-column texte_planif is-layout-flow wp-block-column-is-layout-flow\" style=\"font-size:14px;flex-basis:60%\">\n<p style=\"font-size:16px;margin-top:10px;\" class=\"option_titre2\"><strong><span>Paso 1:<\/span> Planificar y llegar<\/strong><\/p>\n\n\n\n<ul class=\"wp-block-list\">\n<li style=\"font-size:14px\">Todos nuestros consejos para <a href=\"https:\/\/normandielovers.fr\/es\/visita-mont-saint-michel-consejos\/\" target=\"_blank\" rel=\"noreferrer noopener\">visitar el Mont-Saint-Michel<\/a><\/li>\n\n\n\n<li style=\"font-size:14px\"><a href=\"https:\/\/normandielovers.fr\/es\/como-llegar-mont-saint-michel-acceso\/\" target=\"_blank\" rel=\"noreferrer noopener\">C\u00f3mo llegar al Mont-Saint-Michel<\/a><\/li>\n\n\n\n<li style=\"font-size:14px\"><a href=\"https:\/\/normandielovers.fr\/es\/tour-paris-mont-saint-michel-excursion\/\" target=\"_blank\" rel=\"noreferrer noopener\">Visitar el Mont-Saint-Michel desde Par\u00eds<\/a><\/li>\n\n\n\n<li style=\"font-size:14px\"><a href=\"https:\/\/normandielovers.fr\/es\/visitar-mont-saint-michel-invierno\/\" target=\"_blank\" rel=\"noreferrer noopener\">Mont-Saint-Michel en invierno<\/a><\/li>\n<\/ul>\n<\/div>\n\n\n\n<div class=\"wp-block-column is-vertically-aligned-top planif-radius is-layout-flow wp-block-column-is-layout-flow\" style=\"flex-basis:40%\">\n<figure class=\"wp-block-image size-large img-portrait\"><img decoding=\"async\" src=\"https:\/\/normandielovers.fr\/wp-content\/uploads\/2022\/11\/como-visitar-Mont-Saint-Michel-Francia-consejos.jpeg\" alt=\"\" title=\"\"\/><\/figure>\n<\/div>\n<\/div>\n\n\n\n<hr class=\"wp-block-separator has-text-color has-alpha-channel-opacity has-background is-style-wide hr-box-planif\" style=\"background-color:#ccd3dd;color:#ccd3dd\"\/>\n\n\n\n<div class=\"wp-block-columns box_sans_border is-layout-flex wp-container-core-columns-is-layout-9d6595d7 wp-block-columns-is-layout-flex\">\n<div class=\"wp-block-column texte_planif is-layout-flow wp-block-column-is-layout-flow\" style=\"flex-basis:60%\">\n<p style=\"font-size:16px;margin-top:10px;\" class=\"option_titre\"><strong><span>Paso 2:<\/span> decida su programa<\/strong><\/p>\n\n\n\n<ul class=\"wp-block-list\">\n<li style=\"font-size:14px\"><a href=\"https:\/\/normandielovers.fr\/es\/que-ver-mont-saint-michel\/\" target=\"_blank\" rel=\"noreferrer noopener\">Qu\u00e9 ver en el Mont-Saint-Michel<\/a><\/li>\n\n\n\n<li style=\"font-size:14px\"><a href=\"https:\/\/normandielovers.fr\/es\/visitar-abadia-mont-saint-michel\/\" target=\"_blank\" rel=\"noreferrer noopener\">Torre de la Abad\u00eda del Monte Saint-Michel<\/a><\/li>\n\n\n\n<li style=\"font-size:14px\"><a href=\"https:\/\/normandielovers.fr\/es\/museos-mont-saint-michel\/\" target=\"_blank\" rel=\"noreferrer noopener\">Los museos del Mont-Saint-Michel<\/a><\/li>\n\n\n\n<li style=\"font-size:14px\"><a href=\"https:\/\/normandielovers.fr\/es\/mejor-restaurante-mont-saint-michel-comer\/\" target=\"_blank\" rel=\"noreferrer noopener\">D\u00f3nde comer en el Mont-Saint-Michel<\/a><\/li>\n\n\n\n<li style=\"font-size:14px\"><a href=\"https:\/\/normandielovers.fr\/es\/alligator-bay-mont-saint-michel\/\" target=\"_blank\" rel=\"noreferrer noopener\">Visite Alligator Bay<\/a> <\/li>\n\n\n\n<li style=\"font-size:14px\"><a href=\"https:\/\/normandielovers.fr\/es\/museo-scriptorial-avranches\/\" target=\"_blank\" rel=\"noreferrer noopener\">Visite el Museo Scriptorial de Avranches<\/a><\/li>\n\n\n\n<li style=\"font-size:14px\">Descubra las <a href=\"https:\/\/normandielovers.fr\/es\/museo-scriptorial-avranches\/\" target=\"_blank\" rel=\"noreferrer noopener\">mejores vistas del Mont-Saint-Michel<\/a><\/li>\n<\/ul>\n\n\n\n<p style=\"font-size:14px\">No olvide <a href=\"https:\/\/www.tiqets.com\/es\/billets-labbaye-du-mont-saint-michel-l145867\/?partner=region_lovers&amp;tq_campaign=NL\" target=\"_blank\" rel=\"noreferrer noopener\">reservar aqu\u00ed su tiempo<\/a> para visitar la abad\u00eda.<\/p>\n<\/div>\n\n\n\n<div class=\"wp-block-column is-vertically-aligned-top planif-radius is-layout-flow wp-block-column-is-layout-flow\" style=\"flex-basis:40%\">\n<figure class=\"wp-block-image size-large img-portrait\"><img decoding=\"async\" src=\"https:\/\/photos.smugmug.com\/Normandie-Lovers\/Mont-saint-michel\/Abbaye\/i-dKtwhQL\/0\/35edd53f\/L\/salle_chevaliers_abbaye_mont_saint_michel-07-L.jpg\" alt=\"\" title=\"\"\/><\/figure>\n<\/div>\n<\/div>\n\n\n\n<hr class=\"wp-block-separator has-text-color has-alpha-channel-opacity has-background is-style-wide hr-box-planif\" style=\"background-color:#ccd3dd;color:#ccd3dd\"\/>\n\n\n\n<div class=\"wp-block-columns box_sans_border is-layout-flex wp-container-core-columns-is-layout-9d6595d7 wp-block-columns-is-layout-flex\">\n<div class=\"wp-block-column texte_planif is-layout-flow wp-block-column-is-layout-flow\" style=\"flex-basis:60%\">\n<p style=\"font-size:16px;margin-top:10px;\" class=\"option_titre\"><strong><span>Paso 3:<\/span> decidir d\u00f3nde dormir<\/strong><\/p>\n\n\n\n<ul class=\"wp-block-list\">\n<li style=\"font-size:14px\"><a href=\"https:\/\/normandielovers.fr\/es\/donde-alojarse-mont-saint-michel-hotels\/\" target=\"_blank\" rel=\"noreferrer noopener\">D\u00f3nde dormir cerca del Monte Saint-Michel<\/a><\/li>\n\n\n\n<li style=\"font-size:14px\"><a href=\"https:\/\/normandielovers.fr\/es\/hoteles-dentro-mont-saint-michel\/\" target=\"_blank\" rel=\"noreferrer noopener\">Hoteles en el Monte Saint-Michel intramuros<\/a><\/li>\n\n\n\n<li style=\"font-size:14px\"><a href=\"https:\/\/normandielovers.fr\/es\/hotel-lujo-mont-saint-michel\/\" target=\"_blank\" rel=\"noreferrer noopener\">Alojamientos de lujo en los alrededores del Mont Blanc<\/a><\/li>\n<\/ul>\n<\/div>\n\n\n\n<div class=\"wp-block-column is-vertically-aligned-top planif-radius is-layout-flow wp-block-column-is-layout-flow\" style=\"flex-basis:40%\">\n<figure class=\"wp-block-image size-large img-portrait\"><img decoding=\"async\" src=\"https:\/\/photos.smugmug.com\/Normandie-Lovers\/Mont-saint-michel\/Nuit\/i-jqqXNHC\/1\/9f1e6e31\/L\/nuit_Mont_saint_Michel_night-75-L.jpg\" alt=\"\" title=\"\"\/><\/figure>\n<\/div>\n<\/div>\n<\/div><\/div><\/div>\n\n\n\n<div class=\"wp-block-genesis-blocks-gb-container box_texte gb-block-container\"><div class=\"gb-container-inside\"><div class=\"gb-container-content\"><\/div><\/div><\/div>\n\n\n\n<div class=\"wp-block-genesis-blocks-gb-container box-texte gb-block-container\"><div class=\"gb-container-inside\"><div class=\"gb-container-content\"><\/div><\/div><\/div>\n\n\n\n<div style=\"height:20px\" aria-hidden=\"true\" class=\"wp-block-spacer\"><\/div>\n<\/div><\/div><\/div>\n\n<h2 class=\"wp-block-heading\">Preguntas frecuentes<\/h2>\n\n<h3 class=\"wp-block-heading\">Pel\u00edculas, series y emisiones rodadas en la Abad\u00eda del Mont-Saint-Michel<\/h3>\n\n<p>Muchas pel\u00edculas se han rodado en el Mont-Saint-Michel, un lugar de inspiraci\u00f3n \u00fanico por su magia, su esplendor y los misterios que lo rodean.<\/p>\n\n<p>Para empezar, el primer rodaje en La Mancha se remonta a 1907, <em>L&#8217;Enlis\u00e9 du Mont-Saint-Michel<\/em> dirigida por Albert Capellani, pionero del cine internacional.  <\/p>\n\n<p>Pero el Mont-Saint-Michel y su abad\u00eda no siempre son elegidos como lugar principal de rodaje; por ejemplo, en <em>Armageddon<\/em>, pel\u00edcula estadounidense dirigida por Michael Bay y estrenada en 1998, protagonizada por Liv Tyler, Bruce Willis y Ben Affleck entre otros, tres personajes franceses vigilan a las ovejas frente al Mont-Saint-Michel.  <\/p>\n\n<p>En 2011, el director Terrence Malick eligi\u00f3 el Mont-Saint-Michel para rodar <em>A la merveille<\/em>, donde las primeras escenas del romance con Ben Affleck y Olga Kurylenko comienzan entre la capital y el Mont-Saint-Michel.<\/p>\n\n<p>Luego, en otro registro, la adaptaci\u00f3n de Disney <em>Rapunzel<\/em> se inspira en la Maravilla, la Abad\u00eda del Mont-Saint-Michel.  <\/p>\n\n<figure class=\"wp-block-image size-large\"><img decoding=\"async\" src=\"https:\/\/photos.smugmug.com\/Normandie-Lovers\/Mont-saint-michel\/Nuit\/i-TQ49FRQ\/2\/1feb30d0\/L\/nuit_Mont_saint_Michel_night-13-L.jpg\" alt=\"Mont-Saint-Michel de noche\"\/><figcaption class=\"wp-element-caption\">Mont-Saint-Michel de noche.<\/figcaption><\/figure>\n\n<h3 class=\"wp-block-heading\">\u00bfY las novelas?<\/h3>\n\n<p>Por \u00faltimo, algunas de las escenas de Harry Potter recuerdan las callejuelas o las espectaculares vistas del Mont-Saint-Michel, pero J.K. Rowling no ha indicado que se inspirara en este importante lugar de culto. \u00bfSe pregunta por qu\u00e9 el Mont-Saint-Michel y su abad\u00eda habr\u00edan inspirado a Harry Potter?  <a href=\"https:\/\/normandielovers.fr\/es\/mont-saint-michel-harry-potter\/\" target=\"_blank\" rel=\"noreferrer noopener\">Nuestro art\u00edculo sobre el tema aqu\u00ed.<\/a><\/p>\n\n<p>La Merveille nunca deja de animar a artistas de todo tipo. Fue fuente de inspiraci\u00f3n para muchos escritores famosos como Victor Hugo, Gustave Flaubert, Guy de Maupassant y Stendhal. Pero tambi\u00e9n para dibujar la silueta del maravilloso castillo de Disneyland, o varios monumentos de videojuegos como <em>Pok\u00e9mon<\/em>, <em>Castlevania<\/em> o <em>Assassin&#8217;s Creed<\/em>.<\/p>\n\n<p>\u00bfUsted tambi\u00e9n se siente inspirado por la magia de este lugar? As\u00ed que no espere m\u00e1s y <a href=\"https:\/\/www.tiqets.com\/es\/billets-labbaye-du-mont-saint-michel-l145867\/?partner=region_lovers&amp;tq_campaign=NL\" target=\"_blank\" rel=\"noreferrer noopener sponsored nofollow\">reserve su billete<\/a> con antelaci\u00f3n.<\/p>\n\n<h3 class=\"wp-block-heading\">Los actos nocturnos de la Abad\u00eda del Mont-Saint-Michel en verano<\/h3>\n\n<p>Todos los veranos, en julio y agosto, al atardecer, tambi\u00e9n podr\u00e1 descubrir la Abad\u00eda del Mont-Saint-Michel de una forma diferente. \u00a1Un momento m\u00e1gico en el que el sonido y la luz visten a la Maravilla sobre la roca! Descubrir\u00e1 las diferentes estancias de la abad\u00eda al atardecer con incre\u00edbles vistas de la bah\u00eda y los alrededores.<\/p>\n\n<p>Tambi\u00e9n es muy divertido visitar la abad\u00eda y escuchar la historia del lugar contada por el famoso aficionado a la historia St\u00e9phane Bern.<\/p>\n\n<p>Las fechas exactas de las veladas est\u00e1n disponibles en la <a href=\"https:\/\/www.ot-montsaintmichel.com\/2022\/12\/12\/les-nocturnes-de-labbaye-du-mont-saint-michel\/\" target=\"_blank\" rel=\"noreferrer noopener nofollow\">p\u00e1gina web oficial<\/a> de la Oficina de Turismo del Mont-Saint-Michel.<\/p>\n\n<h3 class=\"wp-block-heading\"><strong>\u00bfD\u00f3nde ver la puesta de sol en el Mont-Saint-Michel?<\/strong><\/h3>\n\n<p>Desde la Pointe du Grouin, podr\u00e1 admirar la puesta de sol sobre el Mont-Saint-Michel: \u00a1un hermoso mirador!<\/p>\n\n<p>En las alturas de la ciudad de Avranches, tambi\u00e9n hay una vista impresionante de la bah\u00eda del Mont-Saint-Michel, sobre todo al atardecer. Los colores del final del d\u00eda le adormecer\u00e1n ante la suntuosa inmensidad de la bah\u00eda.  <\/p>\n\n<h3 class=\"wp-block-heading\"><strong>\u00bfQu\u00e9 calzado llevar para cruzar la bah\u00eda del Mont-Saint-Michel?<\/strong><\/h3>\n\n<p>Lo ideal es optar por calzado de r\u00edo o de mar en buen estado si planea una visita a la bah\u00eda del Mont-Saint-Michel. Se pueden encontrar arenas movedizas por todas partes, as\u00ed que tenga cuidado y haga una visita guiada. Dependiendo del tema de la visita, las botas de goma pueden ser \u00fatiles. Por favor, pregunte cuando haga su reserva.<\/p>\n\n<h3 class=\"wp-block-heading\">\u00bfQui\u00e9n vive en la Abad\u00eda del Mont-Saint-Michel?<\/h3>\n\n<p>La abad\u00eda del Mont-Saint-Michel est\u00e1 habitada actualmente por una comunidad de 5 monjes y 7 hermanas. Alquilaron al Estado la abad\u00eda, que hab\u00eda pasado a ser propiedad del Estado desde la Revoluci\u00f3n de 1789.<\/p>\n\n<h3 class=\"wp-block-heading\">\u00bfHay misas en la Abad\u00eda del Mont-Saint-Michel?<\/h3>\n\n<p>S\u00ed, todav\u00eda se celebran misas en la Abad\u00eda del Mont-Saint-Michel. Tienen lugar:<\/p>\n\n<ul class=\"wp-block-list\">\n<li>De martes a s\u00e1bado a las 12 del mediod\u00eda,<\/li>\n\n\n\n<li>Domingos a las 11.15 h (tambi\u00e9n el d\u00eda de Todos los Santos, Navidad, Ascensi\u00f3n y Asunci\u00f3n).<\/li>\n<\/ul>\n\n<h3 class=\"wp-block-heading\">Mont-Saint-Michel: \u00bfBret\u00f3n o Normando?<\/h3>\n\n<p>Debido a la proximidad de ambas regiones, a menudo se ha planteado la cuesti\u00f3n&#8230; La frontera entre Normand\u00eda y Breta\u00f1a se encuentra a 6 km al oeste de la desembocadura del r\u00edo Couesnon, en la bah\u00eda del Mont-Saint-Michel, antes de 2015. Despu\u00e9s de haber permanecido sin dominar durante varios siglos, luego bret\u00f3n antes de la llegada de los vikingos a la regi\u00f3n en el siglo IX, el Mont-Saint-Michel pas\u00f3 entonces a ser oficialmente normando.<\/p>\n","protected":false},"excerpt":{"rendered":"<p>Descubra la Abad\u00eda del Mont-Saint-Michel. Las murallas est\u00e1n llenas de historia y la arquitectura ha ido evolucionando durante varios siglos. Esta abad\u00eda catalogada fue uno de los centros de la cultura medieval, adem\u00e1s de su gran importancia para el Occidente cristiano. En este art\u00edculo le llevamos a descubrir la maravilla que es la Abad\u00eda del [&hellip;]<\/p>\n","protected":false},"author":1,"featured_media":3427,"comment_status":"closed","ping_status":"closed","sticky":false,"template":"","format":"standard","meta":{"_genesis_hide_title":false,"_genesis_hide_breadcrumbs":false,"_genesis_hide_singular_image":false,"_genesis_hide_footer_widgets":false,"_genesis_custom_body_class":"","_genesis_custom_post_class":"","_genesis_layout":"","footnotes":""},"categories":[150],"tags":[],"class_list":{"0":"post-3628","1":"post","2":"type-post","3":"status-publish","4":"format-standard","5":"has-post-thumbnail","7":"category-mont-saint-michel-y-alrededores","8":"entry"},"yoast_head":"<!-- This site is optimized with the Yoast SEO plugin v27.2 - https:\/\/yoast.com\/product\/yoast-seo-wordpress\/ -->\n<title>Visite la Abad\u00eda del Mont-Saint-Michel (consejos + fotos)<\/title>\n<meta name=\"description\" content=\"Todos nuestros consejos para visitar la Abad\u00eda del Mont-Saint-Michel, una maravilla arquitect\u00f3nica: mapa, acceso, dificultades... \u00a1y fotos!\" \/>\n<meta name=\"robots\" content=\"index, follow, max-snippet:-1, max-image-preview:large, max-video-preview:-1\" \/>\n<link rel=\"canonical\" href=\"https:\/\/normandielovers.fr\/es\/visitar-abadia-mont-saint-michel\/\" \/>\n<meta property=\"og:locale\" content=\"es_ES\" \/>\n<meta property=\"og:type\" content=\"article\" \/>\n<meta property=\"og:title\" content=\"Visite la Abad\u00eda del Mont-Saint-Michel (consejos + fotos)\" \/>\n<meta property=\"og:description\" content=\"Todos nuestros consejos para visitar la Abad\u00eda del Mont-Saint-Michel, una maravilla arquitect\u00f3nica: mapa, acceso, dificultades... \u00a1y fotos!\" \/>\n<meta property=\"og:url\" content=\"https:\/\/normandielovers.fr\/es\/visitar-abadia-mont-saint-michel\/\" \/>\n<meta property=\"og:site_name\" content=\"Normandie Lovers\" \/>\n<meta property=\"article:published_time\" content=\"2023-01-25T09:42:20+00:00\" \/>\n<meta property=\"article:modified_time\" content=\"2023-03-17T16:13:46+00:00\" \/>\n<meta property=\"og:image\" content=\"https:\/\/normandielovers.fr\/wp-content\/uploads\/2023\/01\/visitar-abadia-de-mont-saint-michel.jpeg\" \/>\n\t<meta property=\"og:image:width\" content=\"1067\" \/>\n\t<meta property=\"og:image:height\" content=\"800\" \/>\n\t<meta property=\"og:image:type\" content=\"image\/jpeg\" \/>\n<meta name=\"author\" content=\"Claire ROBINSON\" \/>\n<meta name=\"twitter:card\" content=\"summary_large_image\" \/>\n<meta name=\"twitter:label1\" content=\"Escrito por\" \/>\n\t<meta name=\"twitter:data1\" content=\"Claire ROBINSON\" \/>\n\t<meta name=\"twitter:label2\" content=\"Tiempo de lectura\" \/>\n\t<meta name=\"twitter:data2\" content=\"23 minutos\" \/>\n<script type=\"application\/ld+json\" class=\"yoast-schema-graph\">{\"@context\":\"https:\/\/schema.org\",\"@graph\":[{\"@type\":\"Article\",\"@id\":\"https:\/\/normandielovers.fr\/es\/visitar-abadia-mont-saint-michel\/#article\",\"isPartOf\":{\"@id\":\"https:\/\/normandielovers.fr\/es\/visitar-abadia-mont-saint-michel\/\"},\"author\":{\"name\":\"Claire ROBINSON\",\"@id\":\"https:\/\/normandielovers.fr\/es\/#\/schema\/person\/c96d3d0d65b11f42f39f436eab78bfc1\"},\"headline\":\"Visite la Abad\u00eda del Mont-Saint-Michel (consejos + fotos)\",\"datePublished\":\"2023-01-25T09:42:20+00:00\",\"dateModified\":\"2023-03-17T16:13:46+00:00\",\"mainEntityOfPage\":{\"@id\":\"https:\/\/normandielovers.fr\/es\/visitar-abadia-mont-saint-michel\/\"},\"wordCount\":4688,\"publisher\":{\"@id\":\"https:\/\/normandielovers.fr\/es\/#organization\"},\"image\":{\"@id\":\"https:\/\/normandielovers.fr\/es\/visitar-abadia-mont-saint-michel\/#primaryimage\"},\"thumbnailUrl\":\"https:\/\/normandielovers.fr\/wp-content\/uploads\/2023\/01\/visitar-abadia-de-mont-saint-michel.jpeg\",\"articleSection\":[\"Mont-Saint-Michel y alrededores\"],\"inLanguage\":\"es\"},{\"@type\":\"WebPage\",\"@id\":\"https:\/\/normandielovers.fr\/es\/visitar-abadia-mont-saint-michel\/\",\"url\":\"https:\/\/normandielovers.fr\/es\/visitar-abadia-mont-saint-michel\/\",\"name\":\"Visite la Abad\u00eda del Mont-Saint-Michel (consejos + fotos)\",\"isPartOf\":{\"@id\":\"https:\/\/normandielovers.fr\/es\/#website\"},\"primaryImageOfPage\":{\"@id\":\"https:\/\/normandielovers.fr\/es\/visitar-abadia-mont-saint-michel\/#primaryimage\"},\"image\":{\"@id\":\"https:\/\/normandielovers.fr\/es\/visitar-abadia-mont-saint-michel\/#primaryimage\"},\"thumbnailUrl\":\"https:\/\/normandielovers.fr\/wp-content\/uploads\/2023\/01\/visitar-abadia-de-mont-saint-michel.jpeg\",\"datePublished\":\"2023-01-25T09:42:20+00:00\",\"dateModified\":\"2023-03-17T16:13:46+00:00\",\"description\":\"Todos nuestros consejos para visitar la Abad\u00eda del Mont-Saint-Michel, una maravilla arquitect\u00f3nica: mapa, acceso, dificultades... \u00a1y fotos!\",\"breadcrumb\":{\"@id\":\"https:\/\/normandielovers.fr\/es\/visitar-abadia-mont-saint-michel\/#breadcrumb\"},\"inLanguage\":\"es\",\"potentialAction\":[{\"@type\":\"ReadAction\",\"target\":[\"https:\/\/normandielovers.fr\/es\/visitar-abadia-mont-saint-michel\/\"]}]},{\"@type\":\"ImageObject\",\"inLanguage\":\"es\",\"@id\":\"https:\/\/normandielovers.fr\/es\/visitar-abadia-mont-saint-michel\/#primaryimage\",\"url\":\"https:\/\/normandielovers.fr\/wp-content\/uploads\/2023\/01\/visitar-abadia-de-mont-saint-michel.jpeg\",\"contentUrl\":\"https:\/\/normandielovers.fr\/wp-content\/uploads\/2023\/01\/visitar-abadia-de-mont-saint-michel.jpeg\",\"width\":1067,\"height\":800,\"caption\":\"visitar abadia de mont-saint-michel\"},{\"@type\":\"BreadcrumbList\",\"@id\":\"https:\/\/normandielovers.fr\/es\/visitar-abadia-mont-saint-michel\/#breadcrumb\",\"itemListElement\":[{\"@type\":\"ListItem\",\"position\":1,\"name\":\"Home\",\"item\":\"https:\/\/normandielovers.fr\/es\/\"},{\"@type\":\"ListItem\",\"position\":2,\"name\":\"Mont-Saint-Michel y alrededores\",\"item\":\"https:\/\/normandielovers.fr\/es\/mont-saint-michel-y-alrededores\/\"},{\"@type\":\"ListItem\",\"position\":3,\"name\":\"Visite la Abad\u00eda del Mont-Saint-Michel (consejos + fotos)\"}]},{\"@type\":\"WebSite\",\"@id\":\"https:\/\/normandielovers.fr\/es\/#website\",\"url\":\"https:\/\/normandielovers.fr\/es\/\",\"name\":\"Normandie Lovers\",\"description\":\"Para despertar sus sentidos en Normand\u00eda - El blog de Claire y Manu\",\"publisher\":{\"@id\":\"https:\/\/normandielovers.fr\/es\/#organization\"},\"potentialAction\":[{\"@type\":\"SearchAction\",\"target\":{\"@type\":\"EntryPoint\",\"urlTemplate\":\"https:\/\/normandielovers.fr\/es\/?s={search_term_string}\"},\"query-input\":{\"@type\":\"PropertyValueSpecification\",\"valueRequired\":true,\"valueName\":\"search_term_string\"}}],\"inLanguage\":\"es\"},{\"@type\":\"Organization\",\"@id\":\"https:\/\/normandielovers.fr\/es\/#organization\",\"name\":\"Normandie Lovers\",\"url\":\"https:\/\/normandielovers.fr\/es\/\",\"logo\":{\"@type\":\"ImageObject\",\"inLanguage\":\"es\",\"@id\":\"https:\/\/normandielovers.fr\/es\/#\/schema\/logo\/image\/\",\"url\":\"https:\/\/normandielovers.fr\/wp-content\/uploads\/2022\/11\/Normandie-Lovers-Logo-Blog-de-viajes.png\",\"contentUrl\":\"https:\/\/normandielovers.fr\/wp-content\/uploads\/2022\/11\/Normandie-Lovers-Logo-Blog-de-viajes.png\",\"width\":2884,\"height\":863,\"caption\":\"Normandie Lovers\"},\"image\":{\"@id\":\"https:\/\/normandielovers.fr\/es\/#\/schema\/logo\/image\/\"}},{\"@type\":\"Person\",\"@id\":\"https:\/\/normandielovers.fr\/es\/#\/schema\/person\/c96d3d0d65b11f42f39f436eab78bfc1\",\"name\":\"Claire ROBINSON\",\"image\":{\"@type\":\"ImageObject\",\"inLanguage\":\"es\",\"@id\":\"https:\/\/secure.gravatar.com\/avatar\/e3566233826c32de8d7c9ef726a1087654b12cadb092acc17ee1d357687192ff?s=96&d=mm&r=g\",\"url\":\"https:\/\/secure.gravatar.com\/avatar\/e3566233826c32de8d7c9ef726a1087654b12cadb092acc17ee1d357687192ff?s=96&d=mm&r=g\",\"contentUrl\":\"https:\/\/secure.gravatar.com\/avatar\/e3566233826c32de8d7c9ef726a1087654b12cadb092acc17ee1d357687192ff?s=96&d=mm&r=g\",\"caption\":\"Claire ROBINSON\"},\"sameAs\":[\"https:\/\/normandielovers.fr\/claire-robinson\/\"],\"url\":\"https:\/\/normandielovers.fr\/es\/author\/normandielover\/\"}]}<\/script>\n<!-- \/ Yoast SEO plugin. -->","yoast_head_json":{"title":"Visite la Abad\u00eda del Mont-Saint-Michel (consejos + fotos)","description":"Todos nuestros consejos para visitar la Abad\u00eda del Mont-Saint-Michel, una maravilla arquitect\u00f3nica: mapa, acceso, dificultades... \u00a1y fotos!","robots":{"index":"index","follow":"follow","max-snippet":"max-snippet:-1","max-image-preview":"max-image-preview:large","max-video-preview":"max-video-preview:-1"},"canonical":"https:\/\/normandielovers.fr\/es\/visitar-abadia-mont-saint-michel\/","og_locale":"es_ES","og_type":"article","og_title":"Visite la Abad\u00eda del Mont-Saint-Michel (consejos + fotos)","og_description":"Todos nuestros consejos para visitar la Abad\u00eda del Mont-Saint-Michel, una maravilla arquitect\u00f3nica: mapa, acceso, dificultades... \u00a1y fotos!","og_url":"https:\/\/normandielovers.fr\/es\/visitar-abadia-mont-saint-michel\/","og_site_name":"Normandie Lovers","article_published_time":"2023-01-25T09:42:20+00:00","article_modified_time":"2023-03-17T16:13:46+00:00","og_image":[{"width":1067,"height":800,"url":"https:\/\/normandielovers.fr\/wp-content\/uploads\/2023\/01\/visitar-abadia-de-mont-saint-michel.jpeg","type":"image\/jpeg"}],"author":"Claire ROBINSON","twitter_card":"summary_large_image","twitter_misc":{"Escrito por":"Claire ROBINSON","Tiempo de lectura":"23 minutos"},"schema":{"@context":"https:\/\/schema.org","@graph":[{"@type":"Article","@id":"https:\/\/normandielovers.fr\/es\/visitar-abadia-mont-saint-michel\/#article","isPartOf":{"@id":"https:\/\/normandielovers.fr\/es\/visitar-abadia-mont-saint-michel\/"},"author":{"name":"Claire ROBINSON","@id":"https:\/\/normandielovers.fr\/es\/#\/schema\/person\/c96d3d0d65b11f42f39f436eab78bfc1"},"headline":"Visite la Abad\u00eda del Mont-Saint-Michel (consejos + fotos)","datePublished":"2023-01-25T09:42:20+00:00","dateModified":"2023-03-17T16:13:46+00:00","mainEntityOfPage":{"@id":"https:\/\/normandielovers.fr\/es\/visitar-abadia-mont-saint-michel\/"},"wordCount":4688,"publisher":{"@id":"https:\/\/normandielovers.fr\/es\/#organization"},"image":{"@id":"https:\/\/normandielovers.fr\/es\/visitar-abadia-mont-saint-michel\/#primaryimage"},"thumbnailUrl":"https:\/\/normandielovers.fr\/wp-content\/uploads\/2023\/01\/visitar-abadia-de-mont-saint-michel.jpeg","articleSection":["Mont-Saint-Michel y alrededores"],"inLanguage":"es"},{"@type":"WebPage","@id":"https:\/\/normandielovers.fr\/es\/visitar-abadia-mont-saint-michel\/","url":"https:\/\/normandielovers.fr\/es\/visitar-abadia-mont-saint-michel\/","name":"Visite la Abad\u00eda del Mont-Saint-Michel (consejos + fotos)","isPartOf":{"@id":"https:\/\/normandielovers.fr\/es\/#website"},"primaryImageOfPage":{"@id":"https:\/\/normandielovers.fr\/es\/visitar-abadia-mont-saint-michel\/#primaryimage"},"image":{"@id":"https:\/\/normandielovers.fr\/es\/visitar-abadia-mont-saint-michel\/#primaryimage"},"thumbnailUrl":"https:\/\/normandielovers.fr\/wp-content\/uploads\/2023\/01\/visitar-abadia-de-mont-saint-michel.jpeg","datePublished":"2023-01-25T09:42:20+00:00","dateModified":"2023-03-17T16:13:46+00:00","description":"Todos nuestros consejos para visitar la Abad\u00eda del Mont-Saint-Michel, una maravilla arquitect\u00f3nica: mapa, acceso, dificultades... \u00a1y fotos!","breadcrumb":{"@id":"https:\/\/normandielovers.fr\/es\/visitar-abadia-mont-saint-michel\/#breadcrumb"},"inLanguage":"es","potentialAction":[{"@type":"ReadAction","target":["https:\/\/normandielovers.fr\/es\/visitar-abadia-mont-saint-michel\/"]}]},{"@type":"ImageObject","inLanguage":"es","@id":"https:\/\/normandielovers.fr\/es\/visitar-abadia-mont-saint-michel\/#primaryimage","url":"https:\/\/normandielovers.fr\/wp-content\/uploads\/2023\/01\/visitar-abadia-de-mont-saint-michel.jpeg","contentUrl":"https:\/\/normandielovers.fr\/wp-content\/uploads\/2023\/01\/visitar-abadia-de-mont-saint-michel.jpeg","width":1067,"height":800,"caption":"visitar abadia de mont-saint-michel"},{"@type":"BreadcrumbList","@id":"https:\/\/normandielovers.fr\/es\/visitar-abadia-mont-saint-michel\/#breadcrumb","itemListElement":[{"@type":"ListItem","position":1,"name":"Home","item":"https:\/\/normandielovers.fr\/es\/"},{"@type":"ListItem","position":2,"name":"Mont-Saint-Michel y alrededores","item":"https:\/\/normandielovers.fr\/es\/mont-saint-michel-y-alrededores\/"},{"@type":"ListItem","position":3,"name":"Visite la Abad\u00eda del Mont-Saint-Michel (consejos + fotos)"}]},{"@type":"WebSite","@id":"https:\/\/normandielovers.fr\/es\/#website","url":"https:\/\/normandielovers.fr\/es\/","name":"Normandie Lovers","description":"Para despertar sus sentidos en Normand\u00eda - El blog de Claire y Manu","publisher":{"@id":"https:\/\/normandielovers.fr\/es\/#organization"},"potentialAction":[{"@type":"SearchAction","target":{"@type":"EntryPoint","urlTemplate":"https:\/\/normandielovers.fr\/es\/?s={search_term_string}"},"query-input":{"@type":"PropertyValueSpecification","valueRequired":true,"valueName":"search_term_string"}}],"inLanguage":"es"},{"@type":"Organization","@id":"https:\/\/normandielovers.fr\/es\/#organization","name":"Normandie Lovers","url":"https:\/\/normandielovers.fr\/es\/","logo":{"@type":"ImageObject","inLanguage":"es","@id":"https:\/\/normandielovers.fr\/es\/#\/schema\/logo\/image\/","url":"https:\/\/normandielovers.fr\/wp-content\/uploads\/2022\/11\/Normandie-Lovers-Logo-Blog-de-viajes.png","contentUrl":"https:\/\/normandielovers.fr\/wp-content\/uploads\/2022\/11\/Normandie-Lovers-Logo-Blog-de-viajes.png","width":2884,"height":863,"caption":"Normandie Lovers"},"image":{"@id":"https:\/\/normandielovers.fr\/es\/#\/schema\/logo\/image\/"}},{"@type":"Person","@id":"https:\/\/normandielovers.fr\/es\/#\/schema\/person\/c96d3d0d65b11f42f39f436eab78bfc1","name":"Claire ROBINSON","image":{"@type":"ImageObject","inLanguage":"es","@id":"https:\/\/secure.gravatar.com\/avatar\/e3566233826c32de8d7c9ef726a1087654b12cadb092acc17ee1d357687192ff?s=96&d=mm&r=g","url":"https:\/\/secure.gravatar.com\/avatar\/e3566233826c32de8d7c9ef726a1087654b12cadb092acc17ee1d357687192ff?s=96&d=mm&r=g","contentUrl":"https:\/\/secure.gravatar.com\/avatar\/e3566233826c32de8d7c9ef726a1087654b12cadb092acc17ee1d357687192ff?s=96&d=mm&r=g","caption":"Claire ROBINSON"},"sameAs":["https:\/\/normandielovers.fr\/claire-robinson\/"],"url":"https:\/\/normandielovers.fr\/es\/author\/normandielover\/"}]}},"featured_image_src":"https:\/\/normandielovers.fr\/wp-content\/uploads\/2023\/01\/visitar-abadia-de-mont-saint-michel-600x400.jpeg","featured_image_src_square":"https:\/\/normandielovers.fr\/wp-content\/uploads\/2023\/01\/visitar-abadia-de-mont-saint-michel-600x600.jpeg","author_info":{"display_name":"Claire ROBINSON","author_link":"https:\/\/normandielovers.fr\/es\/author\/normandielover\/"},"_links":{"self":[{"href":"https:\/\/normandielovers.fr\/es\/wp-json\/wp\/v2\/posts\/3628","targetHints":{"allow":["GET"]}}],"collection":[{"href":"https:\/\/normandielovers.fr\/es\/wp-json\/wp\/v2\/posts"}],"about":[{"href":"https:\/\/normandielovers.fr\/es\/wp-json\/wp\/v2\/types\/post"}],"author":[{"embeddable":true,"href":"https:\/\/normandielovers.fr\/es\/wp-json\/wp\/v2\/users\/1"}],"replies":[{"embeddable":true,"href":"https:\/\/normandielovers.fr\/es\/wp-json\/wp\/v2\/comments?post=3628"}],"version-history":[{"count":0,"href":"https:\/\/normandielovers.fr\/es\/wp-json\/wp\/v2\/posts\/3628\/revisions"}],"wp:featuredmedia":[{"embeddable":true,"href":"https:\/\/normandielovers.fr\/es\/wp-json\/wp\/v2\/media\/3427"}],"wp:attachment":[{"href":"https:\/\/normandielovers.fr\/es\/wp-json\/wp\/v2\/media?parent=3628"}],"wp:term":[{"taxonomy":"category","embeddable":true,"href":"https:\/\/normandielovers.fr\/es\/wp-json\/wp\/v2\/categories?post=3628"},{"taxonomy":"post_tag","embeddable":true,"href":"https:\/\/normandielovers.fr\/es\/wp-json\/wp\/v2\/tags?post=3628"}],"curies":[{"name":"wp","href":"https:\/\/api.w.org\/{rel}","templated":true}]}}