{"id":15510,"date":"2024-09-24T18:43:55","date_gmt":"2024-09-24T16:43:55","guid":{"rendered":"https:\/\/normandielovers.fr\/visite-abbaye-saint-georges-boscherville\/"},"modified":"2024-09-30T14:30:46","modified_gmt":"2024-09-30T12:30:46","slug":"visitar-abadia-saint-georges-boscherville","status":"publish","type":"post","link":"https:\/\/normandielovers.fr\/es\/visitar-abadia-saint-georges-boscherville\/","title":{"rendered":"Abad\u00eda de Saint-Georges de Boscherville (visita + fotos)"},"content":{"rendered":"\n<p>Situada a dos pasos de Rouen, la abad\u00eda de Saint-Georges de Boscherville destaca por su grandeza. Es una de las abad\u00edas rom\u00e1nicas m\u00e1s imponentes del valle del Sena. Disfrutamos de su arquitectura, de la belleza de sus interiores y de sus magn\u00edficos jardines restaurados.<\/p>\n\n<p>He aqu\u00ed algunos <strong>consejos \u00fatiles<\/strong> para planificar su <strong>visita a la abad\u00eda de Saint-Georges de Boscherville<\/strong>, en la localidad de Saint-Martin-de-Boscherville, en Normand\u00eda, cerca de Rouen.<\/p>\n\n<figure class=\"wp-block-image size-full\"><img decoding=\"async\" src=\"https:\/\/normandielovers.fr\/wp-content\/uploads\/2024\/09\/visitar-abadia-saint-georges-boscherville.jpg\" alt=\"visita abadia saint georges boscherville\" class=\"wp-image-15502\"\/><\/figure>\n\n<div class=\"wp-block-genesis-blocks-gb-container gb-block-container\"><div class=\"gb-container-inside\"><div class=\"gb-container-content\">\n<div class=\"wp-block-genesis-blocks-gb-container gb-block-container\"><div class=\"gb-container-inside\"><div class=\"gb-container-content\">\n<p>Esta gu\u00eda es totalmente <strong>independiente<\/strong> y se basa en nuestras experiencias. Visitamos la regi\u00f3n de forma an\u00f3nima, tomando nuestras propias decisiones y pagando \u00edntegramente nuestras facturas.<\/p>\n<\/div><\/div><\/div>\n<\/div><\/div><\/div>\n\n<h2 class=\"wp-block-heading\">\u00bfMerece la pena visitar la Abad\u00eda de Saint-Georges de Boscherville?<\/h2>\n\n<p>S\u00ed, merece la pena visitarlo. Nos pareci\u00f3 magn\u00edfico. Construido sobre un emplazamiento sagrado galo-romano, fue transformado varias veces a lo largo de los siglos. Aunque la abad\u00eda fue despojada de sus riquezas durante las Guerras de Religi\u00f3n, \u00a1hoy guarda otros tesoros! Le encantar\u00e1 su arquitectura medieval y su intrincada decoraci\u00f3n interior. Los jardines no se quedan atr\u00e1s. Disfrutamos paseando por los parterres, huertos, huertos frutales y vi\u00f1edos de estilo franc\u00e9s.<\/p>\n\n<p>Se trata de una de las <a href=\"https:\/\/normandielovers.fr\/es\/abadias-normandia\/\" target=\"_blank\" rel=\"noreferrer noopener\">abad\u00edas m\u00e1s bellas de Normand\u00eda<\/a>.<\/p>\n\n<figure class=\"wp-block-image size-large\"><img decoding=\"async\" src=\"https:\/\/photos.smugmug.com\/Travel\/Normandie\/R17c-Boscherville\/i-kLtDBF5\/4\/Km75DDhndKgKks2KBrg4j7BH96sH3zkPbnhnHFJzF\/L\/Abbaye_saint_Gorges_Boscherville_Normandie-2914-L.jpg\" alt=\"Abbaye Saint-Georges de Boscherville - Vista desde una escalera de la abad&#xED;a a lo lejos\"\/><\/figure>\n\n<h2 class=\"wp-block-heading\">Lo que puede ver<\/h2>\n\n<h3 class=\"wp-block-heading\">La soberbia iglesia abacial<\/h3>\n\n<figure class=\"wp-block-image size-large\"><img decoding=\"async\" src=\"https:\/\/photos.smugmug.com\/Travel\/Normandie\/R17c-Boscherville\/i-Gfvfxn7\/4\/KPftMCv6rpcMn6N9JN6m3RkvVvLvBpzDfj9Nhn84r\/L\/Abbaye_saint_Gorges_Boscherville_Normandie-5766-L.jpg\" alt=\"Abad&#xED;a Saint-Georges de Boscherville - Nave\"\/><\/figure>\n\n<p>La iglesia abacial data del siglo XII y tiene una impresionante longitud de 70 m. La nave y sus altas b\u00f3vedas blancas nos transportaron a la grandeza de la Edad Media.<\/p>\n\n<h3 class=\"wp-block-heading\">La excepcional sala capitular<\/h3>\n\n<figure class=\"wp-block-image size-large\"><img decoding=\"async\" src=\"https:\/\/photos.smugmug.com\/Travel\/Normandie\/R17c-Boscherville\/i-ffwDZZP\/4\/Mp823bZ2djRgVjNFJSm2GGqKPFq4r9DP4gdSWmMPC\/L\/Abbaye_saint_Gorges_Boscherville_Normandie-2867-L.jpg\" alt=\"Abbaye Saint-Georges de Boscherville - Escultura en la sala capitular\"\/><\/figure>\n\n<p>Esta sala, tambi\u00e9n conocida como sala capitular, serv\u00eda de lugar de reuni\u00f3n para los monjes. Se distingue por sus decoraciones finamente esculpidas y sus capiteles magn\u00edficamente tallados. \u00a1Era como encaje de piedra!<\/p>\n\n<div style=\"margin-top:8%;margin-bottom:8%\" class=\"wp-block-genesis-blocks-gb-container box gb-block-container\"><div class=\"gb-container-inside\"><div class=\"gb-container-content\">\n<div class=\"wp-block-columns inverse box_planif is-layout-flex wp-container-core-columns-is-layout-9d6595d7 wp-block-columns-is-layout-flex\">\n<div class=\"wp-block-column texte_planif is-layout-flow wp-block-column-is-layout-flow\" style=\"flex-basis:58%\">\n<h5 class=\"titre_box\" style=\"padding-top:10px\">NUESTROS CONSEJOS PARA <span>ALQUILAR UN COCHE<\/span> EN<span class=\"titre_box_manuscrit\"> Normand\u00eda<\/span><\/h5>\n\n\n\n<ul class=\"wp-block-list\" style=\"font-size:14px\">\n<li>Compare precios en nuestra plataforma preferida: <a href=\"https:\/\/www.discovercars.com\/es\/france?a_aid=zigzag&amp;chan=NL\" target=\"_blank\" rel=\"noreferrer noopener\">DiscoverCars<\/a>, uno de los sitios mejor valorados.<\/li>\n\n\n\n<li>Elija un <strong>coche lo suficientemente c\u00f3modo <\/strong>(las distancias pueden ser largas) pero <strong>compacto<\/strong> (algunos aparcamientos y pueblos son estrechos).<\/li>\n\n\n\n<li>Considere la posibilidad de<strong>contratar un seguro a todo riesgo<\/strong> (algunas carreteras son sinuosas y estrechas).<\/li>\n\n\n\n<li>Hay mucha demanda, as\u00ed que <strong>reserve con antelaci\u00f3n<\/strong>.<\/li>\n<\/ul>\n<\/div>\n\n\n\n<div class=\"wp-block-column planif-radius-2 is-layout-flow wp-block-column-is-layout-flow\" style=\"flex-basis:42%\">\n<figure class=\"wp-block-image size-full voiture_image\"><img loading=\"lazy\" decoding=\"async\" width=\"421\" height=\"533\" src=\"https:\/\/normandielovers.fr\/wp-content\/uploads\/2023\/05\/Yport_Normandie-3328.png\" alt=\"\" class=\"wp-image-7241\" title=\"\" srcset=\"https:\/\/normandielovers.fr\/wp-content\/uploads\/2023\/05\/Yport_Normandie-3328.png 421w, https:\/\/normandielovers.fr\/wp-content\/uploads\/2023\/05\/Yport_Normandie-3328-237x300.png 237w\" sizes=\"auto, (max-width: 421px) 100vw, 421px\" \/><\/figure>\n<\/div>\n<\/div>\n\n\n\n<div class=\"wp-block-genesis-blocks-gb-container gb-block-container\"><div class=\"gb-container-inside\"><div class=\"gb-container-content\">\n<div class=\"wp-block-columns planif_bouton is-layout-flex wp-container-core-columns-is-layout-9d6595d7 wp-block-columns-is-layout-flex\">\n<div class=\"wp-block-column is-layout-flow wp-block-column-is-layout-flow\">\n<div class=\"wp-block-buttons is-content-justification-center is-layout-flex wp-container-core-buttons-is-layout-16018d1d wp-block-buttons-is-layout-flex\">\n<div class=\"wp-block-button has-custom-font-size\" style=\"font-size:14px\"><a class=\"wp-block-button__link has-white-color has-text-color wp-element-button\" href=\"https:\/\/www.discovercars.com\/es\/france?a_aid=zigzag&amp;amp;chan=NL\" style=\"border-radius:4px\" target=\"_blank\" rel=\"noreferrer noopener\">Ver coches disponibles  <strong>   <\/strong><img decoding=\"async\" class=\"wp-image-3266 img_fleche\" style=\"width: 16px;  \" src=\"https:\/\/corsicalovers.fr\/wp-content\/uploads\/2023\/03\/ArrowRight.png\" alt=\"flecha\"\/><\/a><\/div>\n<\/div>\n<\/div>\n\n\n\n<div class=\"wp-block-column is-vertically-aligned-center is-layout-flow wp-block-column-is-layout-flow\">\n<p class=\"has-text-align-center\" style=\"font-size:14px\"><strong><a href=\"https:\/\/normandielovers.fr\/es\/alquilar-coche-france\/\" target=\"_blank\" rel=\"noreferrer noopener\">Ver todos nuestros consejos<\/a><\/strong><\/p>\n<\/div>\n<\/div>\n<\/div><\/div><\/div>\n<\/div><\/div><\/div>\n\n<h3 class=\"wp-block-heading\">El edificio mon\u00e1stico<\/h3>\n\n<figure class=\"wp-block-image size-large\"><img decoding=\"async\" src=\"https:\/\/photos.smugmug.com\/Travel\/Normandie\/R17c-Boscherville\/i-MHtm9Zp\/4\/KQMfLsvLMGS9WsSwQ5LRWpzRzKQSG5Jrn3Z76QJCh\/L\/Abbaye_saint_Gorges_Boscherville_Normandie-2836-L.jpg\" alt=\"Abbaye Saint-Georges de Boscherville - Edificio mon&#xE1;stico\"\/><\/figure>\n\n<p>De estilo cl\u00e1sico, el edificio mon\u00e1stico contrasta con la arquitectura medieval. Apreciamos este toque m\u00e1s \u00abmoderno\u00bb.<\/p>\n\n<h3 class=\"wp-block-heading\">Una encantadora capilla<\/h3>\n\n<figure class=\"wp-block-image size-large\"><img decoding=\"async\" src=\"https:\/\/photos.smugmug.com\/Travel\/Normandie\/R17c-Boscherville\/i-TRQS6b3\/4\/MXSjZr2vkJMPLC5nZ4Q3jnCkspgsPkzJvFjdHjrSt\/L\/Abbaye_saint_Gorges_Boscherville_Normandie-2927-L.jpg\" alt=\"Abbaye Saint-Georges de Boscherville - Capilla\"\/><\/figure>\n\n<p>La capilla tiene un interior m\u00e1s sobrio. Tambi\u00e9n nos encantaron los colores de las vidrieras.<\/p>\n\n<h3 class=\"wp-block-heading\">Enormes jardines<\/h3>\n\n<figure class=\"wp-block-image size-large\"><img decoding=\"async\" src=\"https:\/\/photos.smugmug.com\/Travel\/Normandie\/R17c-Boscherville\/i-DzmcLKF\/4\/LrLRxvLMrGNGFBF2VPWTSRH8Xs45r5PXTXTQwM5Hx\/L\/Abbaye_saint_Gorges_Boscherville_Normandie-2876-L.jpg\" alt=\"Abbaye Saint-Georges de Boscherville - Jard&#xED;n, arbustos podados\"\/><\/figure>\n\n<p>La abad\u00eda est\u00e1 rodeada por m\u00e1s de 6 hect\u00e1reas de jardines. Restauradas, ahora han recuperado sus funciones alimenticias, medicinales y ornamentales. El paisaje es sublime. T\u00f3mese su tiempo para admirarlo.<\/p>\n\n<h3 class=\"wp-block-heading\">Un huerto y un jard\u00edn de verduras<\/h3>\n\n<figure class=\"wp-block-image size-large\"><img decoding=\"async\" src=\"https:\/\/photos.smugmug.com\/Travel\/Normandie\/R17c-Boscherville\/i-HfvjjRX\/4\/MrkdjPx2xtxzcz98DcSJwb8mMrbJcHpb6GGC83V7s\/L\/Abbaye_saint_Gorges_Boscherville_Normandie-2886-L.jpg\" alt=\"Abbaye Saint-Georges de Boscherville - Huerto\"\/><\/figure>\n\n<p>Paseamos por el frondoso huerto, que promete ciruelas, manzanas y peras todos los veranos.<\/p>\n\n<h3 class=\"wp-block-heading\">Un jard\u00edn medicinal<\/h3>\n\n<figure class=\"wp-block-image size-large\"><img decoding=\"async\" src=\"https:\/\/photos.smugmug.com\/Travel\/Normandie\/R17c-Boscherville\/i-q3htwbm\/4\/MH2vn6cdTwjpmgr28VZdffjf5bMvgGmzjRTXCnR7k\/L\/Abbaye_saint_Gorges_Boscherville_Normandie-2923-L.jpg\" alt=\"Abbaye Saint-Georges de Boscherville - Planta de ricino\"\/><\/figure>\n\n<p>Tambi\u00e9n hay zonas dedicadas a las plantas medicinales. Por ejemplo, hemos reconocido la planta del ricino, que produce un aceite con una serie de virtudes.<\/p>\n\n<h3 class=\"wp-block-heading\">Terrazas a la italiana<\/h3>\n\n<figure class=\"wp-block-image size-large\"><img decoding=\"async\" src=\"https:\/\/photos.smugmug.com\/Travel\/Normandie\/R17c-Boscherville\/i-xBX66Kr\/4\/LsdJQCQf6VfZtvPVv9DJns83TZMRbs7gJ9jjL5h9V\/L\/Abbaye_saint_Gorges_Boscherville_Normandie-2912-L.jpg\" alt=\"Abbaye Saint-Georges de Boscherville - Vista de las terrazas de piedra\"\/><\/figure>\n\n<p>Elegantes terrazas de estilo italiano conducen al resto del jard\u00edn. D\u00e9 un paseo o fotograf\u00edelos. Estas damas de piedra son fotog\u00e9nicas. Los resultados fueron concluyentes.<\/p>\n\n<h3 class=\"wp-block-heading\">Parterres a la francesa<\/h3>\n\n<figure class=\"wp-block-image size-large\"><img decoding=\"async\" src=\"https:\/\/photos.smugmug.com\/Travel\/Normandie\/R17c-Boscherville\/i-cHR44Tr\/4\/MVf8VLRfzk898DTWwddsqpKJk34SVm7zfjxhrn94z\/L\/Abbaye_saint_Gorges_Boscherville_Normandie-5758-L.jpg\" alt=\"Abbaye Saint-Georges de Boscherville - Vista del jard&#xED;n y del bosque\"\/><\/figure>\n\n<p>Una parte del jard\u00edn destaca por su simetr\u00eda, \u00a1los famosos parterres a la francesa con sus formas geom\u00e9tricas que hemos visto a menudo en los parques <a href=\"https:\/\/normandielovers.fr\/es\/castellos-normandia\/\" target=\"_blank\" rel=\"noreferrer noopener\">de los castillos de Normand\u00eda<\/a> y Francia!<\/p>\n\n<h3 class=\"wp-block-heading\">Un vi\u00f1edo prometedor<\/h3>\n\n<figure class=\"wp-block-image size-large\"><img decoding=\"async\" src=\"https:\/\/photos.smugmug.com\/Travel\/Normandie\/R17c-Boscherville\/i-74zmQrr\/4\/NMHndZqQCXBzdnzhht4jmFfqZ5hpQXXWB5R3wVPMt\/L\/Abbaye_saint_Gorges_Boscherville_Normandie-2894-L.jpg\" alt=\"Abbaye Saint-Georges de Boscherville - Vista de la abad&#xED;a detr&#xE1;s de los vi&#xF1;edos\"\/><\/figure>\n\n<p>Las vides complementan los jardines, \u00a1prometiendo una rica cosecha! Pero en el momento de nuestra visita, las uvas a\u00fan no estaban completamente maduras.<\/p>\n\n<h3 class=\"wp-block-heading\">Una sala de exposiciones<\/h3>\n\n<figure class=\"wp-block-image size-large\"><img decoding=\"async\" src=\"https:\/\/photos.smugmug.com\/Travel\/Normandie\/R17c-Boscherville\/i-WJ8xGNG\/4\/Lc5Zw8Qv9PmXqhrTx3Drq8M8TDwC6sDhVWNzjFWX7\/L\/Abbaye_saint_Gorges_Boscherville_Normandie-2841-L.jpg\" alt=\"Abbaye Saint-Georges de Boscherville - Sala de exposiciones\"\/><\/figure>\n\n<p>Visite la sala de exposiciones de la abad\u00eda para ver las exposiciones temporales. Vimos unas fotos maravillosas.<\/p>\n\n<div style=\"background-color:#f4faf8;margin-top:8%;margin-bottom:8%\" class=\"wp-block-genesis-blocks-gb-container box gb-block-container\"><div class=\"gb-container-inside\"><div class=\"gb-container-content\" style=\"max-width:700px\">\n<div class=\"wp-block-genesis-blocks-gb-container box_titre gb-block-container\"><div class=\"gb-container-inside\"><div class=\"gb-container-content\">\n<h5 class=\"titre_box\" style=\"padding-top:10px;\"><span>D\u00d3NDE ALOJARSE<\/span> EN <span class=\"titre_box_manuscrit\">Normand\u00eda<\/span><\/h5>\n<\/div><\/div><\/div>\n\n\n\n<div class=\"wp-block-columns box_sans_border has-background is-layout-flex wp-container-core-columns-is-layout-9d6595d7 wp-block-columns-is-layout-flex\" style=\"background-color:#f4faf8\">\n<div class=\"wp-block-column texte_planif is-layout-flow wp-block-column-is-layout-flow\" style=\"font-size:14px;flex-basis:60%\">\n<p style=\"font-size:16px\">Apreciamos especialmente la estancia en Normand\u00eda:<\/p>\n\n\n\n<ul class=\"wp-block-list\">\n<li style=\"font-size:16px\"><strong>Bayeux<\/strong> &#8211; <a href=\"https:\/\/normandielovers.fr\/es\/mejor-hotel-bayeux-donde-alojarse-opinion\/\" target=\"_blank\" rel=\"noreferrer noopener\">nuestra selecci\u00f3n de hoteles<\/a><\/li>\n\n\n\n<li style=\"font-size:16px\"><strong>Honfleur<\/strong> &#8211; <a href=\"https:\/\/normandielovers.fr\/es\/mejor-hotel-honfleur-donde-alojarse\/\" target=\"_blank\" rel=\"noreferrer noopener\">nuestra selecci\u00f3n de hoteles<\/a><\/li>\n<\/ul>\n<\/div>\n\n\n\n<div class=\"wp-block-column is-vertically-aligned-top planif-radius is-layout-flow wp-block-column-is-layout-flow\" style=\"flex-basis:40%\">\n<figure class=\"wp-block-image size-large img-portrait\"><img decoding=\"async\" src=\"https:\/\/photos.smugmug.com\/Normandie-Lovers\/Bayeux\/Hotels\/i-CxqSKxd\/1\/aae537a7\/L\/Domaine_Bayeux_hotel-08-L.jpg\" alt=\"Hotel Domaine de Bayeux\" title=\"\"\/><\/figure>\n<\/div>\n<\/div>\n\n\n\n<div class=\"wp-block-columns box_sans_border is-layout-flex wp-container-core-columns-is-layout-9d6595d7 wp-block-columns-is-layout-flex\">\n<div class=\"wp-block-column texte_planif has-background is-layout-flow wp-block-column-is-layout-flow\" style=\"background-color:#f4faf8;font-size:14px;flex-basis:100%\">\n<p style=\"font-size:16px\">Para m\u00e1s ideas, eche un vistazo a nuestro art\u00edculo sobre <a href=\"https:\/\/normandielovers.fr\/es\/donde-dormir-normandia-mejores-hoteles\/\" target=\"_blank\" rel=\"noreferrer noopener\">los mejores lugares para alojarse en Normand\u00eda<\/a>.<br\/>Y si ya tiene una idea, eche un vistazo a nuestras selecciones:<\/p>\n\n\n\n<ul class=\"wp-block-list\">\n<li style=\"font-size:16px\"><a href=\"https:\/\/normandielovers.fr\/es\/donde-alojarse-etretat-mejor-hotel-opinion\/\" target=\"_blank\" rel=\"noreferrer noopener\">Los mejores hoteles en Etretat<\/a><\/li>\n\n\n\n<li style=\"font-size:16px\"><a href=\"https:\/\/normandielovers.fr\/es\/donde-alojarse-mont-saint-michel-hotels\/\" target=\"_blank\" rel=\"noreferrer noopener\">Los mejores hoteles en Mont-Saint-Michel<\/a><\/li>\n\n\n\n<li style=\"font-size:16px\"><a href=\"https:\/\/normandielovers.fr\/es\/mejor-hotel-rouen-donde-alojarse\/\" target=\"_blank\" rel=\"noreferrer noopener\">Los mejores hoteles de Rouen<\/a><\/li>\n\n\n\n<li style=\"font-size:16px\"><a href=\"https:\/\/normandielovers.fr\/es\/mejor-hotel-caen-donde-alojarse-barrios\/\" target=\"_blank\" rel=\"noreferrer noopener\">Los mejores hoteles en Caen<\/a><\/li>\n\n\n\n<li style=\"font-size:16px\"><a href=\"https:\/\/normandielovers.fr\/es\/mejor-hotel-le-havre-donde-alojarse\/\" target=\"_blank\" rel=\"noreferrer noopener\">Los mejores hoteles en Le Havre<\/a><\/li>\n\n\n\n<li style=\"font-size:16px\"><a href=\"https:\/\/normandielovers.fr\/es\/mejor-hotel-deauville-donde-alojarse\/\">Los mejores hoteles en Deauville<\/a><\/li>\n<\/ul>\n<\/div>\n<\/div>\n<\/div><\/div><\/div>\n\n<h2 class=\"wp-block-heading\">Abad\u00eda de Saint-Georges de Boscherville en Saint-Martin-de-Boscherville: c\u00f3mo llegar<\/h2>\n\n<h3 class=\"wp-block-heading\">\u00bfD\u00f3nde est\u00e1 la abad\u00eda?<\/h3>\n\n<ul class=\"wp-block-list\">\n<li>En la bella regi\u00f3n francesa de Normand\u00eda<\/li>\n\n\n\n<li>En la ciudad de Saint-Martin-de-Boscherville<\/li>\n\n\n\n<li>En el Parque Natural Regional de Boucles de la Seine<\/li>\n\n\n\n<li>A 20 minutos en coche de <a href=\"https:\/\/normandielovers.fr\/es\/que-ver-rouen-visitar\/\" target=\"_blank\" rel=\"noreferrer noopener\">Rouen<\/a><\/li>\n<\/ul>\n\n<figure class=\"wp-block-image size-large\"><img decoding=\"async\" src=\"https:\/\/normandielovers.fr\/wp-content\/uploads\/2022\/11\/Mapa-abadias-normandia-mas-bellas-1024x768.jpg\" alt=\"abad&#xED;a de normand&#xED;a tarjeta m&#xE1;s bella\" class=\"wp-image-900\"\/><figcaption class=\"wp-element-caption\">Mapa de las 10 abad\u00edas m\u00e1s bellas de Normand\u00eda<\/figcaption><\/figure>\n\n<h3 class=\"wp-block-heading\">Acceso en coche y aparcamiento<\/h3>\n\n<p>Puede llegar a la abad\u00eda en coche, que es la mejor manera de recorrer la campi\u00f1a normanda. \u00a1Eso es lo que hicimos! Encuentre <a href=\"https:\/\/normandielovers.fr\/es\/alquilar-coche-rouen-estacion-tren\/\">aqu\u00ed todos nuestros consejos para alquilar un coche en Rouen<\/a>, \u00a1la gran ciudad m\u00e1s cercana!<\/p>\n\n<p>Rouen est\u00e1 a s\u00f3lo 12 km, y puede llegar f\u00e1cilmente tomando la D982. Desde Par\u00eds y Caen, tome la A13 y despu\u00e9s la D67.<\/p>\n\n<p>Hay un aparcamiento delante de la abad\u00eda. Tambi\u00e9n puede aparcar en las calles adyacentes.<\/p>\n\n<figure class=\"wp-block-image size-large\"><img decoding=\"async\" src=\"https:\/\/photos.smugmug.com\/Travel\/Normandie\/R17c-Boscherville\/i-cTGtqBR\/4\/LwTSGWBpwM8TRbMPj6ccQTGw2mKFTj2N9cb4nmPP8\/L\/Abbaye_saint_Gorges_Boscherville_Normandie-5757-L.jpg\" alt=\"Abbaye Saint-Georges de Boscherville - Vista de la entrada a la abad&#xED;a y de la carretera\"\/><\/figure>\n\n<h3 class=\"wp-block-heading\">Acceso en transporte p\u00fablico<\/h3>\n\n<p>Para llegar a la abad\u00eda, tome el autob\u00fas 530 desde Rouen y prevea 45 minutos de trayecto. \u00a1La peque\u00f1a ciudad tambi\u00e9n es accesible en tren!<\/p>\n\n<h3 class=\"wp-block-heading\">Dificultades en las visitas<\/h3>\n\n<p>El sitio es bastante grande. Planee caminar un poco para explorarla. El suelo tambi\u00e9n var\u00eda y puede estar sembrado de peque\u00f1as gravas. Le recomendamos que traiga calzado c\u00f3modo. Tambi\u00e9n vimos las escaleras que conducen a las terrazas italianas, la sala de exposiciones y la boutique. Sin embargo, los jardines son accesibles para las PMR. Tambi\u00e9n puede pedir prestada una silla de ruedas en recepci\u00f3n.<\/p>\n\n<p>Se admiten perros en los jardines, pero con correa.<\/p>\n\n<figure class=\"wp-block-image size-large\"><img decoding=\"async\" src=\"https:\/\/photos.smugmug.com\/Travel\/Normandie\/R17c-Boscherville\/i-qmQgVT6\/4\/MLLJwXKxB2ZqWPGJKXF9W6VCvCZptQxMX8b9gtdWk\/L\/Abbaye_saint_Gorges_Boscherville_Normandie-2915-L.jpg\" alt=\"Abbaye Saint-Georges de Boscherville - Vista de arbustos y abad&#xED;a al fondo\"\/><\/figure>\n\n<div style=\"margin-top:8%;margin-bottom:8%\" class=\"wp-block-genesis-blocks-gb-container box gb-block-container\"><div class=\"gb-container-inside\"><div class=\"gb-container-content\">\n<div class=\"wp-block-columns inverse is-layout-flex wp-container-core-columns-is-layout-9d6595d7 wp-block-columns-is-layout-flex\">\n<div class=\"wp-block-column texte_planif is-layout-flow wp-block-column-is-layout-flow\" style=\"flex-basis:58%\">\n<h5 class=\"titre_box\" style=\"padding-top:10px\"><span>DIVI\u00c9RTASE<\/span> CON ESTAS <span class=\"titre_box_manuscrit\">actividades <\/span> en Normand\u00eda<\/h5>\n\n\n\n<ul class=\"ul_box wp-block-list\">\n<li style=\"font-size:14px\"><a href=\"https:\/\/www.manawa.com\/es-ES\/actividad\/france\/le-havre\/helicoptero\/helicopter-flight-in-le-havre-normandy\/10688?_cid=790\" target=\"_blank\" rel=\"noreferrer noopener sponsored nofollow\">Vuelo en helic\u00f3ptero<\/a> sobre los acantilados de la C\u00f4te d&#8217;Alb\u00e2tre<\/li>\n\n\n\n<li style=\"font-size:14px\"><a href=\"https:\/\/www.tiqets.com\/es\/billets-labbaye-du-mont-saint-michel-l145867\/?partner=region_lovers&amp;tq_campaign=NL\" target=\"_blank\" rel=\"noreferrer noopener sponsored nofollow\">Reserve su tiempo<\/a> para visitar la Abad\u00eda del Mont-Saint-Michel<\/li>\n\n\n\n<li style=\"font-size:14px\"><a href=\"https:\/\/www.manawa.com\/es-ES\/actividad\/france\/mont-saint-michel\/vuelo-ultraligero\/microlight-flight-over-the-mont-saint-michel-bay-in-normandy\/5529?_cid=790\" target=\"_blank\" rel=\"noreferrer noopener sponsored nofollow\">Sobrevuele<\/a> el Mont-Saint-Michel en <a href=\"https:\/\/www.manawa.com\/es-ES\/actividad\/france\/mont-saint-michel\/vuelo-ultraligero\/microlight-flight-over-the-mont-saint-michel-bay-in-normandy\/5529?_cid=790\" target=\"_blank\" rel=\"noreferrer noopener sponsored nofollow\">ultraligero<\/a> <\/li>\n\n\n\n<li style=\"font-size:14px\">Escalar la <a href=\"https:\/\/www.manawa.com\/es-ES\/actividad\/france\/clecy\/via-ferrata\/via-ferrata-of-clecy-in-normandy\/7014?_cid=790\" target=\"_blank\" rel=\"noreferrer noopener sponsored nofollow\">V\u00eda Ferrata<\/a> en Suiza Normand\u00eda<\/li>\n<\/ul>\n<\/div>\n\n\n\n<div class=\"wp-block-column ville-radius is-layout-flow wp-block-column-is-layout-flow\" style=\"flex-basis:42%\">\n<figure class=\"wp-block-image size-large img-portrait\"><img decoding=\"async\" src=\"https:\/\/photos.smugmug.com\/photos\/i-nQJth6s\/0\/a3a935fb\/S\/i-nQJth6s-S.jpg\" alt=\"Helic&#xF3;ptero en Normand&#xED;a\" title=\"\"\/><\/figure>\n<\/div>\n<\/div>\n<\/div><\/div><\/div>\n\n<h2 class=\"wp-block-heading\">Consejos \u00fatiles para visitar la Abad\u00eda de Saint-Georges de Boscherville<\/h2>\n\n<h3 class=\"wp-block-heading\">Horarios y precios<\/h3>\n\n<p>Los horarios son los siguientes:<\/p>\n\n<ul class=\"wp-block-list\">\n<li>Cierre invernal de los jardines del 1 de diciembre al 28 de febrero<\/li>\n\n\n\n<li>Abierto todos los d\u00edas excepto festivos y cierres excepcionales<\/li>\n\n\n\n<li>Noviembre y marzo, de 9.30 a 12.30 y de 13.30 a 17.00 horas<\/li>\n\n\n\n<li>De abril a octubre, de 9.30 a 18.30 horas<\/li>\n<\/ul>\n\n<p>Consulte <a href=\"https:\/\/www.jardinsdelabbayesaintgeorges.fr\/pratiques\/\" target=\"_blank\" rel=\"noreferrer noopener nofollow\">aqu\u00ed<\/a> los horarios en la p\u00e1gina web oficial.<\/p>\n\n<p>Los precios son los siguientes:<\/p>\n\n<ul class=\"wp-block-list\">\n<li>Precio completo: 6<\/li>\n\n\n\n<li>Gratis para menores de 26 a\u00f1os<\/li>\n\n\n\n<li>El Abbey Pass por 9,50 euros tambi\u00e9n le da acceso a <a href=\"https:\/\/normandielovers.fr\/es\/visitar-abadia-jumieges\/\" target=\"_blank\" rel=\"noreferrer noopener\">la Abad\u00eda de Jumi\u00e8ges<\/a><\/li>\n<\/ul>\n\n<p>Consulte las \u00faltimas noticias en la p\u00e1gina web oficial <a href=\"https:\/\/www.jardinsdelabbayesaintgeorges.fr\/pratiques\/\" target=\"_blank\" rel=\"noreferrer noopener nofollow\">aqu\u00ed<\/a>.<\/p>\n\n<figure class=\"wp-block-image size-large\"><img decoding=\"async\" src=\"https:\/\/photos.smugmug.com\/Travel\/Normandie\/R17c-Boscherville\/i-gbbBS4h\/4\/Ld4Fbm2CD9F8ftMSxKCNkRcR5VXR8hpNRGr3QCBGs\/L\/Abbaye_saint_Gorges_Boscherville_Normandie-2847-L.jpg\" alt=\"Abbaye Saint-Georges de Boscherville - Detalle de la escultura de la columna\"\/><\/figure>\n\n<h3 class=\"wp-block-heading\">Cu\u00e1nto tiempo<\/h3>\n\n<p>Dedique entre 1h y 1h30 a visitar la abad\u00eda y sus jardines.<\/p>\n\n<h3 class=\"wp-block-heading\">El mejor momento<\/h3>\n\n<p>En verano, es estupendo ver los jardines en plena floraci\u00f3n. Sin embargo, el sitio est\u00e1 atrayendo a algunas personas m\u00e1s. En este caso, prefiera la ma\u00f1ana. Tambi\u00e9n puede visitar los jardines y la abad\u00eda en otras estaciones. Si es posible, elija venir un d\u00eda en el que no llueva. Aqu\u00ed tiene nuestros consejos sobre <a href=\"https:\/\/normandielovers.fr\/es\/mejor-epoca-para-viajar-normandia-tiempo\/\" target=\"_blank\" rel=\"noreferrer noopener\">las mejores \u00e9pocas para visitar Normand\u00eda<\/a>.<\/p>\n\n<h3 class=\"wp-block-heading\">Direcci\u00f3n de la visita<\/h3>\n\n<p>No hay un orden establecido para visitar la abad\u00eda y sus jardines, pero le recomendamos que empiece por descubrir la iglesia, la sala capitular, la sala de exposiciones y la capilla. A continuaci\u00f3n, explore los jardines y termine su recorrido por la finca con una visita a la tienda para comprar productos locales o un recuerdo.<\/p>\n\n<figure class=\"wp-block-image size-large\"><img decoding=\"async\" src=\"https:\/\/photos.smugmug.com\/Travel\/Normandie\/R17c-Boscherville\/i-PpnWvvZ\/4\/MVT8bqwj2w6jF4KKczstKQ5nnTVK7CXnDM2DMtp2D\/L\/Abbaye_saint_Gorges_Boscherville_Normandie-2865-L.jpg\" alt=\"Abbaye Saint-Georges de Boscherville - Mapa\"\/><\/figure>\n\n<h3 class=\"wp-block-heading\">Visitas con ni\u00f1os<\/h3>\n\n<p>La abad\u00eda dispone de un folleto de juegos para ni\u00f1os disponible en recepci\u00f3n para ayudarles a explorar los edificios y jardines en el \u00abSendero de las Salamandras\u00bb. Adem\u00e1s, se organizan actividades teatrales y l\u00fadicas durante las vacaciones escolares, as\u00ed como visitas guiadas para familias algunos s\u00e1bados.<\/p>\n\n<p>Le recomendamos que visite la p\u00e1gina web oficial de los jardines para conocer las fechas <a href=\"https:\/\/www.jardinsdelabbayesaintgeorges.fr\/pratiques\/\" target=\"_blank\" rel=\"noreferrer noopener nofollow\">aqu\u00ed<\/a>.<\/p>\n\n<h3 class=\"wp-block-heading\">Comer fuera<\/h3>\n\n<p>En la abad\u00eda no hay puntos de venta de alimentos, pero puede disfrutar de un picnic si hace buen tiempo. Como alternativa, le recomendamos una visita a Rouen, donde abundan los buenos restaurantes. Aqu\u00ed tiene nuestro art\u00edculo sobre <a href=\"https:\/\/normandielovers.fr\/es\/mejores-restaurantes-rouen-comer\/\" target=\"_blank\" rel=\"noreferrer noopener\">los mejores restaurantes de la ciudad<\/a>.<\/p>\n\n<figure class=\"wp-block-image size-large\"><img decoding=\"async\" src=\"https:\/\/photos.smugmug.com\/Normandie-Lovers\/Rouen\/Restaurants\/n-tzFhbP\/Simone\/i-jbgkdk7\/0\/NBqQmhZ9VHs2k8SMzxCM45BPFcgdvFqWht7KBjbCQ\/L\/simone-restaurant-rouen-2-L.jpg\" alt=\"Huevo perfecto, champi&#xF1;ones a la sart&#xE9;n, crema de parmesano y jugo de perejil en el Restaurante Simone de Rouen\"\/><figcaption class=\"wp-element-caption\">Huevo perfecto, champi\u00f1ones a la sart\u00e9n, crema de parmesano y jugo de perejil en el Restaurante Simone de Rouen<\/figcaption><\/figure>\n\n<h3 class=\"wp-block-heading\">Hoteles<\/h3>\n\n<p>La abad\u00eda est\u00e1 rodeada de varios hoteles que bien merecen una visita. Se lo sugerimos:<\/p>\n\n<ul class=\"wp-block-list\">\n<li>Le G\u00eete Manoir de l&#8217;Aum\u00f4nerie, un encantador castillo normando cargado de historia &#8211; <a href=\"https:\/\/www.booking.com\/hotel\/fr\/gite-de-l-39-ancienne-cremerie-du-manoir-de-l-39-aumonerie.html?aid=2281719\" target=\"_blank\" rel=\"noreferrer noopener sponsored nofollow\">Ver precios, fotos y disponibilidad<\/a>.<\/li>\n\n\n\n<li>Casa rural Les Buis de Boscherville, un hermoso edificio con interiores elegantes y confortables &#8211; <a href=\"https:\/\/www.booking.com\/hotel\/fr\/les-buis-de-boscherville.html?aid=2281719\" target=\"_blank\" rel=\"noreferrer noopener sponsored nofollow\">Ver precios, fotos y disponibilidad<\/a>.<\/li>\n<\/ul>\n\n<p>Tambi\u00e9n est\u00e1 a pocos kil\u00f3metros de Rouen, \u00a1donde hay algunos hoteles muy bonitos! He aqu\u00ed <a href=\"https:\/\/normandielovers.fr\/es\/mejor-hotel-rouen-donde-alojarse\/\" target=\"_blank\" rel=\"noreferrer noopener\">nuestras sugerencias<\/a>.<\/p>\n\n<div style=\"margin-top:8%;margin-bottom:8%\" class=\"wp-block-genesis-blocks-gb-container box gb-block-container\"><div class=\"gb-container-inside\"><div class=\"gb-container-content\" style=\"max-width:700px\">\n<div class=\"wp-block-genesis-blocks-gb-container box_titre gb-block-container\"><div class=\"gb-container-inside\"><div class=\"gb-container-content\">\n<h5 class=\"titre_box\"><span>PLANIFIQUE SU VIAJE<\/span> A <span class=\"titre_box_manuscrit\">Normand\u00eda<\/span><\/h5>\n<\/div><\/div><\/div>\n\n\n\n<hr class=\"wp-block-separator has-text-color has-alpha-channel-opacity has-background is-style-wide hr-box-planif\" style=\"background-color:#ccd3dd;color:#ccd3dd\"\/>\n\n\n\n<div class=\"wp-block-columns box_sans_border is-layout-flex wp-container-core-columns-is-layout-9d6595d7 wp-block-columns-is-layout-flex\">\n<div class=\"wp-block-column texte_planif is-layout-flow wp-block-column-is-layout-flow\" style=\"flex-basis:60%\">\n<p style=\"font-size:16px;margin-top:10px;\" class=\"option_titre2\"><strong><span><\/span>Destinos de inspiraci\u00f3n<\/strong><\/p>\n\n\n\n<ul class=\"wp-block-list\">\n<li style=\"font-size:14px\">Decidir <a href=\"https:\/\/normandielovers.fr\/es\/normandia-destinos\/\" target=\"_blank\" rel=\"noreferrer noopener\">d\u00f3nde ir en Normand\u00eda<\/a> &#8211; destinos principales<\/li>\n\n\n\n<li style=\"font-size:14px\">Nuestras ideas para el fin de semana: <a href=\"https:\/\/normandielovers.fr\/es\/ideeas-fin-semana-normandia\/\" target=\"_blank\" rel=\"noreferrer noopener\">lo mejor<\/a>, <a href=\"https:\/\/normandielovers.fr\/es\/idee-fin-semana-romantico-normandia\/\" target=\"_blank\" rel=\"noreferrer noopener\">rom\u00e1ntico<\/a>, <a href=\"https:\/\/normandielovers.fr\/es\/fin-semana-insolito-normandia\/\" target=\"_blank\" rel=\"noreferrer noopener\">ins\u00f3lito<\/a>, <a href=\"https:\/\/normandielovers.fr\/es\/fin-semana-mar-normandia\/\" target=\"_blank\" rel=\"noreferrer noopener\">junto al mar<\/a>, <a href=\"https:\/\/normandielovers.fr\/es\/fin-semana-lujo-normandia\/\" target=\"_blank\" rel=\"noreferrer noopener\">de lujo<\/a>, <a href=\"https:\/\/normandielovers.fr\/es\/ideas-fin-semana-familia-normandia\/\" target=\"_blank\" rel=\"noreferrer noopener\">en familia<\/a><\/li>\n\n\n\n<li style=\"font-size:14px\"><a href=\"https:\/\/normandielovers.fr\/es\/hotel-costeros-normandia-playa\/\" target=\"_blank\" rel=\"noreferrer noopener\">16 hoteles balnearios en Normand\u00eda<\/a><\/li>\n\n\n\n<li style=\"font-size:14px\"><a href=\"https:\/\/normandielovers.fr\/plus-beaux-hotels-charme-normandie-avis\/\" target=\"_blank\" rel=\"noreferrer noopener\">Los m\u00e1s bellos hoteles con encanto de Normand\u00eda<\/a><\/li>\n<\/ul>\n<\/div>\n\n\n\n<div class=\"wp-block-column is-vertically-aligned-top planif-radius is-layout-flow wp-block-column-is-layout-flow\" style=\"flex-basis:40%\">\n<figure class=\"wp-block-image size-large img-portrait\"><img decoding=\"async\" src=\"https:\/\/photos.smugmug.com\/Travel\/Normandie\/Honfleur\/i-9B7t4h8\/0\/768041c8\/L\/Honfleur_coucher_soleil-15-L.jpg\" alt=\"\" title=\"\"\/><\/figure>\n<\/div>\n<\/div>\n\n\n\n<hr class=\"wp-block-separator has-text-color has-alpha-channel-opacity has-background is-style-wide hr-box-planif\" style=\"background-color:#ccd3dd;color:#ccd3dd\"\/>\n\n\n\n<div class=\"wp-block-columns box_sans_border is-layout-flex wp-container-core-columns-is-layout-9d6595d7 wp-block-columns-is-layout-flex\">\n<div class=\"wp-block-column texte_planif is-layout-flow wp-block-column-is-layout-flow\" style=\"flex-basis:60%\">\n<p style=\"font-size:16px;margin-top:10px;\" class=\"option_titre\"><strong><span s=\"\"><\/span>  Lo mejor de<\/strong><\/p>\n\n\n\n<ul class=\"wp-block-list\">\n<li style=\"font-size:14px\"><a href=\"https:\/\/normandielovers.fr\/es\/que-ver-normandia\/\" target=\"_blank\" rel=\"noreferrer noopener\">Qu\u00e9 ver en Normand\u00eda<\/a><\/li>\n\n\n\n<li style=\"font-size:14px\"><a href=\"https:\/\/normandielovers.fr\/es\/mas-bellas-ciudades-normandia\/\" target=\"_blank\" rel=\"noreferrer noopener\">Las ciudades m\u00e1s bellas de Normand\u00eda<\/a><\/li>\n\n\n\n<li style=\"font-size:14px\"><a href=\"https:\/\/normandielovers.fr\/es\/mas-bellas-playas-normandia\/\" target=\"_blank\" rel=\"noreferrer noopener\">Las playas m\u00e1s bellas de Normand\u00eda<\/a><\/li>\n\n\n\n<li style=\"font-size:14px\"><a href=\"https:\/\/normandielovers.fr\/es\/mas-bonitos-pueblos-normandia\/\" target=\"_blank\" rel=\"noreferrer noopener\">Los pueblos m\u00e1s bonitos de Normand\u00eda<\/a><\/li>\n\n\n\n<li style=\"font-size:14px\"><a href=\"https:\/\/normandielovers.fr\/es\/castellos-normandia\/\" target=\"_blank\" rel=\"noreferrer noopener\">Los castillos m\u00e1s bellos de Normand\u00eda<\/a><\/li>\n\n\n\n<li style=\"font-size:14px\"><a href=\"https:\/\/normandielovers.fr\/es\/abadias-normandia\/\" target=\"_blank\" rel=\"noreferrer noopener\">Las abad\u00edas m\u00e1s bellas de Normand\u00eda<\/a><\/li>\n\n\n\n<li style=\"font-size:14px\">Lea nuestra gu\u00eda completa para <a href=\"https:\/\/normandielovers.fr\/es\/visita-mont-saint-michel-consejos\/\" target=\"_blank\" rel=\"noreferrer noopener\">visitar el Mont-Saint-Michel<\/a><\/li>\n\n\n\n<li style=\"font-size:14px\">Descubra los <a href=\"https:\/\/normandielovers.fr\/es\/desembarco-normandia-lugares-visitar\/\" target=\"_blank\" rel=\"noreferrer noopener\">lugares del Desembarco<\/a><\/li>\n<\/ul>\n<\/div>\n\n\n\n<div class=\"wp-block-column is-vertically-aligned-top planif-radius is-layout-flow wp-block-column-is-layout-flow\" style=\"flex-basis:40%\">\n<figure class=\"wp-block-image size-large img-portrait\"><img decoding=\"async\" src=\"https:\/\/photos.smugmug.com\/Travel\/Normandie\/Etretat-falaise-aval\/i-T9X65rq\/7\/d9bf1b0c\/L\/falaises_etretat_normandie-6956-L.jpg\" alt=\"\" title=\"\"\/><\/figure>\n<\/div>\n<\/div>\n\n\n\n<hr class=\"wp-block-separator has-text-color has-alpha-channel-opacity has-background is-style-wide hr-box-planif\" style=\"background-color:#ccd3dd;color:#ccd3dd\"\/>\n\n\n\n<div class=\"wp-block-columns box_sans_border is-layout-flex wp-container-core-columns-is-layout-9d6595d7 wp-block-columns-is-layout-flex\">\n<div class=\"wp-block-column texte_planif is-layout-flow wp-block-column-is-layout-flow\" style=\"flex-basis:60%\">\n<p style=\"font-size:16px;margin-top:10px;\" class=\"option_titre\"><strong><span><\/span>  Pr\u00e1ctica<\/strong><\/p>\n\n\n\n<ul class=\"wp-block-list\">\n<li style=\"font-size:14px\">D\u00f3nde <a href=\"https:\/\/normandielovers.fr\/es\/donde-dormir-normandia-mejores-hoteles\/\" target=\"_blank\" rel=\"noreferrer noopener\">alojarse en Normand\u00eda<\/a> &#8211; los mejores lugares y hoteles<\/li>\n\n\n\n<li style=\"font-size:14px\">Consulte nuestros consejos para alquilar un coche en los aeropuertos de <a href=\"https:\/\/normandielovers.fr\/es\/alquilar-coche-cdg-aeropuerto-paris\/\" target=\"_blank\" rel=\"noreferrer noopener\">CDG<\/a>, <a href=\"https:\/\/normandielovers.fr\/es\/alquilar-coche-orly-aeropuerto-paris\/\" target=\"_blank\" rel=\"noreferrer noopener\">Orly<\/a>, <a href=\"https:\/\/normandielovers.fr\/es\/alquilar-coche-beauvais-aeropuerto\/\" target=\"_blank\" rel=\"noreferrer noopener\">Beauvais<\/a>, <a href=\"https:\/\/normandielovers.fr\/es\/alquilar-coche-caen\/\" target=\"_blank\" rel=\"noreferrer noopener\">Caen<\/a>, <a href=\"https:\/\/normandielovers.fr\/es\/alquilar-coche-rouen-estacion-tren\/\" target=\"_blank\" rel=\"noreferrer noopener\">Rouen<\/a>, <a href=\"https:\/\/normandielovers.fr\/es\/alquilar-coche-bayeux\/\" target=\"_blank\" rel=\"noreferrer noopener\">Bayeux<\/a>&#8230;<\/li>\n<\/ul>\n<\/div>\n\n\n\n<div class=\"wp-block-column is-vertically-aligned-top planif-radius is-layout-flow wp-block-column-is-layout-flow\" style=\"flex-basis:40%\">\n<figure class=\"wp-block-image size-large img-portrait\"><img decoding=\"async\" src=\"https:\/\/photos.smugmug.com\/Normandie-Lovers\/Bayeux\/Ville\/i-7m2kFVR\/1\/ca62aa6c\/L\/Bayeux_ville-12-3-L.jpg\" alt=\"\" title=\"\"\/><\/figure>\n<\/div>\n<\/div>\n\n\n\n<div class=\"wp-block-buttons planif_bouton is-content-justification-center is-layout-flex wp-container-core-buttons-is-layout-16018d1d wp-block-buttons-is-layout-flex\">\n<div class=\"wp-block-button has-custom-font-size\" style=\"font-size:14px\"><a class=\"wp-block-button__link has-white-color has-text-color wp-element-button\" href=\"https:\/\/normandielovers.fr\/es\/road-trip-normandia-viaje-consejos\/\" style=\"border-radius:4px\" target=\"_blank\" rel=\"noreferrer noopener\">Ver todos nuestros consejos  <img decoding=\"async\" class=\"wp-image-3266 img_fleche\" style=\"width: 16px;  \" src=\"https:\/\/corsicalovers.fr\/wp-content\/uploads\/2023\/03\/ArrowRight.png\" alt=\"flecha\"\/><\/a><\/div>\n<\/div>\n\n\n\n<div class=\"wp-block-genesis-blocks-gb-container box-texte gb-block-container\"><div class=\"gb-container-inside\"><div class=\"gb-container-content\"><\/div><\/div><\/div>\n<\/div><\/div><\/div>\n\n<div class=\"wp-block-genesis-blocks-gb-container box_auteur_voyage gb-block-container\"><div class=\"gb-container-inside\"><div class=\"gb-container-content\">\n<figure class=\"wp-block-image size-large img_auteur_voyage img_provisoire\"><a href=\"https:\/\/normandielovers.fr\/es\/claire\/\" target=\"_blank\" rel=\"noreferrer noopener\"><img decoding=\"async\" src=\"https:\/\/photos.smugmug.com\/Region-Lovers\/Equipe\/i-nsNF6C6\/0\/Cs2F5n96pkt9xFD9D3SVqmQspMhrKgN75nHgBqmjG\/L\/Claire-L.png\" alt=\"\"\/><\/a><\/figure>\n\n\n\n<h5 class=\"titre_auteur_voyage\"><span>HIZO EL VIAJE <\/span><span class=\"titre_box_manuscrit\">Claire<\/span><\/h5>\n<\/div><\/div><\/div>\n\n<div class=\"wp-block-genesis-blocks-gb-container box_auteur_voyage gb-block-container\"><div class=\"gb-container-inside\"><div class=\"gb-container-content\">\n<figure class=\"wp-block-image size-large img_auteur_voyage img_provisoire img_julie\"><a href=\"https:\/\/normandielovers.fr\/es\/julie-joly\/\" target=\"_blank\" rel=\"noreferrer noopener\"><img decoding=\"async\" src=\"https:\/\/photos.smugmug.com\/Region-Lovers\/Equipe\/i-T3sDhGd\/0\/CrBSnP9JCLV3gSG4MfSQMF7p5T5WvCMbtWr4wqQ2D\/L\/julie-L.jpg\" alt=\"\"\/><\/a><\/figure>\n\n\n\n<h5 class=\"titre_auteur_voyage\"><span>ELLA ESCRIBI\u00d3 EL ART\u00cdCULO \n <\/span><span class=\"titre_box_manuscrit\">Julie<\/span><\/h5>\n<\/div><\/div><\/div>\n","protected":false},"excerpt":{"rendered":"<p>Situada a dos pasos de Rouen, la abad\u00eda de Saint-Georges de Boscherville destaca por su grandeza. Es una de las abad\u00edas rom\u00e1nicas m\u00e1s imponentes del valle del Sena. Disfrutamos de su arquitectura, de la belleza de sus interiores y de sus magn\u00edficos jardines restaurados. He aqu\u00ed algunos consejos \u00fatiles para planificar su visita a la [&hellip;]<\/p>\n","protected":false},"author":11,"featured_media":15507,"comment_status":"closed","ping_status":"closed","sticky":false,"template":"","format":"standard","meta":{"_genesis_hide_title":false,"_genesis_hide_breadcrumbs":false,"_genesis_hide_singular_image":false,"_genesis_hide_footer_widgets":false,"_genesis_custom_body_class":"","_genesis_custom_post_class":"","_genesis_layout":"","footnotes":""},"categories":[151],"tags":[],"class_list":{"0":"post-15510","1":"post","2":"type-post","3":"status-publish","4":"format-standard","5":"has-post-thumbnail","7":"category-rouen-y-alrededores","8":"entry"},"yoast_head":"<!-- This site is optimized with the Yoast SEO plugin v27.2 - https:\/\/yoast.com\/product\/yoast-seo-wordpress\/ -->\n<title>Abad\u00eda de Saint-Georges de Boscherville (visita + fotos)<\/title>\n<meta name=\"description\" content=\"Nuestros consejos y fotos para visitar la Abad\u00eda de Saint-Georges de Boscherville: acceso, lugares de inter\u00e9s, informaci\u00f3n pr\u00e1ctica\" \/>\n<meta name=\"robots\" content=\"index, follow, max-snippet:-1, max-image-preview:large, max-video-preview:-1\" \/>\n<link rel=\"canonical\" href=\"https:\/\/normandielovers.fr\/es\/visitar-abadia-saint-georges-boscherville\/\" \/>\n<meta property=\"og:locale\" content=\"es_ES\" \/>\n<meta property=\"og:type\" content=\"article\" \/>\n<meta property=\"og:title\" content=\"Abad\u00eda de Saint-Georges de Boscherville (visita + fotos)\" \/>\n<meta property=\"og:description\" content=\"Nuestros consejos y fotos para visitar la Abad\u00eda de Saint-Georges de Boscherville: acceso, lugares de inter\u00e9s, informaci\u00f3n pr\u00e1ctica\" \/>\n<meta property=\"og:url\" content=\"https:\/\/normandielovers.fr\/es\/visitar-abadia-saint-georges-boscherville\/\" \/>\n<meta property=\"og:site_name\" content=\"Normandie Lovers\" \/>\n<meta property=\"article:published_time\" content=\"2024-09-24T16:43:55+00:00\" \/>\n<meta property=\"article:modified_time\" content=\"2024-09-30T12:30:46+00:00\" \/>\n<meta property=\"og:image\" content=\"https:\/\/normandielovers.fr\/wp-content\/uploads\/2024\/09\/visitar-abadia-saint-georges-boscherville.jpg\" \/>\n\t<meta property=\"og:image:width\" content=\"800\" \/>\n\t<meta property=\"og:image:height\" content=\"600\" \/>\n\t<meta property=\"og:image:type\" content=\"image\/jpeg\" \/>\n<meta name=\"author\" content=\"Julie JOLY\" \/>\n<meta name=\"twitter:card\" content=\"summary_large_image\" \/>\n<meta name=\"twitter:label1\" content=\"Escrito por\" \/>\n\t<meta name=\"twitter:data1\" content=\"Julie JOLY\" \/>\n\t<meta name=\"twitter:label2\" content=\"Tiempo de lectura\" \/>\n\t<meta name=\"twitter:data2\" content=\"6 minutos\" \/>\n<script type=\"application\/ld+json\" class=\"yoast-schema-graph\">{\"@context\":\"https:\/\/schema.org\",\"@graph\":[{\"@type\":\"Article\",\"@id\":\"https:\/\/normandielovers.fr\/es\/visitar-abadia-saint-georges-boscherville\/#article\",\"isPartOf\":{\"@id\":\"https:\/\/normandielovers.fr\/es\/visitar-abadia-saint-georges-boscherville\/\"},\"author\":{\"name\":\"Julie JOLY\",\"@id\":\"https:\/\/normandielovers.fr\/es\/#\/schema\/person\/944d97a6dd626ea85cf2fef5491e68c9\"},\"headline\":\"Abad\u00eda de Saint-Georges de Boscherville (visita + fotos)\",\"datePublished\":\"2024-09-24T16:43:55+00:00\",\"dateModified\":\"2024-09-30T12:30:46+00:00\",\"mainEntityOfPage\":{\"@id\":\"https:\/\/normandielovers.fr\/es\/visitar-abadia-saint-georges-boscherville\/\"},\"wordCount\":1257,\"publisher\":{\"@id\":\"https:\/\/normandielovers.fr\/es\/#organization\"},\"image\":{\"@id\":\"https:\/\/normandielovers.fr\/es\/visitar-abadia-saint-georges-boscherville\/#primaryimage\"},\"thumbnailUrl\":\"https:\/\/normandielovers.fr\/wp-content\/uploads\/2024\/09\/visitar-abadia-saint-georges-boscherville.jpg\",\"articleSection\":[\"Rouen y alrededores\"],\"inLanguage\":\"es\"},{\"@type\":\"WebPage\",\"@id\":\"https:\/\/normandielovers.fr\/es\/visitar-abadia-saint-georges-boscherville\/\",\"url\":\"https:\/\/normandielovers.fr\/es\/visitar-abadia-saint-georges-boscherville\/\",\"name\":\"Abad\u00eda de Saint-Georges de Boscherville (visita + fotos)\",\"isPartOf\":{\"@id\":\"https:\/\/normandielovers.fr\/es\/#website\"},\"primaryImageOfPage\":{\"@id\":\"https:\/\/normandielovers.fr\/es\/visitar-abadia-saint-georges-boscherville\/#primaryimage\"},\"image\":{\"@id\":\"https:\/\/normandielovers.fr\/es\/visitar-abadia-saint-georges-boscherville\/#primaryimage\"},\"thumbnailUrl\":\"https:\/\/normandielovers.fr\/wp-content\/uploads\/2024\/09\/visitar-abadia-saint-georges-boscherville.jpg\",\"datePublished\":\"2024-09-24T16:43:55+00:00\",\"dateModified\":\"2024-09-30T12:30:46+00:00\",\"description\":\"Nuestros consejos y fotos para visitar la Abad\u00eda de Saint-Georges de Boscherville: acceso, lugares de inter\u00e9s, informaci\u00f3n pr\u00e1ctica\",\"breadcrumb\":{\"@id\":\"https:\/\/normandielovers.fr\/es\/visitar-abadia-saint-georges-boscherville\/#breadcrumb\"},\"inLanguage\":\"es\",\"potentialAction\":[{\"@type\":\"ReadAction\",\"target\":[\"https:\/\/normandielovers.fr\/es\/visitar-abadia-saint-georges-boscherville\/\"]}]},{\"@type\":\"ImageObject\",\"inLanguage\":\"es\",\"@id\":\"https:\/\/normandielovers.fr\/es\/visitar-abadia-saint-georges-boscherville\/#primaryimage\",\"url\":\"https:\/\/normandielovers.fr\/wp-content\/uploads\/2024\/09\/visitar-abadia-saint-georges-boscherville.jpg\",\"contentUrl\":\"https:\/\/normandielovers.fr\/wp-content\/uploads\/2024\/09\/visitar-abadia-saint-georges-boscherville.jpg\",\"width\":800,\"height\":600,\"caption\":\"visitar abadia saint georges boscherville\"},{\"@type\":\"BreadcrumbList\",\"@id\":\"https:\/\/normandielovers.fr\/es\/visitar-abadia-saint-georges-boscherville\/#breadcrumb\",\"itemListElement\":[{\"@type\":\"ListItem\",\"position\":1,\"name\":\"Home\",\"item\":\"https:\/\/normandielovers.fr\/es\/\"},{\"@type\":\"ListItem\",\"position\":2,\"name\":\"Rouen y alrededores\",\"item\":\"https:\/\/normandielovers.fr\/es\/rouen-y-alrededores\/\"},{\"@type\":\"ListItem\",\"position\":3,\"name\":\"Abad\u00eda de Saint-Georges de Boscherville (visita + fotos)\"}]},{\"@type\":\"WebSite\",\"@id\":\"https:\/\/normandielovers.fr\/es\/#website\",\"url\":\"https:\/\/normandielovers.fr\/es\/\",\"name\":\"Normandie Lovers\",\"description\":\"Para despertar sus sentidos en Normand\u00eda - El blog de Claire y Manu\",\"publisher\":{\"@id\":\"https:\/\/normandielovers.fr\/es\/#organization\"},\"potentialAction\":[{\"@type\":\"SearchAction\",\"target\":{\"@type\":\"EntryPoint\",\"urlTemplate\":\"https:\/\/normandielovers.fr\/es\/?s={search_term_string}\"},\"query-input\":{\"@type\":\"PropertyValueSpecification\",\"valueRequired\":true,\"valueName\":\"search_term_string\"}}],\"inLanguage\":\"es\"},{\"@type\":\"Organization\",\"@id\":\"https:\/\/normandielovers.fr\/es\/#organization\",\"name\":\"Normandie Lovers\",\"url\":\"https:\/\/normandielovers.fr\/es\/\",\"logo\":{\"@type\":\"ImageObject\",\"inLanguage\":\"es\",\"@id\":\"https:\/\/normandielovers.fr\/es\/#\/schema\/logo\/image\/\",\"url\":\"https:\/\/normandielovers.fr\/wp-content\/uploads\/2022\/11\/Normandie-Lovers-Logo-Blog-de-viajes.png\",\"contentUrl\":\"https:\/\/normandielovers.fr\/wp-content\/uploads\/2022\/11\/Normandie-Lovers-Logo-Blog-de-viajes.png\",\"width\":2884,\"height\":863,\"caption\":\"Normandie Lovers\"},\"image\":{\"@id\":\"https:\/\/normandielovers.fr\/es\/#\/schema\/logo\/image\/\"}},{\"@type\":\"Person\",\"@id\":\"https:\/\/normandielovers.fr\/es\/#\/schema\/person\/944d97a6dd626ea85cf2fef5491e68c9\",\"name\":\"Julie JOLY\",\"image\":{\"@type\":\"ImageObject\",\"inLanguage\":\"es\",\"@id\":\"https:\/\/secure.gravatar.com\/avatar\/a611248efc69ee9e187aa9c079fc95ddf244fb85450703880b633892883f84f5?s=96&d=mm&r=g\",\"url\":\"https:\/\/secure.gravatar.com\/avatar\/a611248efc69ee9e187aa9c079fc95ddf244fb85450703880b633892883f84f5?s=96&d=mm&r=g\",\"contentUrl\":\"https:\/\/secure.gravatar.com\/avatar\/a611248efc69ee9e187aa9c079fc95ddf244fb85450703880b633892883f84f5?s=96&d=mm&r=g\",\"caption\":\"Julie JOLY\"},\"sameAs\":[\"https:\/\/normandielovers.fr\/julie-joly\/\"],\"url\":\"https:\/\/normandielovers.fr\/es\/author\/julieregionlovers-fr\/\"}]}<\/script>\n<!-- \/ Yoast SEO plugin. -->","yoast_head_json":{"title":"Abad\u00eda de Saint-Georges de Boscherville (visita + fotos)","description":"Nuestros consejos y fotos para visitar la Abad\u00eda de Saint-Georges de Boscherville: acceso, lugares de inter\u00e9s, informaci\u00f3n pr\u00e1ctica","robots":{"index":"index","follow":"follow","max-snippet":"max-snippet:-1","max-image-preview":"max-image-preview:large","max-video-preview":"max-video-preview:-1"},"canonical":"https:\/\/normandielovers.fr\/es\/visitar-abadia-saint-georges-boscherville\/","og_locale":"es_ES","og_type":"article","og_title":"Abad\u00eda de Saint-Georges de Boscherville (visita + fotos)","og_description":"Nuestros consejos y fotos para visitar la Abad\u00eda de Saint-Georges de Boscherville: acceso, lugares de inter\u00e9s, informaci\u00f3n pr\u00e1ctica","og_url":"https:\/\/normandielovers.fr\/es\/visitar-abadia-saint-georges-boscherville\/","og_site_name":"Normandie Lovers","article_published_time":"2024-09-24T16:43:55+00:00","article_modified_time":"2024-09-30T12:30:46+00:00","og_image":[{"width":800,"height":600,"url":"https:\/\/normandielovers.fr\/wp-content\/uploads\/2024\/09\/visitar-abadia-saint-georges-boscherville.jpg","type":"image\/jpeg"}],"author":"Julie JOLY","twitter_card":"summary_large_image","twitter_misc":{"Escrito por":"Julie JOLY","Tiempo de lectura":"6 minutos"},"schema":{"@context":"https:\/\/schema.org","@graph":[{"@type":"Article","@id":"https:\/\/normandielovers.fr\/es\/visitar-abadia-saint-georges-boscherville\/#article","isPartOf":{"@id":"https:\/\/normandielovers.fr\/es\/visitar-abadia-saint-georges-boscherville\/"},"author":{"name":"Julie JOLY","@id":"https:\/\/normandielovers.fr\/es\/#\/schema\/person\/944d97a6dd626ea85cf2fef5491e68c9"},"headline":"Abad\u00eda de Saint-Georges de Boscherville (visita + fotos)","datePublished":"2024-09-24T16:43:55+00:00","dateModified":"2024-09-30T12:30:46+00:00","mainEntityOfPage":{"@id":"https:\/\/normandielovers.fr\/es\/visitar-abadia-saint-georges-boscherville\/"},"wordCount":1257,"publisher":{"@id":"https:\/\/normandielovers.fr\/es\/#organization"},"image":{"@id":"https:\/\/normandielovers.fr\/es\/visitar-abadia-saint-georges-boscherville\/#primaryimage"},"thumbnailUrl":"https:\/\/normandielovers.fr\/wp-content\/uploads\/2024\/09\/visitar-abadia-saint-georges-boscherville.jpg","articleSection":["Rouen y alrededores"],"inLanguage":"es"},{"@type":"WebPage","@id":"https:\/\/normandielovers.fr\/es\/visitar-abadia-saint-georges-boscherville\/","url":"https:\/\/normandielovers.fr\/es\/visitar-abadia-saint-georges-boscherville\/","name":"Abad\u00eda de Saint-Georges de Boscherville (visita + fotos)","isPartOf":{"@id":"https:\/\/normandielovers.fr\/es\/#website"},"primaryImageOfPage":{"@id":"https:\/\/normandielovers.fr\/es\/visitar-abadia-saint-georges-boscherville\/#primaryimage"},"image":{"@id":"https:\/\/normandielovers.fr\/es\/visitar-abadia-saint-georges-boscherville\/#primaryimage"},"thumbnailUrl":"https:\/\/normandielovers.fr\/wp-content\/uploads\/2024\/09\/visitar-abadia-saint-georges-boscherville.jpg","datePublished":"2024-09-24T16:43:55+00:00","dateModified":"2024-09-30T12:30:46+00:00","description":"Nuestros consejos y fotos para visitar la Abad\u00eda de Saint-Georges de Boscherville: acceso, lugares de inter\u00e9s, informaci\u00f3n pr\u00e1ctica","breadcrumb":{"@id":"https:\/\/normandielovers.fr\/es\/visitar-abadia-saint-georges-boscherville\/#breadcrumb"},"inLanguage":"es","potentialAction":[{"@type":"ReadAction","target":["https:\/\/normandielovers.fr\/es\/visitar-abadia-saint-georges-boscherville\/"]}]},{"@type":"ImageObject","inLanguage":"es","@id":"https:\/\/normandielovers.fr\/es\/visitar-abadia-saint-georges-boscherville\/#primaryimage","url":"https:\/\/normandielovers.fr\/wp-content\/uploads\/2024\/09\/visitar-abadia-saint-georges-boscherville.jpg","contentUrl":"https:\/\/normandielovers.fr\/wp-content\/uploads\/2024\/09\/visitar-abadia-saint-georges-boscherville.jpg","width":800,"height":600,"caption":"visitar abadia saint georges boscherville"},{"@type":"BreadcrumbList","@id":"https:\/\/normandielovers.fr\/es\/visitar-abadia-saint-georges-boscherville\/#breadcrumb","itemListElement":[{"@type":"ListItem","position":1,"name":"Home","item":"https:\/\/normandielovers.fr\/es\/"},{"@type":"ListItem","position":2,"name":"Rouen y alrededores","item":"https:\/\/normandielovers.fr\/es\/rouen-y-alrededores\/"},{"@type":"ListItem","position":3,"name":"Abad\u00eda de Saint-Georges de Boscherville (visita + fotos)"}]},{"@type":"WebSite","@id":"https:\/\/normandielovers.fr\/es\/#website","url":"https:\/\/normandielovers.fr\/es\/","name":"Normandie Lovers","description":"Para despertar sus sentidos en Normand\u00eda - El blog de Claire y Manu","publisher":{"@id":"https:\/\/normandielovers.fr\/es\/#organization"},"potentialAction":[{"@type":"SearchAction","target":{"@type":"EntryPoint","urlTemplate":"https:\/\/normandielovers.fr\/es\/?s={search_term_string}"},"query-input":{"@type":"PropertyValueSpecification","valueRequired":true,"valueName":"search_term_string"}}],"inLanguage":"es"},{"@type":"Organization","@id":"https:\/\/normandielovers.fr\/es\/#organization","name":"Normandie Lovers","url":"https:\/\/normandielovers.fr\/es\/","logo":{"@type":"ImageObject","inLanguage":"es","@id":"https:\/\/normandielovers.fr\/es\/#\/schema\/logo\/image\/","url":"https:\/\/normandielovers.fr\/wp-content\/uploads\/2022\/11\/Normandie-Lovers-Logo-Blog-de-viajes.png","contentUrl":"https:\/\/normandielovers.fr\/wp-content\/uploads\/2022\/11\/Normandie-Lovers-Logo-Blog-de-viajes.png","width":2884,"height":863,"caption":"Normandie Lovers"},"image":{"@id":"https:\/\/normandielovers.fr\/es\/#\/schema\/logo\/image\/"}},{"@type":"Person","@id":"https:\/\/normandielovers.fr\/es\/#\/schema\/person\/944d97a6dd626ea85cf2fef5491e68c9","name":"Julie JOLY","image":{"@type":"ImageObject","inLanguage":"es","@id":"https:\/\/secure.gravatar.com\/avatar\/a611248efc69ee9e187aa9c079fc95ddf244fb85450703880b633892883f84f5?s=96&d=mm&r=g","url":"https:\/\/secure.gravatar.com\/avatar\/a611248efc69ee9e187aa9c079fc95ddf244fb85450703880b633892883f84f5?s=96&d=mm&r=g","contentUrl":"https:\/\/secure.gravatar.com\/avatar\/a611248efc69ee9e187aa9c079fc95ddf244fb85450703880b633892883f84f5?s=96&d=mm&r=g","caption":"Julie JOLY"},"sameAs":["https:\/\/normandielovers.fr\/julie-joly\/"],"url":"https:\/\/normandielovers.fr\/es\/author\/julieregionlovers-fr\/"}]}},"featured_image_src":"https:\/\/normandielovers.fr\/wp-content\/uploads\/2024\/09\/visitar-abadia-saint-georges-boscherville-600x400.jpg","featured_image_src_square":"https:\/\/normandielovers.fr\/wp-content\/uploads\/2024\/09\/visitar-abadia-saint-georges-boscherville-600x600.jpg","author_info":{"display_name":"Julie JOLY","author_link":"https:\/\/normandielovers.fr\/es\/author\/julieregionlovers-fr\/"},"_links":{"self":[{"href":"https:\/\/normandielovers.fr\/es\/wp-json\/wp\/v2\/posts\/15510","targetHints":{"allow":["GET"]}}],"collection":[{"href":"https:\/\/normandielovers.fr\/es\/wp-json\/wp\/v2\/posts"}],"about":[{"href":"https:\/\/normandielovers.fr\/es\/wp-json\/wp\/v2\/types\/post"}],"author":[{"embeddable":true,"href":"https:\/\/normandielovers.fr\/es\/wp-json\/wp\/v2\/users\/11"}],"replies":[{"embeddable":true,"href":"https:\/\/normandielovers.fr\/es\/wp-json\/wp\/v2\/comments?post=15510"}],"version-history":[{"count":0,"href":"https:\/\/normandielovers.fr\/es\/wp-json\/wp\/v2\/posts\/15510\/revisions"}],"wp:featuredmedia":[{"embeddable":true,"href":"https:\/\/normandielovers.fr\/es\/wp-json\/wp\/v2\/media\/15507"}],"wp:attachment":[{"href":"https:\/\/normandielovers.fr\/es\/wp-json\/wp\/v2\/media?parent=15510"}],"wp:term":[{"taxonomy":"category","embeddable":true,"href":"https:\/\/normandielovers.fr\/es\/wp-json\/wp\/v2\/categories?post=15510"},{"taxonomy":"post_tag","embeddable":true,"href":"https:\/\/normandielovers.fr\/es\/wp-json\/wp\/v2\/tags?post=15510"}],"curies":[{"name":"wp","href":"https:\/\/api.w.org\/{rel}","templated":true}]}}