{"id":12203,"date":"2023-09-02T08:41:18","date_gmt":"2023-09-02T06:41:18","guid":{"rendered":"https:\/\/normandielovers.fr\/visit-cathedrale-notre-dame-du-havre\/"},"modified":"2024-08-12T17:39:21","modified_gmt":"2024-08-12T15:39:21","slug":"visitar-cathedrale-notre-dame-le-havre","status":"publish","type":"post","link":"https:\/\/normandielovers.fr\/es\/visitar-cathedrale-notre-dame-le-havre\/","title":{"rendered":"Visite la catedral de Notre Dame en Le Havre (consejos + fotos)"},"content":{"rendered":"\n<p>Si tiene previsto visitar <strong>la catedral de El Havre<\/strong> durante su estancia, \u00a1se llevar\u00e1 una sorpresa!<\/p>\n\n<p>Seguramente una de las catedrales <strong>m\u00e1s peque\u00f1as<\/strong> <strong>de <\/strong>Francia, es uno de los pocos edificios de la ciudad que ha sobrevivido a los bombardeos de la Segunda Guerra Mundial.<\/p>\n\n<p>En este art\u00edculo se lo contamos todo sobre la<strong>at\u00edpica historia<\/strong> de este lugar, con todos nuestros <strong>consejos<\/strong> y <strong>fotos<\/strong> para ayudarle a preparar su visita.<\/p>\n\n<figure class=\"wp-block-image size-full\"><img decoding=\"async\" src=\"https:\/\/normandielovers.fr\/wp-content\/uploads\/2023\/09\/visitar-Notre-Dame-catedral-Le-Havre.jpeg\" alt=\"Vista de la fachada principal de la catedral de Notre Dame en Le Havre\" class=\"wp-image-12193\"\/><\/figure>\n\n<div class=\"wp-block-genesis-blocks-gb-container gb-block-container\"><div class=\"gb-container-inside\"><div class=\"gb-container-content\">\n<div class=\"wp-block-genesis-blocks-gb-container gb-block-container\"><div class=\"gb-container-inside\"><div class=\"gb-container-content\">\n<p>Esta gu\u00eda es totalmente <strong>independiente<\/strong> y se basa en nuestras experiencias. Visitamos la regi\u00f3n de forma an\u00f3nima, tomando nuestras propias decisiones y pagando \u00edntegramente nuestras facturas.<\/p>\n<\/div><\/div><\/div>\n<\/div><\/div><\/div>\n\n<h2 class=\"wp-block-heading\">\u00bfPor qu\u00e9 visitar la catedral de Le Havre?<\/h2>\n\n<h3 class=\"wp-block-heading\">\u00bfMerece la pena la catedral de Le Havre? Nuestra opini\u00f3n:<\/h3>\n\n<p>Aunque la catedral de Le Havre <strong>no<\/strong> es <strong>impresionante<\/strong> (s\u00f3lo 62,9 metros de largo, 27,3 de ancho y 13 de alto, muy lejos de los 151 metros de la vecina catedral de Rouen), no carece de inter\u00e9s, sobre todo desde el punto de vista <strong>arquitect\u00f3nico<\/strong>.<\/p>\n\n<p>De hecho, es una combinaci\u00f3n de los diferentes estilos arquitect\u00f3nicos de los siglos XVI y XVII. A la torre de <strong>inspiraci\u00f3n g\u00f3tica<\/strong> se une una fachada principal <strong>de estilo barroco<\/strong>, mientras que las fachadas laterales son de estilos <strong>renacentista<\/strong> y <strong>cl\u00e1sico<\/strong>&#8230;<\/p>\n\n<p>\u00a1Este edificio es una lecci\u00f3n de historia del arte en s\u00ed mismo! Es uno de los <a href=\"https:\/\/normandielovers.fr\/es\/que-ver-hacer-le-havre-normandia-visitar\/\" target=\"_blank\" rel=\"noreferrer noopener\">lugares de visita obligada en Le Havre<\/a>.<\/p>\n\n<figure class=\"wp-block-image size-large\"><img decoding=\"async\" src=\"https:\/\/photos.smugmug.com\/photos\/i-Nh3DVRR\/0\/a7b13c06\/L\/i-Nh3DVRR-L.jpg\" alt=\"Foto de la cabecera de la catedral rodeada de vegetaci&#xF3;n. Puede ver el coro y sus vidrieras\"\/><figcaption class=\"wp-element-caption\">El chevet de la Catedral<\/figcaption><\/figure>\n\n<h3 class=\"wp-block-heading\">\u00bfPor qu\u00e9 es famosa la catedral de Notre Dame de El Havre?<\/h3>\n\n<p>Porque es la iglesia donde nuestra madre hizo el catecismo&#8230;  <\/p>\n\n<p>Hablando m\u00e1s en serio, la catedral ocupa un lugar especial en el coraz\u00f3n de los habitantes de El Havre y en la historia de la ciudad, porque es <strong>uno de los pocos edificios que no fue arras <\/strong>ado tras los terribles bombardeos de septiembre de 1944.<\/p>\n\n<p>Aunque el 82% de la ciudad qued\u00f3 destruida en el espacio de 5 d\u00edas, la catedral, aunque da\u00f1ada, no se derrumb\u00f3.<\/p>\n\n<center><a title=\"Mi padre, CC BY-SA 1.0 <https:\/\/creativecommons.org\/licenses\/by-sa\/1.0>, v\u00eda Wikimedia Commons\u00bb href=\u00bbhttps:\/\/commons.wikimedia.org\/wiki\/File:Le_Havre_hiver_1944-1945.JPG\u00bb><img decoding=\"async\" width=\"800\" alt=\"Le Havre invierno 1944-1945\" src=\"https:\/\/upload.wikimedia.org\/wikipedia\/commons\/thumb\/9\/95\/Le_Havre_hiver_1944-1945.JPG\/1024px-Le_Havre_hiver_1944-1945.JPG\"\/><\/a><\/center>\n\n<p><strong>Auguste Perret<\/strong>, el arquitecto encargado de la reconstrucci\u00f3n de Le Havre, decidi\u00f3 salvarla e incluso hacer retroceder la rue de Paris, una de las principales calles de la ciudad, para dotar a la catedral de una <strong>plaza<\/strong> digna de ese nombre.<\/p>\n\n<p>Al mismo tiempo, hizo construir a unos cientos de metros <strong>la iglesia de San<\/strong> Jos\u00e9, de estilo decididamente moderno, creando un contraste sorprendente entre estos 2 edificios religiosos.<\/p>\n\n<h3 class=\"wp-block-heading\">No confunda la catedral de Le Havre con la iglesia de San Jos\u00e9<\/h3>\n\n<p>Al haber vivido al lado de estos dos lugares de culto desde que \u00e9ramos j\u00f3venes, nos hemos encontrado regularmente con visitantes que buscaban la <strong>catedral de San Jos\u00e9<\/strong> o <strong>la catedral de Perret de Le Havre<\/strong>.<\/p>\n\n<figure class=\"wp-block-image size-large\"><img decoding=\"async\" src=\"https:\/\/photos.smugmug.com\/photos\/i-qgbJNsX\/0\/cfe1df0e\/L\/i-qgbJNsX-L.jpg\" alt=\"Vista de la alta torre linterna de hormig&#xF3;n armado de la iglesia de San Jos&#xE9;\"\/><\/figure>\n\n<p>Por un lado, <strong>la catedral de Notre Dame du Havre<\/strong>, una gran iglesia construida en los siglos XVI y XVII y elevada al rango de catedral en 1974, y por otro, la<strong>iglesia de San<\/strong> Jos\u00e9, una obra maestra del modernismo construida por Auguste Perret entre 1951 y 1957.<\/p>\n\n<p>No es dif\u00edcil imaginar por qu\u00e9 <strong>el Papa Pablo VI <\/strong>prefer\u00eda la iglesia de la rue de Paris, mucho m\u00e1s tradicional, al revolucionario edificio del boulevard Fran\u00e7ois 1er, tan alejado de los c\u00f3digos del catolicismo de la \u00e9poca. Si desea saber <a href=\"https:\/\/normandielovers.fr\/es\/visitar-iglesia-saint-joseph-le-havre\/\" target=\"_blank\" rel=\"noreferrer noopener\">m\u00e1s sobre la iglesia de San Jos\u00e9, puede leer nuestro art\u00edculo completo<\/a>.<\/p>\n\n<p><strong>\u00a1700 metros y cuatro siglos separan estos 2 edificios religiosos!<\/strong><\/p>\n\n<p>Ambos bien merecen una visita, incluso si s\u00f3lo dispone de un d\u00eda de escala en el <a href=\"https:\/\/normandielovers.fr\/es\/puerto-crucero-le-havre-que-hacer-excursiones\/\" target=\"_blank\" rel=\"noreferrer noopener\">puerto de cruceros de Le Havre<\/a>.<\/p>\n\n<div style=\"margin-top:8%;margin-bottom:8%\" class=\"wp-block-genesis-blocks-gb-container box gb-block-container\"><div class=\"gb-container-inside\"><div class=\"gb-container-content\" style=\"max-width:700px\">\n<div class=\"wp-block-genesis-blocks-gb-container box_titre gb-block-container\"><div class=\"gb-container-inside\"><div class=\"gb-container-content\">\n<h5 class=\"titre_box\" style=\"padding-top:10px;\"><span>D\u00d3NDE ALOJARSE<\/span> EN <span class=\"titre_box_manuscrit\">Le Havre<\/span><\/h5>\n<\/div><\/div><\/div>\n\n\n\n<hr class=\"wp-block-separator has-text-color has-alpha-channel-opacity has-background is-style-wide hr-box-planif\" style=\"background-color:#ccd3dd;color:#ccd3dd\"\/>\n\n\n\n<div class=\"wp-block-columns box_sans_border is-layout-flex wp-container-core-columns-is-layout-9d6595d7 wp-block-columns-is-layout-flex\">\n<div class=\"wp-block-column texte_planif is-layout-flow wp-block-column-is-layout-flow\" style=\"font-size:14px;flex-basis:60%\">\n<p style=\"font-size:16px\"><strong>Nuestros favoritos: barrios y hoteles<\/strong><\/p>\n\n\n\n<p style=\"font-size:14px\"><strong>En el paseo mar\u00edtimo:<\/strong><\/p>\n\n\n\n<p style=\"font-size:14px\">Hotel Hilton con decoraci\u00f3n moderna y balcones &#8211; <a href=\"https:\/\/www.booking.com\/hotel\/fr\/hilton-garden-inn-le-havre-centre.html?aid=2281719\" target=\"_blank\" rel=\"noreferrer noopener sponsored nofollow\">Ver precios, fotos y disponibilidad<\/a>.<\/p>\n\n\n\n<p style=\"font-size:14px\"><strong>En el centro de la ciudad, en el coraz\u00f3n de la arquitectura de Perret:<\/strong><\/p>\n\n\n\n<p style=\"font-size:14px\"><strong> <\/strong>H\u00f4tel Pasino, para habitaciones ultra espaciosas &#8211;<a href=\"https:\/\/www.booking.com\/hotel\/fr\/pasino.html?aid=2281719\" target=\"_blank\" rel=\"noreferrer noopener sponsored nofollow\">Ver precios, fotos y disponibilidad<\/a><\/p>\n\n\n\n<p style=\"font-size:14px\">H\u00f4tel Vent d&#8217;Ouest, un lugar con encanto para alojarse &#8211; <a href=\"https:\/\/www.booking.com\/hotel\/fr\/vent-d-ouest-le-havre.html?aid=2281719\" target=\"_blank\" rel=\"noreferrer noopener sponsored nofollow\">Ver precios, fotos y disponibilidad<\/a><\/p>\n<\/div>\n\n\n\n<div class=\"wp-block-column is-vertically-aligned-top planif-radius is-layout-flow wp-block-column-is-layout-flow\" style=\"flex-basis:40%\">\n<figure class=\"wp-block-image size-large img-portrait\"><img decoding=\"async\" src=\"https:\/\/photos.smugmug.com\/photos\/i-tX6sJX6\/1\/84506aa6\/L\/i-tX6sJX6-L.jpg\" alt=\"Hotel Hilton Le Havre\" title=\"\"\/><\/figure>\n<\/div>\n<\/div>\n\n\n\n<p class=\"has-text-align-center liste_hotel\" style=\"font-size:16px\"><a href=\"https:\/\/normandielovers.fr\/es\/mejor-hotel-le-havre-donde-alojarse\/\" target=\"_blank\" rel=\"noreferrer noopener\"><\/a><a href=\"https:\/\/normandielovers.fr\/es\/mejor-hotel-le-havre-donde-alojarse\/\">Ver nuestra selecci\u00f3n completa de los mejores hoteles de Le Havre<\/a><\/p>\n\n\n\n<div class=\"wp-block-buttons planif_bouton is-content-justification-center is-layout-flex wp-container-core-buttons-is-layout-16018d1d wp-block-buttons-is-layout-flex\">\n<div class=\"wp-block-button has-custom-font-size\" style=\"font-size:14px\"><a class=\"wp-block-button__link has-white-color has-text-color wp-element-button\" href=\"https:\/\/www.booking.com\/searchresults.html?city=-1441598=review_score%253D90%253Breview_score%253D80=2281719\" style=\"border-radius:4px\" target=\"_blank\" rel=\"noreferrer noopener nofollow\">Ver todos los hoteles disponibles -&gt;<\/a><\/div>\n<\/div>\n<\/div><\/div><\/div>\n\n<h3 class=\"wp-block-heading\">La historia en breve<\/h3>\n\n<ul class=\"wp-block-list\">\n<li><strong>7 de febrero de 1517<\/strong>: Francisco <sup>I<\/sup>, rey de Francia, ordena la construcci\u00f3n de un puerto fortificado en Gr\u00e2ce, cuna de Le Havre.<\/li>\n\n\n\n<li><strong>1520-1522<\/strong>: Primera capilla de madera con techo de paja, destruida por una gran ola el 15 de enero de 1525.<\/li>\n\n\n\n<li><strong>10 de abril de 1539<\/strong>: Colocaci\u00f3n de la primera piedra de los pilares de la segunda iglesia de Notre Dame tras una donaci\u00f3n del Rey. Fue arrasada por las guerras religiosas que sacudieron Le Havre y el resto del pa\u00eds.<\/li>\n\n\n\n<li><strong>28 de abril de 1575<\/strong>: Colocaci\u00f3n de la primera piedra de la actual iglesia de Notre Dame, terminada en 1646.<\/li>\n\n\n\n<li><strong>1637<\/strong>: El cardenal Richelieu dona el gran \u00f3rgano de la iglesia.<\/li>\n\n\n\n<li><strong>1918<\/strong>: el edificio est\u00e1 catalogado como monumento hist\u00f3rico<\/li>\n\n\n\n<li><strong>Septiembre de 1944<\/strong>: la iglesia es parcialmente destruida por los bombardeos aliados<\/li>\n\n\n\n<li><strong>1952<\/strong>: reanudaci\u00f3n de las misas dominicales<\/li>\n\n\n\n<li><strong>6 de julio de 1974<\/strong>: el Papa Pablo VI eleva la iglesia al rango de Catedral<\/li>\n<\/ul>\n\n<figure class=\"wp-block-image size-large\"><img decoding=\"async\" src=\"https:\/\/photos.smugmug.com\/photos\/i-rnMStCd\/0\/dfa241d8\/L\/i-rnMStCd-L.jpg\" alt=\"Foto del coro de la catedral, con la Virgen Mar&#xED;a en vidrieras y esculturas alrededor del altar\"\/><figcaption class=\"wp-element-caption\">El coro de la catedral<\/figcaption><\/figure>\n\n<h2 class=\"wp-block-heading\">Acceso &#8211; Catedral de Notre Dame, Le Havre, Francia<\/h2>\n\n<h3 class=\"wp-block-heading\">\u00bfD\u00f3nde est\u00e1 la catedral de El Havre?<\/h3>\n\n<ul class=\"wp-block-list\">\n<li>En el centro de Le Havre<\/li>\n\n\n\n<li>A lo largo de la calle de Par\u00eds, entre el ayuntamiento y el arco de los contenedores de la catedral<\/li>\n<\/ul>\n\n<div style=\"margin-top:8%;margin-bottom:8%\" class=\"wp-block-genesis-blocks-gb-container box gb-block-container\"><div class=\"gb-container-inside\"><div class=\"gb-container-content\">\n<div class=\"wp-block-columns inverse box_planif is-layout-flex wp-container-core-columns-is-layout-9d6595d7 wp-block-columns-is-layout-flex\">\n<div class=\"wp-block-column texte_planif is-layout-flow wp-block-column-is-layout-flow\" style=\"flex-basis:58%\">\n<h5 class=\"titre_box\" style=\"padding-top:10px\">NUESTROS CONSEJOS PARA <span>ALQUILAR UN COCHE<\/span> EN<span class=\"titre_box_manuscrit\"> Normand\u00eda<\/span><\/h5>\n\n\n\n<ul class=\"wp-block-list\" style=\"font-size:14px\">\n<li>Compare precios en nuestra plataforma preferida: <a href=\"https:\/\/www.discovercars.com\/es\/france?a_aid=zigzag&amp;chan=NL\" target=\"_blank\" rel=\"noreferrer noopener\">DiscoverCars<\/a>, uno de los sitios mejor valorados.<\/li>\n\n\n\n<li>Elija un <strong>coche lo suficientemente c\u00f3modo <\/strong>(las distancias pueden ser largas) pero <strong>compacto<\/strong> (algunos aparcamientos y pueblos son estrechos).<\/li>\n\n\n\n<li>Considere la posibilidad de<strong>contratar un seguro a todo riesgo<\/strong> (algunas carreteras son sinuosas y estrechas).<\/li>\n\n\n\n<li>Hay mucha demanda, as\u00ed que <strong>reserve con antelaci\u00f3n<\/strong>.<\/li>\n<\/ul>\n<\/div>\n\n\n\n<div class=\"wp-block-column planif-radius-2 is-layout-flow wp-block-column-is-layout-flow\" style=\"flex-basis:42%\">\n<figure class=\"wp-block-image size-full voiture_image\"><img loading=\"lazy\" decoding=\"async\" width=\"421\" height=\"533\" src=\"https:\/\/normandielovers.fr\/wp-content\/uploads\/2023\/05\/Yport_Normandie-3328.png\" alt=\"\" class=\"wp-image-7241\" title=\"\" srcset=\"https:\/\/normandielovers.fr\/wp-content\/uploads\/2023\/05\/Yport_Normandie-3328.png 421w, https:\/\/normandielovers.fr\/wp-content\/uploads\/2023\/05\/Yport_Normandie-3328-237x300.png 237w\" sizes=\"auto, (max-width: 421px) 100vw, 421px\" \/><\/figure>\n<\/div>\n<\/div>\n\n\n\n<div class=\"wp-block-genesis-blocks-gb-container gb-block-container\"><div class=\"gb-container-inside\"><div class=\"gb-container-content\">\n<div class=\"wp-block-columns planif_bouton is-layout-flex wp-container-core-columns-is-layout-9d6595d7 wp-block-columns-is-layout-flex\">\n<div class=\"wp-block-column is-layout-flow wp-block-column-is-layout-flow\">\n<div class=\"wp-block-buttons is-content-justification-center is-layout-flex wp-container-core-buttons-is-layout-16018d1d wp-block-buttons-is-layout-flex\">\n<div class=\"wp-block-button has-custom-font-size\" style=\"font-size:14px\"><a class=\"wp-block-button__link has-white-color has-text-color wp-element-button\" href=\"https:\/\/www.discovercars.com\/es\/france?a_aid=zigzag&amp;amp;chan=NL\" style=\"border-radius:4px\" target=\"_blank\" rel=\"noreferrer noopener\">Ver coches disponibles  <strong>   <\/strong><img decoding=\"async\" class=\"wp-image-3266 img_fleche\" style=\"width: 16px;  \" src=\"https:\/\/corsicalovers.fr\/wp-content\/uploads\/2023\/03\/ArrowRight.png\" alt=\"flecha\"\/><\/a><\/div>\n<\/div>\n<\/div>\n\n\n\n<div class=\"wp-block-column is-vertically-aligned-center is-layout-flow wp-block-column-is-layout-flow\">\n<p class=\"has-text-align-center\" style=\"font-size:14px\"><strong><a href=\"https:\/\/normandielovers.fr\/es\/alquilar-coche-france\/\" target=\"_blank\" rel=\"noreferrer noopener\">Ver todos nuestros consejos<\/a><\/strong><\/p>\n<\/div>\n<\/div>\n<\/div><\/div><\/div>\n<\/div><\/div><\/div>\n\n<h3 class=\"wp-block-heading\">C\u00f3mo llegar<\/h3>\n\n<p>Una vez que haya llegado a Le Havre, una red de autobuses, tranv\u00edas y scooters le llevar\u00e1 r\u00e1pidamente a la catedral y a los alrededores de la ciudad. Moverse por la ciudad es f\u00e1cil y aparcar es relativamente sencillo.<\/p>\n\n<ul class=\"wp-block-list\">\n<li><strong>Autob\u00fas<\/strong>: l\u00edneas 2, 3 y 7 &#8211; parada Cath\u00e9drale<\/li>\n\n\n\n<li><strong>Tranv\u00eda<\/strong>: H\u00f4tel de Ville &#8211; 500 metros<\/li>\n<\/ul>\n\n<h3 class=\"wp-block-heading\">Aparcamiento<\/h3>\n\n<p>La catedral no dispone de aparcamiento propio, pero podr\u00e1 encontrar aparcamiento <strong>f\u00e1cilmente<\/strong> en las inmediaciones. En las calles adyacentes, el aparcamiento ser\u00e1 de pago, pero de camino a Southampton Quay o al paseo mar\u00edtimo, podr\u00e1<strong> aparcar gratuitamente<\/strong>. Se encontrar\u00e1 entonces a s\u00f3lo cien metros de la entrada de la Catedral.<\/p>\n\n<div style=\"margin-top:8%;margin-bottom:8%\" class=\"wp-block-genesis-blocks-gb-container box gb-block-container\"><div class=\"gb-container-inside\"><div class=\"gb-container-content\">\n<div class=\"wp-block-columns inverse is-layout-flex wp-container-core-columns-is-layout-9d6595d7 wp-block-columns-is-layout-flex\">\n<div class=\"wp-block-column texte_planif is-layout-flow wp-block-column-is-layout-flow\" style=\"flex-basis:58%\">\n<h5 class=\"titre_box\" style=\"padding-top:10px\"><span>PLANIFIQUE<\/span> SU ESTANCIA EN <span class=\"titre_box_manuscrit\">Le Havre<\/span><\/h5>\n\n\n\n<ul class=\"ul_box wp-block-list\">\n<li style=\"font-size:14px\"><a href=\"https:\/\/normandielovers.fr\/es\/que-ver-hacer-le-havre-normandia-visitar\/\" target=\"_blank\" rel=\"noreferrer noopener\">Qu\u00e9 ver en Le Havre<\/a><\/li>\n\n\n\n<li style=\"font-size:14px\"><a href=\"https:\/\/normandielovers.fr\/es\/playa-le-havre-normandia\/\">La playa de Le Havre<\/a><\/li>\n\n\n\n<li style=\"font-size:14px\"><a href=\"https:\/\/normandielovers.fr\/es\/mejor-hotel-le-havre-donde-alojarse\/\" target=\"_blank\" rel=\"noreferrer noopener\">D\u00f3nde alojarse en Le Havre<\/a><\/li>\n\n\n\n<li style=\"font-size:14px\"><a href=\"https:\/\/normandielovers.fr\/es\/mejores-restaurantes-le-havre-donde-comer-opiniones\/\" target=\"_blank\" rel=\"noreferrer noopener\">D\u00f3nde comer en Le Havre<\/a><\/li>\n\n\n\n<li style=\"font-size:14px\"><a href=\"https:\/\/normandielovers.fr\/es\/weekend-le-havre-normandia-2-dias-visita-itinerario\/\" target=\"_blank\" rel=\"noreferrer noopener\">Fin de semana en Le Havre<\/a><\/li>\n\n\n\n<li style=\"font-size:14px\"><a href=\"https:\/\/normandielovers.fr\/es\/puerto-crucero-le-havre-que-hacer-excursiones\/\" target=\"_blank\" rel=\"noreferrer noopener\">Puerto de cruceros<\/a><\/li>\n\n\n\n<li style=\"font-size:14px\"><a href=\"https:\/\/normandielovers.fr\/es\/como-alquilar-coche-le-havre-consejos-experiencas\/\" target=\"_blank\" rel=\"noreferrer noopener\"><\/a><a href=\"https:\/\/normandielovers.fr\/es\/como-alquilar-coche-le-havre-consejos-experiencas\/\">Alquiler de coches en Le Havre<\/a><\/li>\n<\/ul>\n<\/div>\n\n\n\n<div class=\"wp-block-column ville-radius is-layout-flow wp-block-column-is-layout-flow\" style=\"flex-basis:42%\">\n<figure class=\"wp-block-image size-large img-portrait\"><img decoding=\"async\" src=\"https:\/\/photos.smugmug.com\/Normandie-Lovers\/Le-Havre\/Ville\/i-FRS98GS\/1\/5b9ae80b\/L\/Le_Havre_arche_Container-L.jpg\" alt=\"El Havre\" title=\"\"\/><\/figure>\n<\/div>\n<\/div>\n<\/div><\/div><\/div>\n\n<h2 class=\"wp-block-heading\">Consejos pr\u00e1cticos: duraci\u00f3n, horarios, alimentaci\u00f3n&#8230;<\/h2>\n\n<h3 class=\"wp-block-heading\">Mejor momento para visitar la catedral de El Havre<\/h3>\n\n<p>La catedral de Le Havre nunca est\u00e1 abarrotada. S\u00f3lo tiene que evitar los mi\u00e9rcoles y s\u00e1bados por la tarde despu\u00e9s de las 18.00 horas, ya que el<strong>servicio religioso<\/strong> comienza a las 18.30 horas.<\/p>\n\n<p>Tambi\u00e9n deben evitarse las visitas cuando se est\u00e9 celebrando un <strong>funeral<\/strong>.<\/p>\n\n<h3 class=\"wp-block-heading\">Cu\u00e1nto tiempo hay que visitar el castillo y las principales dificultades<\/h3>\n\n<p>Planee pasar <strong>media hora <\/strong>recorriendo la catedral de Le Havre, contemplando sus fachadas y admirando sus vidrieras y pinturas religiosas.<\/p>\n\n<figure class=\"wp-block-image size-large\"><img decoding=\"async\" src=\"https:\/\/photos.smugmug.com\/photos\/i-xWsz7mS\/0\/aba21fbd\/L\/i-xWsz7mS-L.jpg\" alt=\"Escultura en el t&#xED;mpano de la entrada principal que representa a la Virgen Mar&#xED;a con Jes&#xFA;s en brazos, rodeada de 2 &#xE1;ngeles\"\/><figcaption class=\"wp-element-caption\">T\u00edmpano de la entrada principal<\/figcaption><\/figure>\n\n<h3 class=\"wp-block-heading\">Consejos para la visita<\/h3>\n\n<p>Eche un buen vistazo a la<strong>mara\u00f1a arquitect\u00f3nica <\/strong>de las fachadas exteriores antes de entrar en la Catedral. Puede entonces seguir el v\u00eda crucis del que hablaremos a continuaci\u00f3n, \u00a1o dejarse guiar por su instinto!<\/p>\n\n<div style=\"background-color:#fefefe;margin-top:8%;margin-bottom:8%\" class=\"wp-block-genesis-blocks-gb-container box gb-block-container\"><div class=\"gb-container-inside\"><div class=\"gb-container-content\" style=\"max-width:700px\">\n<div class=\"wp-block-columns inverse is-layout-flex wp-container-core-columns-is-layout-9d6595d7 wp-block-columns-is-layout-flex\">\n<div class=\"wp-block-column texte_planif is-layout-flow wp-block-column-is-layout-flow\" style=\"flex-basis:58%\">\n<h5 class=\"titre_box\" style=\"padding-top:10px\">UTILICE NUESTRA GU\u00cdA PARA PLANIFICAR UN  <br\/><span>VIAJE DE ENSUE\u00d1O<\/span> A <span class=\"titre_box_manuscrit\">Normand\u00eda<\/span><\/h5>\n\n\n\n<div class=\"wp-block-genesis-blocks-gb-container gb-block-container\"><div class=\"gb-container-inside\"><div class=\"gb-container-content\">\n<p style=\"font-size:14px\">Toda la informaci\u00f3n que necesita para su viaje:<\/p>\n<\/div><\/div><\/div>\n\n\n\n<div class=\"wp-block-genesis-blocks-gb-container gb-block-container\"><div class=\"gb-container-inside\"><div class=\"gb-container-content\"><\/div><\/div><\/div>\n\n\n\n<ul style=\"font-size:14px\" id=\"liste_discover\" class=\"wp-block-list\">\n<li>8 mapas que facilitan la planificaci\u00f3n<\/li>\n\n\n\n<li>M\u00e1s de 160 lugares preseleccionados<\/li>\n\n\n\n<li>Consejos pr\u00e1cticos<\/li>\n\n\n\n<li>M\u00e1s de 300 fotos para ayudarle a elegir<\/li>\n<\/ul>\n\n\n\n<div class=\"wp-block-buttons has-custom-font-size bouton_10 is-content-justification-center is-layout-flex wp-container-core-buttons-is-layout-14c487f4 wp-block-buttons-is-layout-flex\" style=\"font-size:13px\">\n<div class=\"wp-block-button has-custom-font-size\" style=\"font-size:14px\"><a class=\"wp-block-button__link has-white-color has-text-color wp-element-button\" href=\"https:\/\/normandielovers.fr\/es\/ebook-guia-road-trip-normandia\/\" style=\"border-radius:4px\" target=\"_blank\" rel=\"noreferrer noopener\">Descubra >><\/a><\/div>\n<\/div>\n<\/div>\n\n\n\n<div class=\"wp-block-column is-layout-flow wp-block-column-is-layout-flow\" style=\"flex-basis:42%\">\n<div class=\"wp-block-genesis-blocks-gb-container ebook-radius gb-block-container\"><div class=\"gb-container-inside\"><div class=\"gb-container-content\"><div class=\"wp-block-image ebook-image\">\n<figure class=\"aligncenter size-large is-resized\"><img decoding=\"async\" src=\"https:\/\/normandielovers.fr\/wp-content\/uploads\/2023\/03\/Box-Ebook-Normandia-ES.png\" alt=\"Box Ebook C\u00f3rcega FR\" style=\"width:203px;height:157px\"\/><\/figure>\n<\/div><\/div><\/div><\/div>\n<\/div>\n<\/div>\n<\/div><\/div><\/div>\n\n<h3 class=\"wp-block-heading\">Horarios y precios<\/h3>\n\n<p>La iglesia est\u00e1 abierta <strong>todos los d\u00edas de 10.00 a 18.00 horas<\/strong>, excepto para las ceremonias. La entrada y las visitas son <strong>gratuitas<\/strong>.<\/p>\n\n<h3 class=\"wp-block-heading\">Restauraci\u00f3n<\/h3>\n\n<p>Como la catedral est\u00e1 en el centro, hay muchos restaurantes para elegir.<br\/>Consulte nuestro art\u00edculo sobre los <a href=\"https:\/\/normandielovers.fr\/es\/mejores-restaurantes-le-havre-donde-comer-opiniones\/\" target=\"_blank\" rel=\"noreferrer noopener\">mejores restaurantes<\/a> de la ciudad.<\/p>\n\n<h2 class=\"wp-block-heading\">Arquitectura: si las fachadas de la Catedral pudieran hablar&#8230;<\/h2>\n\n<p>La Catedral fue construida entre 1540 para la torre y 1638 para el portal principal. Casi <strong>un siglo de influencias art\u00edsticas<\/strong> condensadas en este edificio.<\/p>\n\n<h3 class=\"wp-block-heading\">La Torre<\/h3>\n\n<p>El<strong> campanario<\/strong>, la parte m\u00e1s antigua del edificio, data de 1540 y fue construido en <strong>piedra de Vernon<\/strong> (comparada con la piedra de Caen del resto de la catedral, notar\u00e1 la diferencia de color, sobre todo desde su renovaci\u00f3n en 2021). Presenta una serie de <strong>ornamentos de inspiraci\u00f3n g\u00f3tica<\/strong>, un estilo en declive en aquella \u00e9poca bajo la influencia del Renacimiento italiano.<\/p>\n\n<figure class=\"wp-block-image size-large is-resized\"><img decoding=\"async\" src=\"https:\/\/photos.smugmug.com\/photos\/i-CMkc2vL\/0\/bcff1be7\/L\/i-CMkc2vL-L.jpg\" alt=\"Vista desde lo alto de la torre con 5 flechas peque&#xF1;as, una c&#xFA;pula y el campanario\" style=\"width:688px;height:516px\"\/><figcaption class=\"wp-element-caption\">Parte superior de la torre con peque\u00f1as agujas g\u00f3ticas<\/figcaption><\/figure>\n\n<h3 class=\"wp-block-heading\">Las fachadas laterales<\/h3>\n\n<p>Las 2 fachadas laterales son de estilo <strong>renacentista<\/strong> y <strong>cl\u00e1sico<\/strong>, con balaustradas, pilastras, esculturas, oeil-de-b\u0153uf&#8230;<\/p>\n\n<figure class=\"wp-block-image size-large\"><img decoding=\"async\" src=\"https:\/\/photos.smugmug.com\/photos\/i-KznvRzJ\/0\/1cadc45f\/L\/i-KznvRzJ-L.jpg\" alt=\"Vista de la fachada con 6 columnas cl&#xE1;sicas, esculturas y encima, una diana y elaboradas balaustradas\"\/><figcaption class=\"wp-element-caption\">Fachada del portal norte ricamente decorada<\/figcaption><\/figure>\n\n<h3 class=\"wp-block-heading\">La fachada principal<\/h3>\n\n<p>Otro cambio de estilo, con la fachada principal (occidental) en t\u00edpico estilo <strong>barroco<\/strong>, con frontones, columnas, decoraci\u00f3n de volutas&#8230; Este movimiento art\u00edstico, que tambi\u00e9n encontraremos en la m\u00fasica (Bach, Haendel&#8230;), es una reinterpretaci\u00f3n m\u00e1s <strong>teatral<\/strong> y grandiosa del Renacimiento. T\u00f3mese su tiempo para observar cada ornamento; esta fachada no es una excepci\u00f3n, \u00bfno le parece?<\/p>\n\n<figure class=\"wp-block-image size-large\"><img decoding=\"async\" src=\"https:\/\/photos.smugmug.com\/photos\/i-Jm29jBC\/0\/aeeba616\/L\/i-Jm29jBC-L.jpg\" alt=\"vista de la fachada barroca, con el portal central rodeado por 2 columnas y ventanas oeil-de-boeuf\"\/><figcaption class=\"wp-element-caption\">Fachada principal, decididamente barroca<\/figcaption><\/figure>\n\n<h2 class=\"wp-block-heading\">Interior: un espejo de la historia de la ciudad  <\/h2>\n\n<h3 class=\"wp-block-heading\">Los estragos del tiempo<\/h3>\n\n<p>El mantenimiento de la catedral de Le Havre es particularmente delicado. Est\u00e1 construida principalmente con piedra caliza: <strong>piedra de Vernon<\/strong> y sobre todo <strong>piedra de Caen<\/strong>, que se utiliza en muchos edificios de Francia y del Reino Unido (Torre de Londres, Catedral de San Pablo de Londres&#8230;).<\/p>\n\n<p><strong>La piedra caliza<\/strong> es especialmente sensible a la humedad, la arena y el fr\u00edo, y no se le habr\u00e1 escapado que a veces puede llover en Le Havre (aunque rara vez&#8230;), que estamos junto al mar y que el viento forma parte integrante de su encanto&#8230;<\/p>\n\n<p>Tanto el exterior como el interior han sido objeto de <strong>numerosas campa\u00f1as de renovaci\u00f3n <\/strong>(la m\u00e1s reciente en 2021), con distintos grados de \u00e9xito seg\u00fan la \u00e9poca y la tecnolog\u00eda utilizadas.<\/p>\n\n<h3 class=\"wp-block-heading\">La destrucci\u00f3n de 1944<\/h3>\n\n<p>Durante los bombardeos de septiembre de 1944, la futura catedral <strong>sufri\u00f3 graves da\u00f1os<\/strong>:<\/p>\n\n<ul class=\"wp-block-list\">\n<li>s\u00f3lo se conservan 2 vidrieras<\/li>\n\n\n\n<li>el gran \u00f3rgano de Richelieu es destruido<\/li>\n\n\n\n<li>una gran parte de la nave fue destruida (desde la fachada hasta el crucero)<\/li>\n\n\n\n<li>una de las campanas se estrella<\/li>\n<\/ul>\n\n<figure class=\"wp-block-image size-large\"><img decoding=\"async\" src=\"https:\/\/photos.smugmug.com\/photos\/i-j6zj8wz\/0\/47cf6543\/L\/i-j6zj8wz-L.jpg\" alt=\"Vista de Cristo en la Cruz, con restos visibles de la destrucci&#xF3;n de 1944\"\/><figcaption class=\"wp-element-caption\">La capilla del Sacr\u00e9-Coeur, parcialmente restaurada<\/figcaption><\/figure>\n\n<p>Aunque los trabajos de reconstrucci\u00f3n fueron de gran calidad dado el contexto, alteraron la iglesia de Notre Dame du Havre.<\/p>\n\n<h3 class=\"wp-block-heading\">Las capillas<\/h3>\n\n<p>De las 9 capillas que exist\u00edan antes de 1944, hoy s\u00f3lo quedan 6:<\/p>\n\n<ul class=\"wp-block-list\">\n<li>La<strong> capilla de Saint-S\u00e9bastien <\/strong>, que contiene el tabern\u00e1culo (que alberga el cop\u00f3n, el vaso sagrado que contiene las hostias consagradas)<\/li>\n\n\n\n<li><strong>Capilla dedicada a la Virgen Mar\u00eda<\/strong> con su estatua de la Virgen y el Ni\u00f1o<\/li>\n\n\n\n<li>la <strong>capilla del Santo Nombre de Mar\u00eda<\/strong>, que alberga un cuadro de Sobeck fechado en 1836<\/li>\n\n\n\n<li><strong>La antigua capilla del Sant\u00edsimo Sacramento<\/strong>alberga el retablo de la iglesia de Sainte C\u00e9cile, destruida en los bombardeos de 1944.<\/li>\n\n\n\n<li>Antigua <strong>capilla de San Vicente de Pa\u00fal <\/strong> <\/li>\n\n\n\n<li><strong>Capilla del Sagrado Coraz\u00f3n <\/strong>con su Cristo en la Cruz<\/li>\n<\/ul>\n\n<figure class=\"wp-block-image size-large\"><img decoding=\"async\" src=\"https:\/\/photos.smugmug.com\/photos\/i-wfsBk9H\/0\/ed761514\/L\/i-wfsBk9H-L.jpg\" alt=\"Vista de la capilla, con su retablo y sobre &#xE9;l una escultura de la Virgen Mar&#xED;a con Jes&#xFA;s en brazos\"\/><figcaption class=\"wp-element-caption\">Capilla de la Virgen Mar\u00eda<\/figcaption><\/figure>\n\n<h3 class=\"wp-block-heading\">Las vidrieras<\/h3>\n\n<p>Voladas durante un primer bombardeo en 1941 y mezcladas con los escombros de la ciudad en 1944, <strong>s\u00f3lo se salvaron 2 vidrieras<\/strong>. Pueden verse en las entradas de la sacrist\u00eda.<\/p>\n\n<p>Las otras vidrieras fueron creadas por <strong>el maestro vidriero Michel Durand <\/strong>en 1974, en un estilo figurativo que representa :<\/p>\n\n<ul class=\"wp-block-list\">\n<li>la misa celebrada tras la liberaci\u00f3n de El Havre por las tropas reales despu\u00e9s de la invasi\u00f3n inglesa en 1563<\/li>\n\n\n\n<li>una visita de Enrique IV en 1603 a la calle de Par\u00eds en la que se encuentra la catedral (y la tienda familiar, pero no hay conexi\u00f3n&#8230;)<\/li>\n\n\n\n<li>la Virgen Mar\u00eda (donada por la ciudad de Le Havre)<\/li>\n<\/ul>\n\n<figure class=\"wp-block-image size-large is-resized\"><img decoding=\"async\" src=\"https:\/\/photos.smugmug.com\/photos\/i-R3dk2xM\/0\/45900c8b\/L\/i-R3dk2xM-L.jpg\" alt=\"Colorida vidriera que representa al rey Enrique IV paseando por la calle de Par&#xED;s, rodeado de la gente de Le Havre\" style=\"width:688px;height:516px\"\/><figcaption class=\"wp-element-caption\">Vidriera que representa la visita de Enrique IV en 1603<\/figcaption><\/figure>\n\n<h3 class=\"wp-block-heading\">El V\u00eda Crucis<\/h3>\n\n<p>El V\u00eda Crucis de la catedral se instal\u00f3 en el <strong>transatl\u00e1ntico Normandie<\/strong>, que entr\u00f3 en servicio en 1935 y fue requisado por los estadounidenses en 1941, antes de ser irremediablemente destruido por un incendio accidental en 1942.<\/p>\n\n<p>Los paneles de madera que puede admirar en la catedral estaban <strong>lastrados con plomo <\/strong>para que no se movieran en caso de tormenta.<\/p>\n\n<h3 class=\"wp-block-heading\">El \u00f3rgano de la iglesia de Santa Catalina<\/h3>\n\n<p>Se dice que el gran \u00f3rgano original fue un regalo del cardenal de Richelieu, gobernador de la ciudad en 1637. Completamente destruida durante los bombardeos de 1944, se tardar\u00eda casi <strong>36 a\u00f1os <\/strong>en reconstruirla a partir de los escombros y las fotos existentes. S\u00f3lo se conservan algunas piezas originales, incluidas las dos esculturas que puede ver en la base del \u00f3rgano.<\/p>\n\n<figure class=\"wp-block-image size-large is-resized\"><img decoding=\"async\" src=\"https:\/\/photos.smugmug.com\/photos\/i-jgTrW8X\/0\/58b7e710\/L\/i-jgTrW8X-L.jpg\" alt=\"Vista del gran &#xF3;rgano sobre la entrada principal\" style=\"width:688px;height:516px\"\/><figcaption class=\"wp-element-caption\">El gran \u00f3rgano de Richelieu reconstruido en 1980<\/figcaption><\/figure>\n\n<h3 class=\"wp-block-heading\">Una explanada inclinada<\/h3>\n\n<p>De camino a la catedral, se dar\u00e1 cuenta de que la iglesia est\u00e1 por debajo del nivel de la calle de Par\u00eds. Tambi\u00e9n en este caso tenemos que mirar a la historia.<\/p>\n\n<p>Cuando se reconstruy\u00f3 Le Havre, se decidi\u00f3 <strong>construir sobre los escombros<\/strong>, ya que era imposible evacuarlos dada la inmensidad de la tarea. Como la iglesia sobrevivi\u00f3 a los bombardeos, ahora se encuentra unas decenas de cent\u00edmetros m\u00e1s abajo.<\/p>\n\n<p>Cabe se\u00f1alar que esta explanada no ten\u00eda las mismas dimensiones antes de la guerra; fue ampliada con el nuevo dise\u00f1o de la ciudad, que desplaz\u00f3 la rue de Paris varios metros.<\/p>\n\n<div style=\"margin-top:8%;margin-bottom:8%\" class=\"wp-block-genesis-blocks-gb-container box gb-block-container\"><div class=\"gb-container-inside\"><div class=\"gb-container-content\" style=\"max-width:700px\">\n<div class=\"wp-block-genesis-blocks-gb-container box_titre gb-block-container\"><div class=\"gb-container-inside\"><div class=\"gb-container-content\">\n<h5 class=\"titre_box\"><span>PLANIFIQUE SU VIAJE<\/span> A <span class=\"titre_box_manuscrit\">Normand\u00eda<\/span><\/h5>\n<\/div><\/div><\/div>\n\n\n\n<hr class=\"wp-block-separator has-text-color has-alpha-channel-opacity has-background is-style-wide hr-box-planif\" style=\"background-color:#ccd3dd;color:#ccd3dd\"\/>\n\n\n\n<div class=\"wp-block-columns box_sans_border is-layout-flex wp-container-core-columns-is-layout-9d6595d7 wp-block-columns-is-layout-flex\">\n<div class=\"wp-block-column texte_planif is-layout-flow wp-block-column-is-layout-flow\" style=\"flex-basis:60%\">\n<p style=\"font-size:16px;margin-top:10px;\" class=\"option_titre2\"><strong><span><\/span>Destinos de inspiraci\u00f3n<\/strong><\/p>\n\n\n\n<ul class=\"wp-block-list\">\n<li style=\"font-size:14px\">Decidir <a href=\"https:\/\/normandielovers.fr\/es\/normandia-destinos\/\" target=\"_blank\" rel=\"noreferrer noopener\">d\u00f3nde ir en Normand\u00eda<\/a> &#8211; destinos principales<\/li>\n\n\n\n<li style=\"font-size:14px\">Nuestras ideas para el fin de semana: <a href=\"https:\/\/normandielovers.fr\/es\/ideeas-fin-semana-normandia\/\" target=\"_blank\" rel=\"noreferrer noopener\">lo mejor<\/a>, <a href=\"https:\/\/normandielovers.fr\/es\/idee-fin-semana-romantico-normandia\/\" target=\"_blank\" rel=\"noreferrer noopener\">rom\u00e1ntico<\/a>, <a href=\"https:\/\/normandielovers.fr\/es\/fin-semana-insolito-normandia\/\" target=\"_blank\" rel=\"noreferrer noopener\">ins\u00f3lito<\/a>, <a href=\"https:\/\/normandielovers.fr\/es\/fin-semana-mar-normandia\/\" target=\"_blank\" rel=\"noreferrer noopener\">junto al mar<\/a>, <a href=\"https:\/\/normandielovers.fr\/es\/fin-semana-lujo-normandia\/\" target=\"_blank\" rel=\"noreferrer noopener\">de lujo<\/a>, <a href=\"https:\/\/normandielovers.fr\/es\/ideas-fin-semana-familia-normandia\/\" target=\"_blank\" rel=\"noreferrer noopener\">en familia<\/a><\/li>\n\n\n\n<li style=\"font-size:14px\"><a href=\"https:\/\/normandielovers.fr\/es\/hotel-costeros-normandia-playa\/\" target=\"_blank\" rel=\"noreferrer noopener\">16 hoteles balnearios en Normand\u00eda<\/a><\/li>\n\n\n\n<li style=\"font-size:14px\"><a href=\"https:\/\/normandielovers.fr\/plus-beaux-hotels-charme-normandie-avis\/\" target=\"_blank\" rel=\"noreferrer noopener\">Los m\u00e1s bellos hoteles con encanto de Normand\u00eda<\/a><\/li>\n<\/ul>\n<\/div>\n\n\n\n<div class=\"wp-block-column is-vertically-aligned-top planif-radius is-layout-flow wp-block-column-is-layout-flow\" style=\"flex-basis:40%\">\n<figure class=\"wp-block-image size-large img-portrait\"><img decoding=\"async\" src=\"https:\/\/photos.smugmug.com\/Travel\/Normandie\/Honfleur\/i-9B7t4h8\/0\/768041c8\/L\/Honfleur_coucher_soleil-15-L.jpg\" alt=\"\" title=\"\"\/><\/figure>\n<\/div>\n<\/div>\n\n\n\n<hr class=\"wp-block-separator has-text-color has-alpha-channel-opacity has-background is-style-wide hr-box-planif\" style=\"background-color:#ccd3dd;color:#ccd3dd\"\/>\n\n\n\n<div class=\"wp-block-columns box_sans_border is-layout-flex wp-container-core-columns-is-layout-9d6595d7 wp-block-columns-is-layout-flex\">\n<div class=\"wp-block-column texte_planif is-layout-flow wp-block-column-is-layout-flow\" style=\"flex-basis:60%\">\n<p style=\"font-size:16px;margin-top:10px;\" class=\"option_titre\"><strong><span s=\"\"><\/span>  Lo mejor de<\/strong><\/p>\n\n\n\n<ul class=\"wp-block-list\">\n<li style=\"font-size:14px\"><a href=\"https:\/\/normandielovers.fr\/es\/que-ver-normandia\/\" target=\"_blank\" rel=\"noreferrer noopener\">Qu\u00e9 ver en Normand\u00eda<\/a><\/li>\n\n\n\n<li style=\"font-size:14px\"><a href=\"https:\/\/normandielovers.fr\/es\/mas-bellas-ciudades-normandia\/\" target=\"_blank\" rel=\"noreferrer noopener\">Las ciudades m\u00e1s bellas de Normand\u00eda<\/a><\/li>\n\n\n\n<li style=\"font-size:14px\"><a href=\"https:\/\/normandielovers.fr\/es\/mas-bellas-playas-normandia\/\" target=\"_blank\" rel=\"noreferrer noopener\">Las playas m\u00e1s bellas de Normand\u00eda<\/a><\/li>\n\n\n\n<li style=\"font-size:14px\"><a href=\"https:\/\/normandielovers.fr\/es\/mas-bonitos-pueblos-normandia\/\" target=\"_blank\" rel=\"noreferrer noopener\">Los pueblos m\u00e1s bonitos de Normand\u00eda<\/a><\/li>\n\n\n\n<li style=\"font-size:14px\"><a href=\"https:\/\/normandielovers.fr\/es\/castellos-normandia\/\" target=\"_blank\" rel=\"noreferrer noopener\">Los castillos m\u00e1s bellos de Normand\u00eda<\/a><\/li>\n\n\n\n<li style=\"font-size:14px\"><a href=\"https:\/\/normandielovers.fr\/es\/abadias-normandia\/\" target=\"_blank\" rel=\"noreferrer noopener\">Las abad\u00edas m\u00e1s bellas de Normand\u00eda<\/a><\/li>\n\n\n\n<li style=\"font-size:14px\">Lea nuestra gu\u00eda completa para <a href=\"https:\/\/normandielovers.fr\/es\/visita-mont-saint-michel-consejos\/\" target=\"_blank\" rel=\"noreferrer noopener\">visitar el Mont-Saint-Michel<\/a><\/li>\n\n\n\n<li style=\"font-size:14px\">Descubra los <a href=\"https:\/\/normandielovers.fr\/es\/desembarco-normandia-lugares-visitar\/\" target=\"_blank\" rel=\"noreferrer noopener\">lugares del Desembarco<\/a><\/li>\n<\/ul>\n<\/div>\n\n\n\n<div class=\"wp-block-column is-vertically-aligned-top planif-radius is-layout-flow wp-block-column-is-layout-flow\" style=\"flex-basis:40%\">\n<figure class=\"wp-block-image size-large img-portrait\"><img decoding=\"async\" src=\"https:\/\/photos.smugmug.com\/Travel\/Normandie\/Etretat-falaise-aval\/i-T9X65rq\/7\/d9bf1b0c\/L\/falaises_etretat_normandie-6956-L.jpg\" alt=\"\" title=\"\"\/><\/figure>\n<\/div>\n<\/div>\n\n\n\n<hr class=\"wp-block-separator has-text-color has-alpha-channel-opacity has-background is-style-wide hr-box-planif\" style=\"background-color:#ccd3dd;color:#ccd3dd\"\/>\n\n\n\n<div class=\"wp-block-columns box_sans_border is-layout-flex wp-container-core-columns-is-layout-9d6595d7 wp-block-columns-is-layout-flex\">\n<div class=\"wp-block-column texte_planif is-layout-flow wp-block-column-is-layout-flow\" style=\"flex-basis:60%\">\n<p style=\"font-size:16px;margin-top:10px;\" class=\"option_titre\"><strong><span><\/span>  Pr\u00e1ctica<\/strong><\/p>\n\n\n\n<ul class=\"wp-block-list\">\n<li style=\"font-size:14px\">D\u00f3nde <a href=\"https:\/\/normandielovers.fr\/es\/donde-dormir-normandia-mejores-hoteles\/\" target=\"_blank\" rel=\"noreferrer noopener\">alojarse en Normand\u00eda<\/a> &#8211; los mejores lugares y hoteles<\/li>\n\n\n\n<li style=\"font-size:14px\">Consulte nuestros consejos para alquilar un coche en los aeropuertos de <a href=\"https:\/\/normandielovers.fr\/es\/alquilar-coche-cdg-aeropuerto-paris\/\" target=\"_blank\" rel=\"noreferrer noopener\">CDG<\/a>, <a href=\"https:\/\/normandielovers.fr\/es\/alquilar-coche-orly-aeropuerto-paris\/\" target=\"_blank\" rel=\"noreferrer noopener\">Orly<\/a>, <a href=\"https:\/\/normandielovers.fr\/es\/alquilar-coche-beauvais-aeropuerto\/\" target=\"_blank\" rel=\"noreferrer noopener\">Beauvais<\/a>, <a href=\"https:\/\/normandielovers.fr\/es\/alquilar-coche-caen\/\" target=\"_blank\" rel=\"noreferrer noopener\">Caen<\/a>, <a href=\"https:\/\/normandielovers.fr\/es\/alquilar-coche-rouen-estacion-tren\/\" target=\"_blank\" rel=\"noreferrer noopener\">Rouen<\/a>, <a href=\"https:\/\/normandielovers.fr\/es\/alquilar-coche-bayeux\/\" target=\"_blank\" rel=\"noreferrer noopener\">Bayeux<\/a>&#8230;<\/li>\n<\/ul>\n<\/div>\n\n\n\n<div class=\"wp-block-column is-vertically-aligned-top planif-radius is-layout-flow wp-block-column-is-layout-flow\" style=\"flex-basis:40%\">\n<figure class=\"wp-block-image size-large img-portrait\"><img decoding=\"async\" src=\"https:\/\/photos.smugmug.com\/Normandie-Lovers\/Bayeux\/Ville\/i-7m2kFVR\/1\/ca62aa6c\/L\/Bayeux_ville-12-3-L.jpg\" alt=\"\" title=\"\"\/><\/figure>\n<\/div>\n<\/div>\n\n\n\n<div class=\"wp-block-buttons planif_bouton is-content-justification-center is-layout-flex wp-container-core-buttons-is-layout-16018d1d wp-block-buttons-is-layout-flex\">\n<div class=\"wp-block-button has-custom-font-size\" style=\"font-size:14px\"><a class=\"wp-block-button__link has-white-color has-text-color wp-element-button\" href=\"https:\/\/normandielovers.fr\/es\/road-trip-normandia-viaje-consejos\/\" style=\"border-radius:4px\" target=\"_blank\" rel=\"noreferrer noopener\">Ver todos nuestros consejos  <img decoding=\"async\" class=\"wp-image-3266 img_fleche\" style=\"width: 16px;  \" src=\"https:\/\/corsicalovers.fr\/wp-content\/uploads\/2023\/03\/ArrowRight.png\" alt=\"flecha\"\/><\/a><\/div>\n<\/div>\n\n\n\n<div class=\"wp-block-genesis-blocks-gb-container box-texte gb-block-container\"><div class=\"gb-container-inside\"><div class=\"gb-container-content\"><\/div><\/div><\/div>\n<\/div><\/div><\/div>\n\n<div class=\"wp-block-genesis-blocks-gb-container box_auteur_voyage gb-block-container\"><div class=\"gb-container-inside\"><div class=\"gb-container-content\">\n<figure class=\"wp-block-image size-large img_auteur_voyage img_provisoire\"><a href=\"https:\/\/normandielovers.fr\/es\/emmanuel-robinson\/\" target=\"_blank\" rel=\"noreferrer noopener\"><img decoding=\"async\" src=\"https:\/\/photos.smugmug.com\/Region-Lovers\/Equipe\/i-rHp5vtv\/0\/DxhGfR3RHZSTt9vfBxH7TBtFTC5vkk673Gmjm7MHS\/L\/manu-L.jpg\" alt=\"\"\/><\/a><\/figure>\n\n\n\n<h5 class=\"titre_auteur_voyage\"><span>HIZO EL VIAJE Y ESCRIBI\u00d3 EL ART\u00cdCULO \n <\/span><span class=\"titre_box_manuscrit\">Manu<\/span><\/h5>\n<\/div><\/div><\/div>\n","protected":false},"excerpt":{"rendered":"<p>Si tiene previsto visitar la catedral de El Havre durante su estancia, \u00a1se llevar\u00e1 una sorpresa! Seguramente una de las catedrales m\u00e1s peque\u00f1as de Francia, es uno de los pocos edificios de la ciudad que ha sobrevivido a los bombardeos de la Segunda Guerra Mundial. En este art\u00edculo se lo contamos todo sobre laat\u00edpica historia [&hellip;]<\/p>\n","protected":false},"author":2,"featured_media":12198,"comment_status":"closed","ping_status":"closed","sticky":false,"template":"","format":"standard","meta":{"_genesis_hide_title":false,"_genesis_hide_breadcrumbs":false,"_genesis_hide_singular_image":false,"_genesis_hide_footer_widgets":false,"_genesis_custom_body_class":"","_genesis_custom_post_class":"","_genesis_layout":"","footnotes":""},"categories":[104],"tags":[],"class_list":{"0":"post-12203","1":"post","2":"type-post","3":"status-publish","4":"format-standard","5":"has-post-thumbnail","7":"category-le-havre-y-alrededores","8":"entry"},"yoast_head":"<!-- This site is optimized with the Yoast SEO plugin v27.2 - https:\/\/yoast.com\/product\/yoast-seo-wordpress\/ -->\n<title>Visite la catedral de Notre Dame en Le Havre (consejos + fotos)<\/title>\n<meta name=\"description\" content=\"Nuestros consejos y fotos para visitar la catedral de Notre-Dame de Le Havre: acceso, lugares de inter\u00e9s, informaci\u00f3n pr\u00e1ctica\" \/>\n<meta name=\"robots\" content=\"index, follow, max-snippet:-1, max-image-preview:large, max-video-preview:-1\" \/>\n<link rel=\"canonical\" href=\"https:\/\/normandielovers.fr\/es\/visitar-cathedrale-notre-dame-le-havre\/\" \/>\n<meta property=\"og:locale\" content=\"es_ES\" \/>\n<meta property=\"og:type\" content=\"article\" \/>\n<meta property=\"og:title\" content=\"Visite la catedral de Notre Dame en Le Havre (consejos + fotos)\" \/>\n<meta property=\"og:description\" content=\"Nuestros consejos y fotos para visitar la catedral de Notre-Dame de Le Havre: acceso, lugares de inter\u00e9s, informaci\u00f3n pr\u00e1ctica\" \/>\n<meta property=\"og:url\" content=\"https:\/\/normandielovers.fr\/es\/visitar-cathedrale-notre-dame-le-havre\/\" \/>\n<meta property=\"og:site_name\" content=\"Normandie Lovers\" \/>\n<meta property=\"article:published_time\" content=\"2023-09-02T06:41:18+00:00\" \/>\n<meta property=\"article:modified_time\" content=\"2024-08-12T15:39:21+00:00\" \/>\n<meta property=\"og:image\" content=\"https:\/\/normandielovers.fr\/wp-content\/uploads\/2023\/09\/visitar-Notre-Dame-catedral-Le-Havre.jpeg\" \/>\n\t<meta property=\"og:image:width\" content=\"800\" \/>\n\t<meta property=\"og:image:height\" content=\"600\" \/>\n\t<meta property=\"og:image:type\" content=\"image\/jpeg\" \/>\n<meta name=\"author\" content=\"Emmanuel ROBINSON\" \/>\n<meta name=\"twitter:card\" content=\"summary_large_image\" \/>\n<meta name=\"twitter:label1\" content=\"Escrito por\" \/>\n\t<meta name=\"twitter:data1\" content=\"Emmanuel ROBINSON\" \/>\n\t<meta name=\"twitter:label2\" content=\"Tiempo de lectura\" \/>\n\t<meta name=\"twitter:data2\" content=\"10 minutos\" \/>\n<script type=\"application\/ld+json\" class=\"yoast-schema-graph\">{\"@context\":\"https:\/\/schema.org\",\"@graph\":[{\"@type\":\"Article\",\"@id\":\"https:\/\/normandielovers.fr\/es\/visitar-cathedrale-notre-dame-le-havre\/#article\",\"isPartOf\":{\"@id\":\"https:\/\/normandielovers.fr\/es\/visitar-cathedrale-notre-dame-le-havre\/\"},\"author\":{\"name\":\"Emmanuel ROBINSON\",\"@id\":\"https:\/\/normandielovers.fr\/es\/#\/schema\/person\/185913b15460c48fa180794a4a17986c\"},\"headline\":\"Visite la catedral de Notre Dame en Le Havre (consejos + fotos)\",\"datePublished\":\"2023-09-02T06:41:18+00:00\",\"dateModified\":\"2024-08-12T15:39:21+00:00\",\"mainEntityOfPage\":{\"@id\":\"https:\/\/normandielovers.fr\/es\/visitar-cathedrale-notre-dame-le-havre\/\"},\"wordCount\":1991,\"publisher\":{\"@id\":\"https:\/\/normandielovers.fr\/es\/#organization\"},\"image\":{\"@id\":\"https:\/\/normandielovers.fr\/es\/visitar-cathedrale-notre-dame-le-havre\/#primaryimage\"},\"thumbnailUrl\":\"https:\/\/normandielovers.fr\/wp-content\/uploads\/2023\/09\/visitar-Notre-Dame-catedral-Le-Havre.jpeg\",\"articleSection\":[\"Le Havre y alrededores\"],\"inLanguage\":\"es\"},{\"@type\":\"WebPage\",\"@id\":\"https:\/\/normandielovers.fr\/es\/visitar-cathedrale-notre-dame-le-havre\/\",\"url\":\"https:\/\/normandielovers.fr\/es\/visitar-cathedrale-notre-dame-le-havre\/\",\"name\":\"Visite la catedral de Notre Dame en Le Havre (consejos + fotos)\",\"isPartOf\":{\"@id\":\"https:\/\/normandielovers.fr\/es\/#website\"},\"primaryImageOfPage\":{\"@id\":\"https:\/\/normandielovers.fr\/es\/visitar-cathedrale-notre-dame-le-havre\/#primaryimage\"},\"image\":{\"@id\":\"https:\/\/normandielovers.fr\/es\/visitar-cathedrale-notre-dame-le-havre\/#primaryimage\"},\"thumbnailUrl\":\"https:\/\/normandielovers.fr\/wp-content\/uploads\/2023\/09\/visitar-Notre-Dame-catedral-Le-Havre.jpeg\",\"datePublished\":\"2023-09-02T06:41:18+00:00\",\"dateModified\":\"2024-08-12T15:39:21+00:00\",\"description\":\"Nuestros consejos y fotos para visitar la catedral de Notre-Dame de Le Havre: acceso, lugares de inter\u00e9s, informaci\u00f3n pr\u00e1ctica\",\"breadcrumb\":{\"@id\":\"https:\/\/normandielovers.fr\/es\/visitar-cathedrale-notre-dame-le-havre\/#breadcrumb\"},\"inLanguage\":\"es\",\"potentialAction\":[{\"@type\":\"ReadAction\",\"target\":[\"https:\/\/normandielovers.fr\/es\/visitar-cathedrale-notre-dame-le-havre\/\"]}]},{\"@type\":\"ImageObject\",\"inLanguage\":\"es\",\"@id\":\"https:\/\/normandielovers.fr\/es\/visitar-cathedrale-notre-dame-le-havre\/#primaryimage\",\"url\":\"https:\/\/normandielovers.fr\/wp-content\/uploads\/2023\/09\/visitar-Notre-Dame-catedral-Le-Havre.jpeg\",\"contentUrl\":\"https:\/\/normandielovers.fr\/wp-content\/uploads\/2023\/09\/visitar-Notre-Dame-catedral-Le-Havre.jpeg\",\"width\":800,\"height\":600,\"caption\":\"visitar Notre Dame catedral Le Havre\"},{\"@type\":\"BreadcrumbList\",\"@id\":\"https:\/\/normandielovers.fr\/es\/visitar-cathedrale-notre-dame-le-havre\/#breadcrumb\",\"itemListElement\":[{\"@type\":\"ListItem\",\"position\":1,\"name\":\"Home\",\"item\":\"https:\/\/normandielovers.fr\/es\/\"},{\"@type\":\"ListItem\",\"position\":2,\"name\":\"Le Havre y alrededores\",\"item\":\"https:\/\/normandielovers.fr\/es\/le-havre-y-alrededores\/\"},{\"@type\":\"ListItem\",\"position\":3,\"name\":\"Visite la catedral de Notre Dame en Le Havre (consejos + fotos)\"}]},{\"@type\":\"WebSite\",\"@id\":\"https:\/\/normandielovers.fr\/es\/#website\",\"url\":\"https:\/\/normandielovers.fr\/es\/\",\"name\":\"Normandie Lovers\",\"description\":\"Para despertar sus sentidos en Normand\u00eda - El blog de Claire y Manu\",\"publisher\":{\"@id\":\"https:\/\/normandielovers.fr\/es\/#organization\"},\"potentialAction\":[{\"@type\":\"SearchAction\",\"target\":{\"@type\":\"EntryPoint\",\"urlTemplate\":\"https:\/\/normandielovers.fr\/es\/?s={search_term_string}\"},\"query-input\":{\"@type\":\"PropertyValueSpecification\",\"valueRequired\":true,\"valueName\":\"search_term_string\"}}],\"inLanguage\":\"es\"},{\"@type\":\"Organization\",\"@id\":\"https:\/\/normandielovers.fr\/es\/#organization\",\"name\":\"Normandie Lovers\",\"url\":\"https:\/\/normandielovers.fr\/es\/\",\"logo\":{\"@type\":\"ImageObject\",\"inLanguage\":\"es\",\"@id\":\"https:\/\/normandielovers.fr\/es\/#\/schema\/logo\/image\/\",\"url\":\"https:\/\/normandielovers.fr\/wp-content\/uploads\/2022\/11\/Normandie-Lovers-Logo-Blog-de-viajes.png\",\"contentUrl\":\"https:\/\/normandielovers.fr\/wp-content\/uploads\/2022\/11\/Normandie-Lovers-Logo-Blog-de-viajes.png\",\"width\":2884,\"height\":863,\"caption\":\"Normandie Lovers\"},\"image\":{\"@id\":\"https:\/\/normandielovers.fr\/es\/#\/schema\/logo\/image\/\"}},{\"@type\":\"Person\",\"@id\":\"https:\/\/normandielovers.fr\/es\/#\/schema\/person\/185913b15460c48fa180794a4a17986c\",\"name\":\"Emmanuel ROBINSON\",\"image\":{\"@type\":\"ImageObject\",\"inLanguage\":\"es\",\"@id\":\"https:\/\/secure.gravatar.com\/avatar\/897632b7b4a4e190d0d38f0ad2f7acfbc9e8983aca4007a07fde256f9c794073?s=96&d=mm&r=g\",\"url\":\"https:\/\/secure.gravatar.com\/avatar\/897632b7b4a4e190d0d38f0ad2f7acfbc9e8983aca4007a07fde256f9c794073?s=96&d=mm&r=g\",\"contentUrl\":\"https:\/\/secure.gravatar.com\/avatar\/897632b7b4a4e190d0d38f0ad2f7acfbc9e8983aca4007a07fde256f9c794073?s=96&d=mm&r=g\",\"caption\":\"Emmanuel ROBINSON\"},\"sameAs\":[\"https:\/\/normandielovers.fr\/emmanuel-robinson\/\"],\"url\":\"https:\/\/normandielovers.fr\/es\/author\/emmanuel\/\"}]}<\/script>\n<!-- \/ Yoast SEO plugin. -->","yoast_head_json":{"title":"Visite la catedral de Notre Dame en Le Havre (consejos + fotos)","description":"Nuestros consejos y fotos para visitar la catedral de Notre-Dame de Le Havre: acceso, lugares de inter\u00e9s, informaci\u00f3n pr\u00e1ctica","robots":{"index":"index","follow":"follow","max-snippet":"max-snippet:-1","max-image-preview":"max-image-preview:large","max-video-preview":"max-video-preview:-1"},"canonical":"https:\/\/normandielovers.fr\/es\/visitar-cathedrale-notre-dame-le-havre\/","og_locale":"es_ES","og_type":"article","og_title":"Visite la catedral de Notre Dame en Le Havre (consejos + fotos)","og_description":"Nuestros consejos y fotos para visitar la catedral de Notre-Dame de Le Havre: acceso, lugares de inter\u00e9s, informaci\u00f3n pr\u00e1ctica","og_url":"https:\/\/normandielovers.fr\/es\/visitar-cathedrale-notre-dame-le-havre\/","og_site_name":"Normandie Lovers","article_published_time":"2023-09-02T06:41:18+00:00","article_modified_time":"2024-08-12T15:39:21+00:00","og_image":[{"width":800,"height":600,"url":"https:\/\/normandielovers.fr\/wp-content\/uploads\/2023\/09\/visitar-Notre-Dame-catedral-Le-Havre.jpeg","type":"image\/jpeg"}],"author":"Emmanuel ROBINSON","twitter_card":"summary_large_image","twitter_misc":{"Escrito por":"Emmanuel ROBINSON","Tiempo de lectura":"10 minutos"},"schema":{"@context":"https:\/\/schema.org","@graph":[{"@type":"Article","@id":"https:\/\/normandielovers.fr\/es\/visitar-cathedrale-notre-dame-le-havre\/#article","isPartOf":{"@id":"https:\/\/normandielovers.fr\/es\/visitar-cathedrale-notre-dame-le-havre\/"},"author":{"name":"Emmanuel ROBINSON","@id":"https:\/\/normandielovers.fr\/es\/#\/schema\/person\/185913b15460c48fa180794a4a17986c"},"headline":"Visite la catedral de Notre Dame en Le Havre (consejos + fotos)","datePublished":"2023-09-02T06:41:18+00:00","dateModified":"2024-08-12T15:39:21+00:00","mainEntityOfPage":{"@id":"https:\/\/normandielovers.fr\/es\/visitar-cathedrale-notre-dame-le-havre\/"},"wordCount":1991,"publisher":{"@id":"https:\/\/normandielovers.fr\/es\/#organization"},"image":{"@id":"https:\/\/normandielovers.fr\/es\/visitar-cathedrale-notre-dame-le-havre\/#primaryimage"},"thumbnailUrl":"https:\/\/normandielovers.fr\/wp-content\/uploads\/2023\/09\/visitar-Notre-Dame-catedral-Le-Havre.jpeg","articleSection":["Le Havre y alrededores"],"inLanguage":"es"},{"@type":"WebPage","@id":"https:\/\/normandielovers.fr\/es\/visitar-cathedrale-notre-dame-le-havre\/","url":"https:\/\/normandielovers.fr\/es\/visitar-cathedrale-notre-dame-le-havre\/","name":"Visite la catedral de Notre Dame en Le Havre (consejos + fotos)","isPartOf":{"@id":"https:\/\/normandielovers.fr\/es\/#website"},"primaryImageOfPage":{"@id":"https:\/\/normandielovers.fr\/es\/visitar-cathedrale-notre-dame-le-havre\/#primaryimage"},"image":{"@id":"https:\/\/normandielovers.fr\/es\/visitar-cathedrale-notre-dame-le-havre\/#primaryimage"},"thumbnailUrl":"https:\/\/normandielovers.fr\/wp-content\/uploads\/2023\/09\/visitar-Notre-Dame-catedral-Le-Havre.jpeg","datePublished":"2023-09-02T06:41:18+00:00","dateModified":"2024-08-12T15:39:21+00:00","description":"Nuestros consejos y fotos para visitar la catedral de Notre-Dame de Le Havre: acceso, lugares de inter\u00e9s, informaci\u00f3n pr\u00e1ctica","breadcrumb":{"@id":"https:\/\/normandielovers.fr\/es\/visitar-cathedrale-notre-dame-le-havre\/#breadcrumb"},"inLanguage":"es","potentialAction":[{"@type":"ReadAction","target":["https:\/\/normandielovers.fr\/es\/visitar-cathedrale-notre-dame-le-havre\/"]}]},{"@type":"ImageObject","inLanguage":"es","@id":"https:\/\/normandielovers.fr\/es\/visitar-cathedrale-notre-dame-le-havre\/#primaryimage","url":"https:\/\/normandielovers.fr\/wp-content\/uploads\/2023\/09\/visitar-Notre-Dame-catedral-Le-Havre.jpeg","contentUrl":"https:\/\/normandielovers.fr\/wp-content\/uploads\/2023\/09\/visitar-Notre-Dame-catedral-Le-Havre.jpeg","width":800,"height":600,"caption":"visitar Notre Dame catedral Le Havre"},{"@type":"BreadcrumbList","@id":"https:\/\/normandielovers.fr\/es\/visitar-cathedrale-notre-dame-le-havre\/#breadcrumb","itemListElement":[{"@type":"ListItem","position":1,"name":"Home","item":"https:\/\/normandielovers.fr\/es\/"},{"@type":"ListItem","position":2,"name":"Le Havre y alrededores","item":"https:\/\/normandielovers.fr\/es\/le-havre-y-alrededores\/"},{"@type":"ListItem","position":3,"name":"Visite la catedral de Notre Dame en Le Havre (consejos + fotos)"}]},{"@type":"WebSite","@id":"https:\/\/normandielovers.fr\/es\/#website","url":"https:\/\/normandielovers.fr\/es\/","name":"Normandie Lovers","description":"Para despertar sus sentidos en Normand\u00eda - El blog de Claire y Manu","publisher":{"@id":"https:\/\/normandielovers.fr\/es\/#organization"},"potentialAction":[{"@type":"SearchAction","target":{"@type":"EntryPoint","urlTemplate":"https:\/\/normandielovers.fr\/es\/?s={search_term_string}"},"query-input":{"@type":"PropertyValueSpecification","valueRequired":true,"valueName":"search_term_string"}}],"inLanguage":"es"},{"@type":"Organization","@id":"https:\/\/normandielovers.fr\/es\/#organization","name":"Normandie Lovers","url":"https:\/\/normandielovers.fr\/es\/","logo":{"@type":"ImageObject","inLanguage":"es","@id":"https:\/\/normandielovers.fr\/es\/#\/schema\/logo\/image\/","url":"https:\/\/normandielovers.fr\/wp-content\/uploads\/2022\/11\/Normandie-Lovers-Logo-Blog-de-viajes.png","contentUrl":"https:\/\/normandielovers.fr\/wp-content\/uploads\/2022\/11\/Normandie-Lovers-Logo-Blog-de-viajes.png","width":2884,"height":863,"caption":"Normandie Lovers"},"image":{"@id":"https:\/\/normandielovers.fr\/es\/#\/schema\/logo\/image\/"}},{"@type":"Person","@id":"https:\/\/normandielovers.fr\/es\/#\/schema\/person\/185913b15460c48fa180794a4a17986c","name":"Emmanuel ROBINSON","image":{"@type":"ImageObject","inLanguage":"es","@id":"https:\/\/secure.gravatar.com\/avatar\/897632b7b4a4e190d0d38f0ad2f7acfbc9e8983aca4007a07fde256f9c794073?s=96&d=mm&r=g","url":"https:\/\/secure.gravatar.com\/avatar\/897632b7b4a4e190d0d38f0ad2f7acfbc9e8983aca4007a07fde256f9c794073?s=96&d=mm&r=g","contentUrl":"https:\/\/secure.gravatar.com\/avatar\/897632b7b4a4e190d0d38f0ad2f7acfbc9e8983aca4007a07fde256f9c794073?s=96&d=mm&r=g","caption":"Emmanuel ROBINSON"},"sameAs":["https:\/\/normandielovers.fr\/emmanuel-robinson\/"],"url":"https:\/\/normandielovers.fr\/es\/author\/emmanuel\/"}]}},"featured_image_src":"https:\/\/normandielovers.fr\/wp-content\/uploads\/2023\/09\/visitar-Notre-Dame-catedral-Le-Havre-600x400.jpeg","featured_image_src_square":"https:\/\/normandielovers.fr\/wp-content\/uploads\/2023\/09\/visitar-Notre-Dame-catedral-Le-Havre-600x600.jpeg","author_info":{"display_name":"Emmanuel ROBINSON","author_link":"https:\/\/normandielovers.fr\/es\/author\/emmanuel\/"},"_links":{"self":[{"href":"https:\/\/normandielovers.fr\/es\/wp-json\/wp\/v2\/posts\/12203","targetHints":{"allow":["GET"]}}],"collection":[{"href":"https:\/\/normandielovers.fr\/es\/wp-json\/wp\/v2\/posts"}],"about":[{"href":"https:\/\/normandielovers.fr\/es\/wp-json\/wp\/v2\/types\/post"}],"author":[{"embeddable":true,"href":"https:\/\/normandielovers.fr\/es\/wp-json\/wp\/v2\/users\/2"}],"replies":[{"embeddable":true,"href":"https:\/\/normandielovers.fr\/es\/wp-json\/wp\/v2\/comments?post=12203"}],"version-history":[{"count":0,"href":"https:\/\/normandielovers.fr\/es\/wp-json\/wp\/v2\/posts\/12203\/revisions"}],"wp:featuredmedia":[{"embeddable":true,"href":"https:\/\/normandielovers.fr\/es\/wp-json\/wp\/v2\/media\/12198"}],"wp:attachment":[{"href":"https:\/\/normandielovers.fr\/es\/wp-json\/wp\/v2\/media?parent=12203"}],"wp:term":[{"taxonomy":"category","embeddable":true,"href":"https:\/\/normandielovers.fr\/es\/wp-json\/wp\/v2\/categories?post=12203"},{"taxonomy":"post_tag","embeddable":true,"href":"https:\/\/normandielovers.fr\/es\/wp-json\/wp\/v2\/tags?post=12203"}],"curies":[{"name":"wp","href":"https:\/\/api.w.org\/{rel}","templated":true}]}}